{"id":10352,"date":"2015-03-21T18:25:54","date_gmt":"2015-03-21T17:25:54","guid":{"rendered":"http:\/\/www.roccopoliti.it\/?p=10352"},"modified":"2015-03-21T18:27:58","modified_gmt":"2015-03-21T17:27:58","slug":"cosa-frena-i-paesi-occidentali-a-tutelare-i-propri-popoli-da-pratiche-illegali-2132015","status":"publish","type":"post","link":"http:\/\/www.roccopoliti.it\/?p=10352","title":{"rendered":"COSA FRENA I PAESI OCCIDENTALI A TUTELARE I PROPRI POPOLI DA PRATICHE ILLEGALI? 21\/3\/2015"},"content":{"rendered":"<p style=\"text-align: center;\"><a href=\"http:\/\/www.roccopoliti.it\/wp-content\/uploads\/2015\/03\/editoria-bassa.jpg\"><img loading=\"lazy\" decoding=\"async\" class=\"alignnone size-full wp-image-10353\" src=\"http:\/\/www.roccopoliti.it\/wp-content\/uploads\/2015\/03\/editoria-bassa.jpg\" alt=\"editoria-bassa\" width=\"518\" height=\"346\" \/><\/a><\/p>\n<p style=\"text-align: center;\"><span style=\"color: #ff0000;\"><span style=\"font-family: Arial, sans-serif;\"><span style=\"font-size: x-large;\"><b>COSA FRENA <\/b><\/span><\/span><\/span><\/p>\n<p style=\"text-align: center;\"><span style=\"color: #ff0000;\"><span style=\"font-family: Arial, sans-serif;\"><span style=\"font-size: x-large;\"><b>I PAESI OCCIDENTALI <\/b><\/span><\/span><\/span><\/p>\n<p style=\"text-align: center;\"><span style=\"color: #ff0000;\"><span style=\"font-family: Arial, sans-serif;\"><span style=\"font-size: x-large;\"><b>A TUTELARE I PROPRI POPOLI <\/b><\/span><\/span><\/span><\/p>\n<p style=\"text-align: center;\"><span style=\"color: #ff0000;\"><span style=\"font-family: Arial, sans-serif;\"><span style=\"font-size: x-large;\"><b>DA PRATICHE ILLEGALI?<\/b><\/span><\/span><\/span><\/p>\n<p><span style=\"color: #222222;\"><span style=\"font-family: Arial, sans-serif;\"><span style=\"font-size: medium;\">Le democrazie occidentali possono fermare l&#8217;estremismo religioso dei testimoni di Geova e le loro pratiche illegali?<\/span><\/span><\/span><\/p>\n<p><span style=\"color: #222222;\"><span style=\"font-family: Arial, sans-serif;\"><span style=\"font-size: medium;\">Qualcuno dir\u00e0, che nei paesi occidentali c&#8217;\u00e8 la libert\u00e0 di religione e che i tdG non fanno nulla di male.<\/span><\/span><\/span><\/p>\n<p><span style=\"color: #222222;\"><span style=\"font-family: Arial, sans-serif;\"><span style=\"font-size: medium;\">Purtroppo le cose stanno diversamente in quanto pochi sanno delle pratiche &#8221; medioevali &#8221; come:<\/span><\/span><\/span><\/p>\n<p><span style=\"color: #222222;\"><span style=\"font-family: Arial, sans-serif;\"><span style=\"font-size: medium;\">&#8211; l&#8217;ostracismo a chi viene disassociato da un comitato giudiziario interno<\/span><\/span><\/span><\/p>\n<p><span style=\"color: #222222;\"><span style=\"font-family: Arial, sans-serif;\"><span style=\"font-size: medium;\">&#8211; comitati sanitari per imporre il divieto di trasfusione di sangue<\/span><\/span><\/span><\/p>\n<p><span style=\"color: #222222;\"><span style=\"font-family: Arial, sans-serif;\"><span style=\"font-size: medium;\">&#8211; la pressione da parte dei vertici a non denunciare reati come i casi di pedofilia,che hanno portato a tantissime vittime e tantissime persone costrette a subire danni e dover stare in silenzio.<\/span><\/span><\/span><\/p>\n<p><span style=\"color: #222222;\"><span style=\"font-family: Arial, sans-serif;\"><span style=\"font-size: medium;\">L&#8217;anno scorso ci ha provato la Finlandia a mettere un freno a queste pratiche. <\/span><\/span><\/span><\/p>\n<p><span style=\"color: #222222;\"><span style=\"font-family: Arial, sans-serif;\"><span style=\"font-size: medium;\">Il ministro della giustizia si \u00e8 fatto dare il libro &#8221; segreto &#8221; degli anziani e ci sono stati dei colloqui con i vertici della Bethel finlandese. <\/span><\/span><\/span><\/p>\n<p><span style=\"color: #222222;\"><span style=\"font-family: Arial, sans-serif;\"><span style=\"font-size: medium;\">Il tutto \u00e8 terminato in una conferenza stampa congiunta dove il ministro ha ribadito che in Finlandia i reati vanno denunciati e non risolti &#8221; all&#8217;interno &#8221; mentre il capo della Bethel locale si \u00e8 fatto bello davanti ai giornalisti confermando la massima intesa con il governo. <\/span><\/span><\/span><\/p>\n<p><span style=\"color: #222222;\"><span style=\"font-family: Arial, sans-serif;\"><span style=\"font-size: medium;\">Nel frattempo \u00e8 passato un anno e non \u00e8 cambiato assolutamente &#8221; NULLA&#8221;.<\/span><\/span><\/span><\/p>\n<p><span style=\"color: #222222;\"><span style=\"font-family: Arial, sans-serif;\"><span style=\"font-size: medium;\">In Inghilterra, dove alcune congregazioni hanno rifiutato di collaborare con la giustizia e addirittura fatto sparire dei documenti relativi a cause in corso ci sono alcuni venti tdG sott&#8217;inchiesta. <\/span><\/span><\/span><\/p>\n<p><span style=\"color: #222222;\"><span style=\"font-family: Arial, sans-serif;\"><span style=\"font-size: medium;\">Probabilmente anche qui finir\u00e0 in un nulla di fatto.<\/span><\/span><\/span><\/p>\n<p><span style=\"color: #222222;\"><span style=\"font-family: Arial, sans-serif;\"><span style=\"font-size: medium;\">\u00c8 veramente assurdo, che solo paesi come la Cina e la Russia riescono a capire e smascherare le pratiche &#8221; oscure &#8221; dei testimoni di Geova per poi intervenire ( magari perch\u00e8 per secoli hanno usato gli stessi metodi per &#8221; governare e tenere a bada &#8221; i loro popoli ).<\/span><\/span><\/span><\/p>\n<p><span style=\"color: #222222;\"><span style=\"font-family: Arial, sans-serif;\"><span style=\"font-size: medium;\">Hanno costituito delle commissioni che si sono occupati di leggere la loro letteratura arrivando alla conclusione, che:<\/span><\/span><\/span><\/p>\n<p><span style=\"color: #222222;\"><span style=\"font-family: Arial, sans-serif;\"><span style=\"font-size: medium;\">&#8211; non si rispetta la religione degli altri ( Babilonia la grande&#8230; )<\/span><\/span><\/span><\/p>\n<p><span style=\"color: #222222;\"><span style=\"font-family: Arial, sans-serif;\"><span style=\"font-size: medium;\">&#8211; grande disprezzo per l&#8217;Onu ( pur avendone fatto parte per 10 anni )<\/span><\/span><\/span><\/p>\n<p><span style=\"color: #222222;\"><span style=\"font-family: Arial, sans-serif;\"><span style=\"font-size: medium;\">&#8211; disprezzo per i gay<\/span><\/span><\/span><\/p>\n<p><span style=\"color: #222222;\"><span style=\"font-family: Arial, sans-serif;\"><span style=\"font-size: medium;\">&#8211; l&#8217;impossibilt\u00e0 di abbandonare la religione senza subire conseguenze.<\/span><\/span><\/span><\/p>\n<p><span style=\"color: #222222;\"><span style=\"font-family: Arial, sans-serif;\"><span style=\"font-size: medium;\">&#8211; etc.etc.<\/span><\/span><\/span><\/p>\n<p><span style=\"color: #222222;\"><span style=\"font-family: Arial, sans-serif;\"><span style=\"font-size: medium;\">Aggiungiamo poi i comitati giudiziari, sanitari e il forte condizionamento a denunciare i reati, c&#8217;\u00e8 da chiedersi cosa stiano aspettando le autorit\u00e0 giudiziarie dei paesi &#8221; civili &#8221; nel rileggere l&#8217;art.9 della convenzione per la salvaguardia dei diritti umani;<\/span><\/span><\/span><\/p>\n<p><span style=\"color: #0000ff;\"><span style=\"font-family: Arial, sans-serif;\"><span style=\"font-size: medium;\"><b>Articolo 9 \u2013 Libert\u00e0 di pensiero, di coscienza e di religione<\/b><\/span><\/span><\/span><\/p>\n<p><span style=\"color: #0000ff;\"><span style=\"font-family: Arial, sans-serif;\"><span style=\"font-size: medium;\"><b>1. Ogni persona ha diritto alla libert\u00e0 di pensiero, di coscienza e di religione; tale diritto include la libert\u00e0 di cambiare di religione o di credo e la libert\u00e0 di manifestare la propria religione o credo individualmente o collettivamente, sia in pubblico che in privato, mediante il culto, l\u2019insegnamento, le pratiche e l\u2019osservanza dei riti.<\/b><\/span><\/span><\/span><\/p>\n<p><span style=\"color: #0000ff;\"><span style=\"font-family: Arial, sans-serif;\"><span style=\"font-size: medium;\"><b>2. La libert\u00e0 di manifestare la propria religione o il proprio credo pu\u00f2 essere oggetto di quelle sole restrizioni che, stabilite per legge, costituiscono misure necessarie in una societ\u00e0 democratica, per la protezione dell\u2019ordine pubblico, della salute o della morale pubblica, o per la protezione dei diritti e della libert\u00e0 altrui.<\/b><\/span><\/span><\/span><\/p>\n<h2 style=\"text-align: center;\"><span style=\"color: #800000;\"><strong>Dal corrispondente QUO VADIS a.p.s. della Liguria<\/strong><\/span><\/h2>\n<p><a href=\"http:\/\/www.roccopoliti.it\/wp-content\/uploads\/2014\/09\/Q-QUO-VADIS-FB21.jpg\"><img loading=\"lazy\" decoding=\"async\" src=\"http:\/\/www.roccopoliti.it\/wp-content\/uploads\/2014\/09\/Q-QUO-VADIS-FB21.jpg\" alt=\"Q-QUO-VADIS-FB21\" width=\"1000\" height=\"379\" \/><\/a><\/p>\n<h2 style=\"text-align: center;\" align=\"LEFT\"><span style=\"color: #ff0000;\"><strong>Sostenete la pagina di QUO Vadis a.p.s.<\/strong><\/span><\/h2>\n<h2 style=\"text-align: center;\" align=\"LEFT\"><span style=\"color: #ff0000;\"><strong>cliccate mi piace su<\/strong><\/span><\/h2>\n<h2 style=\"text-align: center;\" align=\"LEFT\"><span style=\"color: #0000ff;\"><strong>&gt;&gt;\u00a0<a style=\"color: #0000ff;\" href=\"https:\/\/www.facebook.com\/quovadisaps\">https:\/\/www.facebook.com\/quovadisaps<\/a>\u00a0&lt;&lt;<\/strong><\/span><\/h2>\n<h2 style=\"text-align: center;\" align=\"LEFT\"><span style=\"color: #0000ff;\"><strong><span style=\"color: #ff0000;\">&lt;&lt;&lt;&lt;&lt; \u00a0 &gt;&gt;&gt;&gt;&gt;<\/span><\/strong><\/span><\/h2>\n<h2 style=\"text-align: center;\" align=\"CENTER\"><span style=\"color: #0000ff;\">\u00a0quovadis.aps@gmail.com<\/span><\/h2>\n<h2 style=\"text-align: center;\" align=\"CENTER\"><span style=\"color: #0000ff;\">telefono \u00a0392 1539014<\/span><\/h2>\n<p style=\"text-align: justify;\" align=\"LEFT\"><span style=\"text-decoration: underline;\"><strong><span style=\"color: #993300;\"><em><span style=\"font-family: Verdana, Arial, Helvetica, sans-serif;\"><span style=\"font-size: medium;\">Gli articoli apparsi su questo blog possono essere riprodotti liberamente, sia in formato elettronico che su carta, a condizione che non si cambi nulla e che si specifichi la fonte.<\/span><\/span><\/em><\/span><\/strong><\/span><\/p>\n","protected":false},"excerpt":{"rendered":"<p>COSA FRENA I PAESI OCCIDENTALI A TUTELARE I PROPRI POPOLI DA PRATICHE ILLEGALI? Le democrazie occidentali possono fermare l&#8217;estremismo religioso dei testimoni di Geova e le loro pratiche illegali? Qualcuno dir\u00e0, che nei paesi occidentali c&#8217;\u00e8 la libert\u00e0 di religione e che i tdG non fanno nulla di male. Purtroppo le cose stanno diversamente in [&hellip;]<\/p>\n","protected":false},"author":1,"featured_media":0,"comment_status":"closed","ping_status":"open","sticky":false,"template":"","format":"standard","meta":{"footnotes":""},"categories":[58],"tags":[],"class_list":["post-10352","post","type-post","status-publish","format-standard","hentry","category-riflessione"],"views":3213,"_links":{"self":[{"href":"http:\/\/www.roccopoliti.it\/index.php?rest_route=\/wp\/v2\/posts\/10352","targetHints":{"allow":["GET"]}}],"collection":[{"href":"http:\/\/www.roccopoliti.it\/index.php?rest_route=\/wp\/v2\/posts"}],"about":[{"href":"http:\/\/www.roccopoliti.it\/index.php?rest_route=\/wp\/v2\/types\/post"}],"author":[{"embeddable":true,"href":"http:\/\/www.roccopoliti.it\/index.php?rest_route=\/wp\/v2\/users\/1"}],"replies":[{"embeddable":true,"href":"http:\/\/www.roccopoliti.it\/index.php?rest_route=%2Fwp%2Fv2%2Fcomments&post=10352"}],"version-history":[{"count":2,"href":"http:\/\/www.roccopoliti.it\/index.php?rest_route=\/wp\/v2\/posts\/10352\/revisions"}],"predecessor-version":[{"id":10355,"href":"http:\/\/www.roccopoliti.it\/index.php?rest_route=\/wp\/v2\/posts\/10352\/revisions\/10355"}],"wp:attachment":[{"href":"http:\/\/www.roccopoliti.it\/index.php?rest_route=%2Fwp%2Fv2%2Fmedia&parent=10352"}],"wp:term":[{"taxonomy":"category","embeddable":true,"href":"http:\/\/www.roccopoliti.it\/index.php?rest_route=%2Fwp%2Fv2%2Fcategories&post=10352"},{"taxonomy":"post_tag","embeddable":true,"href":"http:\/\/www.roccopoliti.it\/index.php?rest_route=%2Fwp%2Fv2%2Ftags&post=10352"}],"curies":[{"name":"wp","href":"https:\/\/api.w.org\/{rel}","templated":true}]}}