{"id":10400,"date":"2015-03-27T15:56:31","date_gmt":"2015-03-27T14:56:31","guid":{"rendered":"http:\/\/www.roccopoliti.it\/?p=10400"},"modified":"2015-03-27T16:22:23","modified_gmt":"2015-03-27T15:22:23","slug":"eventi-a-rimini-violenza-contro-le-donne-come-affrontarla-esiste-una-soluzione-2732015","status":"publish","type":"post","link":"http:\/\/www.roccopoliti.it\/?p=10400","title":{"rendered":"MILANO, AREZZO, ORA ANCHE RIMINI. DA QUALE PARTE STA LO STATO ITALIANO? 27\/3\/2015"},"content":{"rendered":"<p style=\"text-align: center;\"><span style=\"color: #000000;\"><span style=\"font-family: Arial, sans-serif;\"><span style=\"font-size: medium;\"><span style=\"font-size: x-large; color: #ff0000;\"><b>Eventi a Rimini\u00a0<\/b><\/span><\/span><\/span><\/span><\/p>\n<p style=\"text-align: center;\"><span style=\"color: #000000;\"><span style=\"font-family: Arial, sans-serif;\"><span style=\"font-size: medium;\"><span style=\"font-size: x-large; color: #ff0000;\"><b>&#8220;VIOLENZA CONTRO LE DONNE. <\/b><\/span><\/span><\/span><\/span><\/p>\n<p style=\"text-align: center;\"><span style=\"color: #000000;\"><span style=\"font-family: Arial, sans-serif;\"><span style=\"font-size: medium;\"><span style=\"font-size: x-large; color: #ff0000;\"><b>COME AFFRONTARLA.<\/b><\/span><\/span><\/span><\/span><\/p>\n<p style=\"text-align: center;\"><span style=\"color: #000000;\"><span style=\"font-family: Arial, sans-serif;\"><span style=\"font-size: medium;\"><span style=\"font-size: x-large; color: #ff0000;\"><b> ESISTE UNA SOLUZIONE? &#8221;\u00a0<\/b><\/span><br \/>\n<\/span><\/span><\/span><br \/>\n<a href=\"http:\/\/www.roccopoliti.it\/wp-content\/uploads\/2015\/03\/violenza-contro-le-donne.-come-affrontarla.-esiste-una-soluzione-.jpg\"><img loading=\"lazy\" decoding=\"async\" class=\"alignnone size-full wp-image-10401\" src=\"http:\/\/www.roccopoliti.it\/wp-content\/uploads\/2015\/03\/violenza-contro-le-donne.-come-affrontarla.-esiste-una-soluzione-.jpg\" alt=\"violenza contro le donne. come affrontarla. esiste una soluzione-\" width=\"800\" height=\"600\" \/><\/a><\/p>\n<p><span style=\"color: #000000;\"><span style=\"font-family: Arial, sans-serif;\"><span style=\"font-size: medium;\">Mostra tematica gratuita allestita nella sala dell&#8217;Arengo in Piazza Cavour a Rimini dal 13 al 26 aprile. La mostra \u00e8 patrocinata dai comuni di Rimini, Santarcangelo di Romagna, Poggio Torriana, San Leo e San Clemente.<\/span><\/span><\/span><\/p>\n<p><span style=\"color: #000000;\"><span style=\"font-family: Arial, sans-serif;\"><span style=\"font-size: medium;\">La mostra attraverso articoli mirati e video, svilupper\u00e0 la definizione, le cause e le conseguenze fisiche ed emotive, derivanti da maltrattamenti o abusi, ricevuti sia nel contesto sociale in genere,che nell&#8217;ambiente familiare.\u00a0 A quest&#8217;ultimo viene data una particolare attenzione, in quanto in questo ambito pu\u00f2 essere ancora pi\u00f9 difficile riconoscere e affrontare i problemi. Il percorso evidenzier\u00e0, tramite consigli mirati, come trovare la forza per contrastare questa piaga;\u00a0 non solo per affrontare abusi e violenze sotto l&#8217;aspetto emotivo e pratico, ma anche per riconoscere potenziali segnali premonitori all&#8217;interno di una relazione sentimentale.<\/span><\/span><\/span><\/p>\n<p><span style=\"color: #000000;\"><span style=\"font-family: Arial, sans-serif;\"><span style=\"font-size: medium;\">Interessante sar\u00e0 il focus sulla gestione del rapporto di coppia, in cui si metter\u00e0 in risalto come fare prevalere rispetto e amore reciproco. L&#8217;obiettivo della mostra \u00e8 fornire aiuto per chi ne \u00e8 vittima, ma anche informare sulla gravit\u00e0 delle conseguenze che derivano dalla mancanza di riguardo e apprezzamento nei confronti delle donne.<\/span><\/span><\/span><\/p>\n<p><span style=\"color: #000000;\"><span style=\"font-family: Arial, sans-serif;\"><span style=\"font-size: medium;\">Particolare attenzione si \u00e8 prestata ai visitatori non udenti e non vedenti. L&#8217;intero percorso \u00e8 infatti strutturato in modo da poter essere interamente accessibile e fruibile, sia attraverso ausili informatici e audiovisivi che tramite assistenza offerta da personale appositamente formato.<\/span><\/span><\/span><\/p>\n<p><a href=\"http:\/\/www.roccopoliti.it\/wp-content\/uploads\/2014\/09\/Q-QUO-VADIS-FB21.jpg\"><img loading=\"lazy\" decoding=\"async\" src=\"http:\/\/www.roccopoliti.it\/wp-content\/uploads\/2014\/09\/Q-QUO-VADIS-FB21.jpg\" alt=\"Q-QUO-VADIS-FB21\" width=\"1000\" height=\"379\" \/><\/a><\/p>\n<h2 style=\"text-align: center;\" align=\"LEFT\"><span style=\"color: #ff0000;\"><strong>Sostenete la pagina di QUO Vadis a.p.s.<\/strong><\/span><\/h2>\n<h2 style=\"text-align: center;\" align=\"LEFT\"><span style=\"color: #ff0000;\"><strong>cliccate mi piace su<\/strong><\/span><\/h2>\n<h2 style=\"text-align: center;\" align=\"LEFT\"><span style=\"color: #0000ff;\"><strong>&gt;&gt;\u00a0<a style=\"color: #0000ff;\" href=\"https:\/\/www.facebook.com\/quovadisaps\">https:\/\/www.facebook.com\/quovadisaps<\/a>\u00a0&lt;&lt;<\/strong><\/span><\/h2>\n<h2 style=\"text-align: center;\" align=\"LEFT\"><span style=\"color: #0000ff;\"><strong><span style=\"color: #ff0000;\">&lt;&lt;&lt;&lt;&lt; \u00a0 &gt;&gt;&gt;&gt;&gt;<\/span><\/strong><\/span><\/h2>\n<h2 style=\"text-align: center;\" align=\"CENTER\"><span style=\"color: #0000ff;\">\u00a0quovadis.aps@gmail.com<\/span><\/h2>\n<h2 style=\"text-align: center;\" align=\"CENTER\"><span style=\"color: #0000ff;\">telefono \u00a0392 1539014<\/span><\/h2>\n<p style=\"text-align: left;\" align=\"LEFT\"><strong><span style=\"color: #993300;\"><em><span style=\"font-family: Verdana, Arial, Helvetica, sans-serif;\"><span style=\"font-size: medium;\">Gli articoli apparsi su questo blog possono essere riprodotti liberamente, sia in formato elettronico che su carta, a condizione che non si cambi nulla e che si specifichi la fonte.<\/span><\/span><\/em><\/span><\/strong><\/p>\n","protected":false},"excerpt":{"rendered":"<p>Eventi a Rimini\u00a0 &#8220;VIOLENZA CONTRO LE DONNE. COME AFFRONTARLA. ESISTE UNA SOLUZIONE? &#8221;\u00a0 Mostra tematica gratuita allestita nella sala dell&#8217;Arengo in Piazza Cavour a Rimini dal 13 al 26 aprile. La mostra \u00e8 patrocinata dai comuni di Rimini, Santarcangelo di Romagna, Poggio Torriana, San Leo e San Clemente. La mostra attraverso articoli mirati e video, [&hellip;]<\/p>\n","protected":false},"author":1,"featured_media":0,"comment_status":"closed","ping_status":"open","sticky":false,"template":"","format":"standard","meta":{"footnotes":""},"categories":[58],"tags":[],"class_list":["post-10400","post","type-post","status-publish","format-standard","hentry","category-riflessione"],"views":2754,"_links":{"self":[{"href":"http:\/\/www.roccopoliti.it\/index.php?rest_route=\/wp\/v2\/posts\/10400","targetHints":{"allow":["GET"]}}],"collection":[{"href":"http:\/\/www.roccopoliti.it\/index.php?rest_route=\/wp\/v2\/posts"}],"about":[{"href":"http:\/\/www.roccopoliti.it\/index.php?rest_route=\/wp\/v2\/types\/post"}],"author":[{"embeddable":true,"href":"http:\/\/www.roccopoliti.it\/index.php?rest_route=\/wp\/v2\/users\/1"}],"replies":[{"embeddable":true,"href":"http:\/\/www.roccopoliti.it\/index.php?rest_route=%2Fwp%2Fv2%2Fcomments&post=10400"}],"version-history":[{"count":6,"href":"http:\/\/www.roccopoliti.it\/index.php?rest_route=\/wp\/v2\/posts\/10400\/revisions"}],"predecessor-version":[{"id":10407,"href":"http:\/\/www.roccopoliti.it\/index.php?rest_route=\/wp\/v2\/posts\/10400\/revisions\/10407"}],"wp:attachment":[{"href":"http:\/\/www.roccopoliti.it\/index.php?rest_route=%2Fwp%2Fv2%2Fmedia&parent=10400"}],"wp:term":[{"taxonomy":"category","embeddable":true,"href":"http:\/\/www.roccopoliti.it\/index.php?rest_route=%2Fwp%2Fv2%2Fcategories&post=10400"},{"taxonomy":"post_tag","embeddable":true,"href":"http:\/\/www.roccopoliti.it\/index.php?rest_route=%2Fwp%2Fv2%2Ftags&post=10400"}],"curies":[{"name":"wp","href":"https:\/\/api.w.org\/{rel}","templated":true}]}}