{"id":10449,"date":"2015-04-02T14:15:08","date_gmt":"2015-04-02T12:15:08","guid":{"rendered":"http:\/\/www.roccopoliti.it\/?p=10449"},"modified":"2015-05-03T18:11:52","modified_gmt":"2015-05-03T16:11:52","slug":"cameri-nuovo-centro-congressi-a-chi-giovera-232015","status":"publish","type":"post","link":"http:\/\/www.roccopoliti.it\/?p=10449","title":{"rendered":"CAMERI &#8211; NUOVO CENTRO CONGRESSI. A CHI GIOVERA&#8217;? 2\/4\/2015"},"content":{"rendered":"<p style=\"text-align: center;\" align=\"LEFT\"><span style=\"color: #000000;\"><span style=\"font-family: Arial, sans-serif;\"><span style=\"font-size: x-large;\"><b><a href=\"http:\/\/www.roccopoliti.it\/wp-content\/uploads\/2015\/04\/1368694_1427817159-kdPD-U10402666525352AED-700x394@LaStampa.it_.jpg\"><img loading=\"lazy\" decoding=\"async\" class=\"alignnone size-full wp-image-10450\" src=\"http:\/\/www.roccopoliti.it\/wp-content\/uploads\/2015\/04\/1368694_1427817159-kdPD-U10402666525352AED-700x394@LaStampa.it_.jpg\" alt=\"1368694_1427817159-kdPD-U10402666525352AED-700x394@LaStampa.it\" width=\"697\" height=\"394\" \/><\/a>\u00a0<\/b><\/span><\/span><\/span><\/p>\n<p align=\"LEFT\"><span style=\"color: #ff0000;\"><span style=\"font-family: Arial, sans-serif;\"><span style=\"font-size: x-large;\"><b>A Cameri lavori in corso per realizzare un centro congressi con auditorium da quattromila persone: sar\u00e0 pronto fra un anno <\/b><\/span><\/span><\/span><\/p>\n<p align=\"JUSTIFY\"><span style=\"color: #000000;\"><span style=\"font-family: Arial, sans-serif;\"><span style=\"font-size: medium;\">I Testimoni di Geova del Piemonte investono su Cameri: \u00e8 in costruzione una nuova sala delle assemblee destinata a diventare uno dei principali centri di istruzione biblica del territorio. A progettarla sono stati gli stessi fedeli grazie a un gruppo di volontari che opera con una ditta specializzata; provengono sia dai dintorni che da altre parti d\u2019Italia, come pure da Inghilterra, Germania, Svezia, Grecia e Francia. \u00a0<\/span><\/span><\/span><\/p>\n<p align=\"JUSTIFY\"><span style=\"color: #000000;\"><span style=\"font-family: Arial, sans-serif;\"><span style=\"font-size: medium;\">A Cameri si terranno i congressi che tre volte l\u2019anno vedono riunirsi i membri delle diverse comunit\u00e0 per approfondire la conoscenza della Bibbia. Sar\u00e0 collocata in un\u2019area gi\u00e0 utilizzata a questo scopo: la struttura precedente era infatti sorta sul sito di una piccola industria, ed \u00e8 stata utilizzata dalla fine degli anni ottanta fino all\u2019estate del 2012. <\/span><\/span><\/span><\/p>\n<p align=\"JUSTIFY\"><span style=\"color: #000000;\"><span style=\"font-family: Arial, sans-serif;\"><span style=\"font-size: medium;\">Nel novembre 2013 ha preso il via il cantiere per la ristrutturazione del complesso che sar\u00e0 pronto per la primavera del 2016: i lavori sono ormai a buon punto. La superficie del solo auditorium \u00e8 di 4.400 metri quadrati: potr\u00e0 ospitare circa 4 mila persone. Sar\u00e0 chiuso e climatizzato consentendo una migliore fruizione anche per i congressi estivi, che generalmente richiamano un maggior numero di persone. Il tetto \u00e8 sostenuto da capriate lunghe circa 47 metri in un\u2019unica campata senza pilastri. Particolare attenzione \u00e8 stata dedicata agli impianti di illuminazione, audio e video. Saranno ospitate anche assemblee per i sordi in lingua italiana dei segni, la Lis. <\/span><\/span><\/span><\/p>\n<p align=\"JUSTIFY\"><strong><span style=\"color: #0000ff;\"><span style=\"font-family: Lora, serif;\"><span style=\"font-size: large;\"><a style=\"color: #0000ff;\" href=\"http:\/\/www.lastampa.it\/2015\/04\/01\/edizioni\/novara\/fedeli-da-tutta-leuropa-costruiscono-la-maxisala-dei-testimoni-di-geova-0gy7fp1nZaG4AYA6rBfjYL\/pagina.html\"><span style=\"font-family: Arial, sans-serif;\"><span style=\"font-size: medium;\">http:\/\/www.lastampa.it\/2015\/04\/01\/edizioni\/novara\/fedeli-da-tutta-leuropa-costruiscono-la-maxisala-dei-testimoni-di-geova-0gy7fp1nZaG4AYA6rBfjYL\/pagina.html<\/span><\/span><\/a><\/span><\/span><\/span><\/strong><\/p>\n<p style=\"text-align: center;\" align=\"JUSTIFY\">&#8212;&#8212;&#8212;&#8212;&#8212;&#8212;&#8212;&#8212;&#8212;&#8212;&#8211;<\/p>\n<p align=\"JUSTIFY\"><span style=\"font-family: Arial, sans-serif;\"><span style=\"font-size: medium;\"><span style=\"color: #000000;\">Molti si chiedono: <\/span><span style=\"color: #222222;\">a chi giova questa mega-struttura che verr\u00e0 poco utilizzata, con elevati costi di manutenzione e realizzata in parte con manodopera gratuita. <\/span><\/span><\/span><\/p>\n<p align=\"JUSTIFY\"><span style=\"font-family: Arial, sans-serif;\"><span style=\"font-size: medium;\"><span style=\"color: #222222;\">A chi giova tutto questo?<\/span> <\/span><\/span><\/p>\n<p><a href=\"http:\/\/www.roccopoliti.it\/wp-content\/uploads\/2014\/09\/Q-QUO-VADIS-FB21.jpg\"><img loading=\"lazy\" decoding=\"async\" src=\"http:\/\/www.roccopoliti.it\/wp-content\/uploads\/2014\/09\/Q-QUO-VADIS-FB21.jpg\" alt=\"Q-QUO-VADIS-FB21\" width=\"1000\" height=\"379\" \/><\/a><\/p>\n<h2 style=\"text-align: center;\" align=\"LEFT\"><span style=\"color: #ff0000;\"><strong>Sostenete la pagina di QUO Vadis a.p.s.<\/strong><\/span><\/h2>\n<h2 style=\"text-align: center;\" align=\"LEFT\"><span style=\"color: #ff0000;\"><strong>cliccate mi piace su<\/strong><\/span><\/h2>\n<h2 style=\"text-align: center;\" align=\"LEFT\"><span style=\"color: #0000ff;\"><strong>&gt;&gt;\u00a0<a style=\"color: #0000ff;\" href=\"https:\/\/www.facebook.com\/quovadisaps\">https:\/\/www.facebook.com\/quovadisaps<\/a>\u00a0&lt;&lt;<\/strong><\/span><\/h2>\n<h2 style=\"text-align: center;\" align=\"LEFT\"><span style=\"color: #0000ff;\"><strong><span style=\"color: #ff0000;\">&lt;&lt;&lt;&lt;&lt; \u00a0 &gt;&gt;&gt;&gt;&gt;<\/span><\/strong><\/span><\/h2>\n<h2 style=\"text-align: center;\" align=\"CENTER\"><span style=\"color: #0000ff;\">\u00a0quovadis.aps@gmail.com<\/span><\/h2>\n<h2 style=\"text-align: center;\" align=\"CENTER\"><span style=\"color: #0000ff;\">telefono \u00a0392 1539014<\/span><\/h2>\n<p style=\"text-align: left;\" align=\"LEFT\"><strong><span style=\"color: #993300;\"><em><span style=\"font-family: Verdana, Arial, Helvetica, sans-serif;\"><span style=\"font-size: medium;\">Gli articoli apparsi su questo blog possono essere riprodotti liberamente, sia in formato elettronico che su carta, a condizione che non si cambi nulla e che si specifichi la fonte.<\/span><\/span><\/em><\/span><\/strong><\/p>\n","protected":false},"excerpt":{"rendered":"<p>\u00a0 A Cameri lavori in corso per realizzare un centro congressi con auditorium da quattromila persone: sar\u00e0 pronto fra un anno I Testimoni di Geova del Piemonte investono su Cameri: \u00e8 in costruzione una nuova sala delle assemblee destinata a diventare uno dei principali centri di istruzione biblica del territorio. A progettarla sono stati gli [&hellip;]<\/p>\n","protected":false},"author":1,"featured_media":0,"comment_status":"closed","ping_status":"open","sticky":false,"template":"","format":"standard","meta":{"footnotes":""},"categories":[270],"tags":[],"class_list":["post-10449","post","type-post","status-publish","format-standard","hentry","category-notizia"],"views":4826,"_links":{"self":[{"href":"http:\/\/www.roccopoliti.it\/index.php?rest_route=\/wp\/v2\/posts\/10449","targetHints":{"allow":["GET"]}}],"collection":[{"href":"http:\/\/www.roccopoliti.it\/index.php?rest_route=\/wp\/v2\/posts"}],"about":[{"href":"http:\/\/www.roccopoliti.it\/index.php?rest_route=\/wp\/v2\/types\/post"}],"author":[{"embeddable":true,"href":"http:\/\/www.roccopoliti.it\/index.php?rest_route=\/wp\/v2\/users\/1"}],"replies":[{"embeddable":true,"href":"http:\/\/www.roccopoliti.it\/index.php?rest_route=%2Fwp%2Fv2%2Fcomments&post=10449"}],"version-history":[{"count":4,"href":"http:\/\/www.roccopoliti.it\/index.php?rest_route=\/wp\/v2\/posts\/10449\/revisions"}],"predecessor-version":[{"id":10729,"href":"http:\/\/www.roccopoliti.it\/index.php?rest_route=\/wp\/v2\/posts\/10449\/revisions\/10729"}],"wp:attachment":[{"href":"http:\/\/www.roccopoliti.it\/index.php?rest_route=%2Fwp%2Fv2%2Fmedia&parent=10449"}],"wp:term":[{"taxonomy":"category","embeddable":true,"href":"http:\/\/www.roccopoliti.it\/index.php?rest_route=%2Fwp%2Fv2%2Fcategories&post=10449"},{"taxonomy":"post_tag","embeddable":true,"href":"http:\/\/www.roccopoliti.it\/index.php?rest_route=%2Fwp%2Fv2%2Ftags&post=10449"}],"curies":[{"name":"wp","href":"https:\/\/api.w.org\/{rel}","templated":true}]}}