{"id":1283,"date":"2013-04-17T16:22:31","date_gmt":"2013-04-17T14:22:31","guid":{"rendered":"http:\/\/www.roccopoliti.it\/?p=1283"},"modified":"2013-04-17T16:22:47","modified_gmt":"2013-04-17T14:22:47","slug":"rinviata-la-fine-del-mondo-testimoni-di-geova","status":"publish","type":"post","link":"http:\/\/www.roccopoliti.it\/?p=1283","title":{"rendered":"Rinviata la Fine del Mondo &#8211; Testimoni di Geova."},"content":{"rendered":"<h1 style=\"text-align: center;\"><span style=\"color: #ff0000;\"><strong><a href=\"http:\/\/giorgionadali.wordpress.com\/2012\/12\/16\/rinviata-la-fine-del-mondo-voli-regolari\/\"><span style=\"color: #ff0000;\"><span style=\"font-family: Georgia, 'Times New Roman', Times, serif;\">Rinviata la Fine del Mondo. <\/span><\/span><\/a><\/strong><\/span><\/h1>\n<h1 style=\"text-align: center;\"><span style=\"color: #ff0000;\"><strong><a href=\"http:\/\/giorgionadali.wordpress.com\/2012\/12\/16\/rinviata-la-fine-del-mondo-voli-regolari\/\"><span style=\"color: #ff0000;\"><span style=\"font-family: Georgia, 'Times New Roman', Times, serif;\">Voli regolari<\/span><\/span><\/a><\/strong><\/span><\/h1>\n<p><span style=\"color: #000000;\"><span style=\"font-family: Arial, sans-serif;\"><span style=\"font-size: medium;\"><i><b>di\u00a0<\/b><\/i><\/span><\/span><\/span><a href=\"http:\/\/giorgionadali.wordpress.com\/author\/giorgionadali\/\"><span style=\"color: #000000;\"><span style=\"font-family: Arial, sans-serif;\"><span style=\"font-size: medium;\"><span style=\"text-decoration: underline;\"><b>giorgionadali<\/b><\/span><\/span><\/span><\/span><\/a><span style=\"color: #000000;\"><span style=\"font-family: Arial, sans-serif;\"><span style=\"font-size: medium;\"><b>\u00a0<\/b><\/span><\/span><\/span><span style=\"color: #000000;\"><span style=\"font-family: Arial, sans-serif;\"><span style=\"font-size: medium;\"><i><b>in\u00a0<\/b><\/i><\/span><\/span><\/span><a href=\"http:\/\/giorgionadali.wordpress.com\/category\/attualita\/\"><span style=\"color: #000000;\"><span style=\"font-family: Arial, sans-serif;\"><span style=\"font-size: medium;\"><b>Attualit\u00e0<\/b><\/span><\/span><\/span><\/a><span style=\"color: #000000;\"><span style=\"font-family: Arial, sans-serif;\"><span style=\"font-size: medium;\"><i><b>,\u00a0<\/b><\/i><\/span><\/span><\/span><a href=\"http:\/\/giorgionadali.wordpress.com\/category\/chiesa\/\"><span style=\"color: #000000;\"><span style=\"font-family: Arial, sans-serif;\"><span style=\"font-size: medium;\"><b>Chiesa<\/b><\/span><\/span><\/span><\/a><span style=\"color: #000000;\"><span style=\"font-family: Arial, sans-serif;\"><span style=\"font-size: medium;\"><i><b>,\u00a0<\/b><\/i><\/span><\/span><\/span><a href=\"http:\/\/giorgionadali.wordpress.com\/category\/cristianesimo\/\"><span style=\"color: #000000;\"><span style=\"font-family: Arial, sans-serif;\"><span style=\"font-size: medium;\"><b>cristianesimo<\/b><\/span><\/span><\/span><\/a><span style=\"color: #000000;\"><span style=\"font-family: Arial, sans-serif;\"><span style=\"font-size: medium;\"><i><b>,\u00a0<\/b><\/i><\/span><\/span><\/span><a href=\"http:\/\/giorgionadali.wordpress.com\/category\/curiosita\/\"><span style=\"color: #000000;\"><span style=\"font-family: Arial, sans-serif;\"><span style=\"font-size: medium;\"><b>Curiosit\u00e0<\/b><\/span><\/span><\/span><\/a><span style=\"color: #000000;\"><span style=\"font-family: Arial, sans-serif;\"><span style=\"font-size: medium;\"><i><b>,\u00a0<\/b><\/i><\/span><\/span><\/span><a href=\"http:\/\/giorgionadali.wordpress.com\/category\/religione\/\"><span style=\"color: #000000;\"><span style=\"font-family: Arial, sans-serif;\"><span style=\"font-size: medium;\"><b>Religione<\/b><\/span><\/span><\/span><\/a><span style=\"color: #000000;\"><span style=\"font-family: Arial, sans-serif;\"><span style=\"font-size: medium;\"><i><b>,\u00a0<\/b><\/i><\/span><\/span><\/span><a href=\"http:\/\/giorgionadali.wordpress.com\/category\/religioni\/\"><span style=\"color: #000000;\"><span style=\"font-family: Arial, sans-serif;\"><span style=\"font-size: medium;\"><b>Religioni<\/b><\/span><\/span><\/span><\/a><span style=\"color: #000000;\"><span style=\"font-family: Arial, sans-serif;\"><span style=\"font-size: medium;\"><i><b>,\u00a0<\/b><\/i><\/span><\/span><\/span><a href=\"http:\/\/giorgionadali.wordpress.com\/category\/societa\/\"><span style=\"color: #000000;\"><span style=\"font-family: Arial, sans-serif;\"><span style=\"font-size: medium;\"><b>Societ\u00e0<\/b><\/span><\/span><\/span><\/a><span style=\"color: #000000;\"><span style=\"font-family: Arial, sans-serif;\"><span style=\"font-size: medium;\"><i><b>,<\/b><\/i><\/span><\/span><\/span><span style=\"color: #000000;\"><span style=\"font-family: Arial, sans-serif;\"><span style=\"font-size: medium;\"><b><a href=\"http:\/\/giorgionadali.wordpress.com\/category\/temi-scottanti\/\">Temi scottanti<\/a>\u00a0<\/b><\/span><\/span><\/span><span style=\"color: #000000;\"><span style=\"font-family: Arial, sans-serif;\"><span style=\"font-size: medium;\"><i><b>Etichette:\u00a0<\/b><\/i><\/span><\/span><\/span><a href=\"http:\/\/giorgionadali.wordpress.com\/tag\/2012\/\"><span style=\"color: #000000;\"><span style=\"font-family: Arial, sans-serif;\"><span style=\"font-size: medium;\"><b>2012<\/b><\/span><\/span><\/span><\/a><span style=\"color: #000000;\"><span style=\"font-family: Arial, sans-serif;\"><span style=\"font-size: medium;\"><i><b>,\u00a0<\/b><\/i><\/span><\/span><\/span><a href=\"http:\/\/giorgionadali.wordpress.com\/tag\/2060\/\"><span style=\"color: #000000;\"><span style=\"font-family: Arial, sans-serif;\"><span style=\"font-size: medium;\"><b>2060<\/b><\/span><\/span><\/span><\/a><span style=\"color: #000000;\"><span style=\"font-family: Arial, sans-serif;\"><span style=\"font-size: medium;\"><i><b>,\u00a0<\/b><\/i><\/span><\/span><\/span><a href=\"http:\/\/giorgionadali.wordpress.com\/tag\/21-dicembre\/\"><span style=\"color: #000000;\"><span style=\"font-family: Arial, sans-serif;\"><span style=\"font-size: medium;\"><b>21 dicembre<\/b><\/span><\/span><\/span><\/a><span style=\"color: #000000;\"><span style=\"font-family: Arial, sans-serif;\"><span style=\"font-size: medium;\"><i><b>,\u00a0<\/b><\/i><\/span><\/span><\/span><a href=\"http:\/\/giorgionadali.wordpress.com\/tag\/2116\/\"><span style=\"color: #000000;\"><span style=\"font-family: Arial, sans-serif;\"><span style=\"font-size: medium;\"><b>2116<\/b><\/span><\/span><\/span><\/a><span style=\"color: #000000;\"><span style=\"font-family: Arial, sans-serif;\"><span style=\"font-size: medium;\"><i><b>,\u00a0<\/b><\/i><\/span><\/span><\/span><a href=\"http:\/\/giorgionadali.wordpress.com\/tag\/apocalisse\/\"><span style=\"color: #000000;\"><span style=\"font-family: Arial, sans-serif;\"><span style=\"font-size: medium;\"><b>apocalisse<\/b><\/span><\/span><\/span><\/a><span style=\"color: #000000;\"><span style=\"font-family: Arial, sans-serif;\"><span style=\"font-size: medium;\"><i><b>,\u00a0<\/b><\/i><\/span><\/span><\/span><a href=\"http:\/\/giorgionadali.wordpress.com\/tag\/end-of-the-world\/\"><span style=\"color: #000000;\"><span style=\"font-family: Arial, sans-serif;\"><span style=\"font-size: medium;\"><b>end of the world<\/b><\/span><\/span><\/span><\/a><span style=\"color: #000000;\"><span style=\"font-family: Arial, sans-serif;\"><span style=\"font-size: medium;\"><i><b>,\u00a0<\/b><\/i><\/span><\/span><\/span><a href=\"http:\/\/giorgionadali.wordpress.com\/tag\/fine-dei-tempi\/\"><span style=\"color: #000000;\"><span style=\"font-family: Arial, sans-serif;\"><span style=\"font-size: medium;\"><b>fine dei tempi<\/b><\/span><\/span><\/span><\/a><span style=\"color: #000000;\"><span style=\"font-family: Arial, sans-serif;\"><span style=\"font-size: medium;\"><i><b>,\u00a0<\/b><\/i><\/span><\/span><\/span><a href=\"http:\/\/giorgionadali.wordpress.com\/tag\/fine-del-mondo\/\"><span style=\"color: #000000;\"><span style=\"font-family: Arial, sans-serif;\"><span style=\"font-size: medium;\"><b>fine del mondo<\/b><\/span><\/span><\/span><\/a><span style=\"color: #000000;\"><span style=\"font-family: Arial, sans-serif;\"><span style=\"font-size: medium;\"><i><b>,\u00a0<\/b><\/i><\/span><\/span><\/span><a href=\"http:\/\/giorgionadali.wordpress.com\/tag\/maya\/\"><span style=\"color: #000000;\"><span style=\"font-family: Arial, sans-serif;\"><span style=\"font-size: medium;\"><b>maya<\/b><\/span><\/span><\/span><\/a><span style=\"color: #000000;\"><span style=\"font-family: Arial, sans-serif;\"><span style=\"font-size: medium;\"><i><b>,\u00a0<\/b><\/i><\/span><\/span><\/span><a href=\"http:\/\/giorgionadali.wordpress.com\/tag\/nostradamus\/\"><span style=\"color: #000000;\"><span style=\"font-family: Arial, sans-serif;\"><span style=\"font-size: medium;\"><b>nostradamus<\/b><\/span><\/span><\/span><\/a><span style=\"color: #000000;\"><span style=\"font-family: Arial, sans-serif;\"><span style=\"font-size: medium;\"><i><b>,\u00a0<\/b><\/i><\/span><\/span><\/span><a href=\"http:\/\/giorgionadali.wordpress.com\/tag\/testimoni-di-geova\/\"><span style=\"color: #000000;\"><span style=\"font-family: Arial, sans-serif;\"><span style=\"font-size: medium;\"><b>testimoni di geova<\/b><\/span><\/span><\/span><\/a><span style=\"color: #000000;\"><span style=\"font-family: Arial, sans-serif;\"><span style=\"font-size: medium;\"><i><b>,\u00a0<\/b><\/i><\/span><\/span><\/span><a href=\"http:\/\/giorgionadali.wordpress.com\/tag\/vangelo\/\"><span style=\"color: #000000;\"><span style=\"font-family: Arial, sans-serif;\"><span style=\"font-size: medium;\"><b>vangelo<\/b><\/span><\/span><\/span><\/a><\/p>\n<h1><span style=\"color: #000000;\"><b><span style=\"font-family: Georgia, 'Times New Roman', Times, serif;\"><span style=\"font-size: xx-small;\">di Giorgio Nadali<\/span><\/span><\/b><\/span><\/h1>\n<p><span style=\"color: #000000;\"><b><span style=\"font-family: Georgia, 'Times New Roman', Times, serif;\">Punto riguardante i:<\/span><\/b><\/span><\/p>\n<p><span style=\"color: #453320;\"><span style=\"font-family: Arial, sans-serif;\"><span style=\"font-size: medium;\"><b>TESTIMONI DI GEOVA<\/b><\/span><\/span><\/span><\/p>\n<p><span style=\"color: #453320;\"><span style=\"font-family: Arial, sans-serif;\"><span style=\"font-size: medium;\">Il punto pi\u00f9 appariscente della dottrina dei Testimoni di Geova \u00e8 senza dubbio quello che riguarda la fine del mondo e dell\u2019umanit\u00e0 che essi chiamano, con un\u2019unica espressione, \u201cla fine dei tempi\u201d, dopo di che inizia l\u2019eternit\u00e0.<\/span><\/span><\/span><\/p>\n<p><span style=\"color: #453320;\"><span style=\"font-family: Arial, sans-serif;\"><span style=\"font-size: medium;\">Su questo argomento essi si mettono nella scia degli \u201cAvventisti\u201d (una setta religiosa nordamericana che credeva imminente il ritorno di Cristo) e affermano di essere ispirati da Geova stesso per trarre con sicurezza dalla Bibbia LA DATA PRECISA DELLA FINE DEI TEMPI.<\/span><\/span><\/span><\/p>\n<p><span style=\"color: #453320;\"><span style=\"font-family: Arial, sans-serif;\"><span style=\"font-size: medium;\">Sennonch\u00e9, a partire dal 1879 ad oggi, i Capi dei Testimoni di Geova hanno gi\u00e0 \u201crimandato ufficialmente\u201d per ben cinque o sei volte la scadenza fatale, ed il loro Capo attuale, Mr Knorr, per non correre troppi rischi, ha preferito lasciarla nel vago.<\/span><\/span><\/span><\/p>\n<p><span style=\"color: #453320;\"><span style=\"font-family: Arial, sans-serif;\"><span style=\"font-size: medium;\">1) Secondo loro IL MONDO DURER\u00c0 esattamente 49.000 anni, cifra che ricavano moltiplicando i 7 giorni della creazione per 7.000 .<\/span><\/span><\/span><\/p>\n<p><span style=\"color: #453320;\"><span style=\"font-family: Arial, sans-serif;\"><span style=\"font-size: medium;\">Poich\u00e9 di tali anni ne sono gi\u00e0 trascorsi 48.000 (Riproduciamo parzialmente una tabella pubblicata dai Testimoni di Geova ove la creazione del mondo, narrata nel libro della Genesi, \u00e8 identificata con l\u2019anno 46.026 prima di Cristo [a.E.V.]. Ora, 46.026 [trascorsi prima di Cristo] + 1.975 [trascorsi dopo Cristo] = 48.001 anni), se ne deduce che mancano circa 1.000 anni alla fine dei tempi, che avverr\u00e0 nel 2.975 (1.975 + 1.000).<\/span><\/span><\/span><\/p>\n<p><span style=\"color: #453320;\"><span style=\"font-family: Arial, sans-serif;\"><span style=\"font-size: medium;\">2) Inoltre, secondo loro, IL GENERE UMANO DURER\u00c0 in tutto 7.000 anni, cifra che ricavano moltiplicando i 7 giorni della creazione per 1.000 (Per far ci\u00f2 si basano sul Salmo 90, versetto 4, ove il Salmista per magnificare la eternit\u00e0 di Dio cos\u00ec lo prega: \u201cAi tuoi occhi mille anni sono come un giorno\u2026\u201d.<\/span><\/span><\/span><\/p>\n<p><span style=\"color: #453320;\"><span style=\"font-family: Arial, sans-serif;\"><span style=\"font-size: medium;\">3) Nel loro insegnamento attuale\u00a0 i Testimoni di Geova ci precisano che oggi stiamo vivendo in un periodo di tempo nel quale \u201cil mondo \u00e8 dominato da Governi influenzati da Satana\u201d (La verit\u00e0 che conduce alla vita eterna, Brooklyn, 1968, pag. 82. Tra i Governi od Organizzazioni umane aborrite dai Testimoni di Geova vi sono i Governi delle singole Nazioni, le Nazioni Unite, le Chiese, i partiti politici e perfino le imprese commerciali o produttive. Queste Organizzazioni umane sono viste come \u201cstrumenti di Satana\u201d, per cui servire ad esse \u00e8 servire a Satana), e cio\u00e8 DOMINATO DA UN SISTEMA MALVAGIO nel quale avvengono i delitti pi\u00f9 grandi: guerre, carestie, terremoti, illegalit\u00e0, e nel quale sorgono perfino\u2026 falsi profeti che tentano di ingannare la gente, come profetizzato nel Vangelo.<\/span><\/span><\/span><\/p>\n<p><span style=\"color: #453320;\"><span style=\"font-family: Arial, sans-serif;\"><span style=\"font-size: medium;\">4) Questo \u201cSistema malvagio\u201d tuttavia sta per cadere ed \u00e8 anzi AI SUOI \u201cULTIMI GIORNI\u201d.<\/span><\/span><\/span><\/p>\n<p><span style=\"color: #453320;\"><span style=\"font-family: Arial, sans-serif;\"><span style=\"font-size: medium;\">Gli \u201cultimi giorni\u201d del \u201cSistema malvagio\u201d sono iniziati esattamente nel 1914 quando Cristo prese possesso del suo Regno in Cielo, la presa di possesso del Regno da parte di Cristo [11\u00b0 avvento] fu fissata in un primo tempo da Russel nel 1874, ma poi spostata da Rutherford nel 19145), e si concluderanno entro una generazione a partire dal 1914 cio\u00e8 \u2013 precisa Knorr \u2013 \u201cquando saranno ancora in vita\u201d persone nate nel 1914 (Nathan Knorr si appoggia sulla frase pronunciata da Ges\u00f9: \u201cQuesta generazione non passer\u00e0 finch\u00e9 tutte queste cose siano avvenute\u201d [Mt. 24,34]. Egli si chiede: Quale generazione Ges\u00f9 aveva in mente? E risponde, senza la minima ombra di dubbio: La classe 1914! [cfr. La verit\u00e0, ecc., op. cit., pagg. 94-95]. In realt\u00e0 Ges\u00f9 si riferiva \u2013 come \u00e8 intuitivo \u2013 a coloro che lo ascoltavano, cio\u00e8 alla generazione allora vivente la quale avrebbe visto la fine del Tempio di Gerusalemme che effettivamente avvenne 40 anni dopo, nel 70 dopo Cristo, ad opera degli eserciti romani comandati da Tito).<\/span><\/span><\/span><\/p>\n<p><span style=\"color: #453320;\"><span style=\"font-family: Arial, sans-serif;\"><span style=\"font-size: medium;\">5) DURANTE QUESTI \u201cULTIMI GIORNI\u201d (che ormai volgono essi pure alla fine, essendo passati pi\u00f9 di 60 anni dal 1914) alcuni uomini possono ancora salvarsi. In che modo? Accogliendo la predicazione dei Testimoni di Geova. Gli altri verranno tutti annientati!<\/span><\/span><\/span><\/p>\n<p><span style=\"color: #453320;\"><span style=\"font-family: Arial, sans-serif;\"><span style=\"font-size: medium;\">6) ALLO SCADERE DEGLI \u201cULTIMI GIORNI\u201d del presente \u201cSistema malvagio\u201d, avverr\u00e0 LA GRANDE BATTAGLIA DI ARMAGHEDDON (Questa profezia \u00e8 tratta dal libro dell\u2019Apocalisse di San Giovanni. Le \u201cApocalissi\u201d erano libri molto diffusi al tempo del cristianesimo nascente, ove, con un linguaggio ricco di visioni, di simboli e di numeri simbolici, si profetizzavano eventi futuri.<\/span><\/span><\/span><a href=\"http:\/\/www.culturacattolica.it\/default.asp?id=160&amp;id_n=5132\"><span style=\"color: #000000;\"><span style=\"font-family: Arial, sans-serif;\"><span style=\"font-size: medium;\"><span style=\"text-decoration: underline;\">http:\/\/www.culturacattolica.it\/default.asp?id=160&amp;id_n=5132<\/span><\/span><\/span><\/span><\/a><\/p>\n<p>&nbsp;<\/p>\n<p><span style=\"text-decoration: underline; color: #0000ff;\"><strong><span style=\"font-family: Arial, sans-serif;\"><span style=\"font-size: medium;\"><a href=\"http:\/\/giorgionadali.wordpress.com\/tag\/testimoni-di-geova\/\"><span style=\"color: #0000ff; text-decoration: underline;\">http:\/\/giorgionadali.wordpress.com\/tag\/testimoni-di-geova\/<\/span><\/a> <\/span><\/span><\/strong><\/span><\/p>\n","protected":false},"excerpt":{"rendered":"<p>Rinviata la Fine del Mondo. Voli regolari di\u00a0giorgionadali\u00a0in\u00a0Attualit\u00e0,\u00a0Chiesa,\u00a0cristianesimo,\u00a0Curiosit\u00e0,\u00a0Religione,\u00a0Religioni,\u00a0Societ\u00e0,Temi scottanti\u00a0Etichette:\u00a02012,\u00a02060,\u00a021 dicembre,\u00a02116,\u00a0apocalisse,\u00a0end of the world,\u00a0fine dei tempi,\u00a0fine del mondo,\u00a0maya,\u00a0nostradamus,\u00a0testimoni di geova,\u00a0vangelo di Giorgio Nadali Punto riguardante i: TESTIMONI DI GEOVA Il punto pi\u00f9 appariscente della dottrina dei Testimoni di Geova \u00e8 senza dubbio quello che riguarda la fine del mondo e dell\u2019umanit\u00e0 che essi chiamano, con un\u2019unica [&hellip;]<\/p>\n","protected":false},"author":1,"featured_media":1094,"comment_status":"closed","ping_status":"open","sticky":false,"template":"","format":"standard","meta":{"footnotes":""},"categories":[20,4,50],"tags":[],"class_list":["post-1283","post","type-post","status-publish","format-standard","has-post-thumbnail","hentry","category-curiosita","category-documenti","category-web"],"views":3837,"_links":{"self":[{"href":"http:\/\/www.roccopoliti.it\/index.php?rest_route=\/wp\/v2\/posts\/1283","targetHints":{"allow":["GET"]}}],"collection":[{"href":"http:\/\/www.roccopoliti.it\/index.php?rest_route=\/wp\/v2\/posts"}],"about":[{"href":"http:\/\/www.roccopoliti.it\/index.php?rest_route=\/wp\/v2\/types\/post"}],"author":[{"embeddable":true,"href":"http:\/\/www.roccopoliti.it\/index.php?rest_route=\/wp\/v2\/users\/1"}],"replies":[{"embeddable":true,"href":"http:\/\/www.roccopoliti.it\/index.php?rest_route=%2Fwp%2Fv2%2Fcomments&post=1283"}],"version-history":[{"count":2,"href":"http:\/\/www.roccopoliti.it\/index.php?rest_route=\/wp\/v2\/posts\/1283\/revisions"}],"predecessor-version":[{"id":1285,"href":"http:\/\/www.roccopoliti.it\/index.php?rest_route=\/wp\/v2\/posts\/1283\/revisions\/1285"}],"wp:featuredmedia":[{"embeddable":true,"href":"http:\/\/www.roccopoliti.it\/index.php?rest_route=\/wp\/v2\/media\/1094"}],"wp:attachment":[{"href":"http:\/\/www.roccopoliti.it\/index.php?rest_route=%2Fwp%2Fv2%2Fmedia&parent=1283"}],"wp:term":[{"taxonomy":"category","embeddable":true,"href":"http:\/\/www.roccopoliti.it\/index.php?rest_route=%2Fwp%2Fv2%2Fcategories&post=1283"},{"taxonomy":"post_tag","embeddable":true,"href":"http:\/\/www.roccopoliti.it\/index.php?rest_route=%2Fwp%2Fv2%2Ftags&post=1283"}],"curies":[{"name":"wp","href":"https:\/\/api.w.org\/{rel}","templated":true}]}}