{"id":1534,"date":"2013-05-31T23:23:55","date_gmt":"2013-05-31T21:23:55","guid":{"rendered":"http:\/\/www.roccopoliti.it\/?p=1534"},"modified":"2013-06-02T15:09:02","modified_gmt":"2013-06-02T13:09:02","slug":"manifestazione-8-giugno-2013-tema-predominante-tecniche-ostracizzanti-messe-in-atto-dai-testimoni-di-geova","status":"publish","type":"post","link":"http:\/\/www.roccopoliti.it\/?p=1534","title":{"rendered":"Manifestazione 8 Giugno 2013 \u2013 Tema predominante &#8211; Tecniche ostracizzanti messe in atto dai Testimoni di Geova."},"content":{"rendered":"<h1 style=\"text-align: center;\" align=\"LEFT\"><span style=\"text-decoration: underline;\"><strong><span style=\"color: #ff0000; text-decoration: underline;\"><span style=\"font-size: x-large;\"><span style=\"font-family: Lucida Grande, Trebuchet MS, Verdana, Helvetica, Arial, sans-serif;\">Manifestazione 8 Giugno 2013 <\/span><\/span><\/span><\/strong><\/span><\/h1>\n<h1 style=\"text-align: center;\" align=\"LEFT\"><span style=\"text-decoration: underline;\"><strong><span style=\"color: #ff0000; text-decoration: underline;\"><span style=\"font-size: x-large;\"><span style=\"font-family: Lucida Grande, Trebuchet MS, Verdana, Helvetica, Arial, sans-serif;\">Tema predominante<\/span><\/span><\/span><\/strong><\/span><\/h1>\n<h1 style=\"text-align: center;\" align=\"LEFT\"><span style=\"text-decoration: underline;\"><strong><span style=\"color: #ff0000; text-decoration: underline;\"><span style=\"font-size: x-large;\"><span style=\"font-family: Lucida Grande, Trebuchet MS, Verdana, Helvetica, Arial, sans-serif;\"> Tecniche<\/span><\/span><span style=\"font-size: x-large;\"><span style=\"font-family: Lucida Grande, Trebuchet MS, Verdana, Helvetica, Arial, sans-serif;\"> ostracizzanti<\/span><\/span><\/span><\/strong><\/span><\/h1>\n<h1 style=\"text-align: center;\" align=\"LEFT\"><span style=\"text-decoration: underline;\"><strong><span style=\"color: #ff0000; text-decoration: underline;\"><span style=\"font-size: x-large;\"><span style=\"font-family: Lucida Grande, Trebuchet MS, Verdana, Helvetica, Arial, sans-serif;\"> messe in atto dai<\/span><\/span><\/span><\/strong><\/span><\/h1>\n<h1 style=\"text-align: center;\" align=\"LEFT\"><span style=\"text-decoration: underline;\"><strong><span style=\"color: #ff0000; text-decoration: underline;\"><span style=\"font-size: x-large;\"><span style=\"font-family: Lucida Grande, Trebuchet MS, Verdana, Helvetica, Arial, sans-serif;\"> Testimoni di Geova.<\/span><\/span><\/span><\/strong><\/span><\/h1>\n<p align=\"LEFT\"><span style=\"font-size: medium;\"><strong><span style=\"color: #000000;\"><span style=\"font-family: Arial, sans-serif;\"><span style=\"font-size: xx-small;\"><span style=\"text-decoration: underline;\">di z<a href=\"http:\/\/forum.infotdgeova.it\/memberlist.php?mode=viewprofile&amp;u=652\">apatero8<\/a><\/span><\/span><\/span><\/span><\/strong><\/span><\/p>\n<p align=\"LEFT\"><span style=\"font-size: medium;\"><span style=\"color: #333333;\"><span style=\"font-family: Lucida Grande, Trebuchet MS, Verdana, Helvetica, Arial, sans-serif;\">Era una fredda sera d&#8217;inverno mi incamminai nervosamente verso la Sala del Regno. Era un giorno &#8220;speciale&#8221;, il comitato Giudiziario doveva decidere se ero meritevole di restare nella sua &#8220;Santa Organizzazione&#8221;. Tanti anni dedicati a Geova non erano serviti a niente&#8230;in mezz&#8217;ora come era scontato e prevedibile fui sbattuto fuori dalla Congregazione&#8230;non servivo pi\u00f9 &#8230;proprio come una scarpa vecchia. Intorno a me si fece il buio pi\u00f9 totale, ero smarrito, tutto intorno avevano deciso di fare terra bruciata!!! Tutti gli amici pi\u00f9 cari si erano schierati per questa multinazionale&#8230;perfino i familiari avevano concluso che avevo fatto un qualcosa di grave ed indegno&#8230;dovevo PENTIRMI, STRISCIARE A TERRA E ASPETTARE IL PERDONO DEGLI ANZIANI ALLE CALENDE GRECHE.\u00a0<\/span><\/span> <span style=\"color: #333333;\"><span style=\"font-family: Lucida Grande, Trebuchet MS, Verdana, Helvetica, Arial, sans-serif;\">Questa \u00e8 la storia di Achille Lorenzi, Roberto di Stefano, Rocco Politi, di Raymond Franz, di tante teste teocratiche eccellenti che sono cadute alla follia teocratica Geovista, questa \u00e8 la storia di tanta gente comune entrata causalmente in questa Setta e uscita fuori in modo devastante, \u00e8 la storia di Sandra, di Sergio, Pasquale , di Pico e Pallino accusati di colpe gravissime che nella societ\u00e0 civile farebbe sorridere pure i polli. Espulso dalla setta per aver fumato una sigaretta, perch\u00e8 in fin di vita si decide di prendere una trasfusione, perch\u00e8 si \u00e8 giovane e si \u00e8 fatto sesso prematuramente prima del matrimonio, perch\u00e8 si \u00e8 dissentiti dalle favole dottrinali di questa Organizzazione matrigna che non \u00e8 aperta al confronto e alla critica. Fra poco, 8 Giugno 2013 ci sar\u00e0 a Roma Piazza <strong>Piazza S. Apostoli<\/strong> una Manifestazione il cui tema predominante verter\u00e0 sulle tecniche ostracizzanti di questa setta. Ci sono diecimila motivi per partecipare a questo evento ho assemblato questo video che ben spiega queste forti motivazioni.<\/span><\/span> <\/span><\/p>\n<p align=\"LEFT\"><object type=\"application\/x-shockwave-flash\" width=\"650\" height=\"547\" data=\"http:\/\/getembedplus.com\/embedplus.swf\" id=\"ep2615\">\r<param value=\"http:\/\/getembedplus.com\/embedplus.swf\" name=\"movie\" \/>\r<param value=\"high\" name=\"quality\" \/>\r<param value=\"transparent\" name=\"wmode\" \/>\r<param value=\"always\" name=\"allowscriptaccess\" \/>\r<param value=\"true\" name=\"allowFullScreen\" \/>\r<param name=\"flashvars\" value=\"ytid=fTehI_XfjO4&width=650&height=515&start=&stop=&rs=w&hd=0&autoplay=0&react=1&chapters=&notes=&sweetspot=0&amp;rs=w\" \/>\r<iframe loading=\"lazy\" class=\"cantembedplus\" title=\"YouTube video player\" width=\"650\" height=\"515\" src=\"http:\/\/www.youtube.com\/embed\/fTehI_XfjO4?fs=1\" frameborder=\"0\" allowfullscreen><\/iframe>\r<\/object><\/p>\n<h1 align=\"LEFT\"><span style=\"text-decoration: underline;\"><span style=\"color: #0000ff; text-decoration: underline;\">I miei personali complimenti a zapatero8<\/span><\/span><\/h1>\n","protected":false},"excerpt":{"rendered":"<p>Manifestazione 8 Giugno 2013 Tema predominante Tecniche ostracizzanti messe in atto dai Testimoni di Geova. di zapatero8 Era una fredda sera d&#8217;inverno mi incamminai nervosamente verso la Sala del Regno. Era un giorno &#8220;speciale&#8221;, il comitato Giudiziario doveva decidere se ero meritevole di restare nella sua &#8220;Santa Organizzazione&#8221;. Tanti anni dedicati a Geova non erano [&hellip;]<\/p>\n","protected":false},"author":1,"featured_media":1117,"comment_status":"closed","ping_status":"open","sticky":false,"template":"","format":"standard","meta":{"footnotes":""},"categories":[6,10],"tags":[],"class_list":["post-1534","post","type-post","status-publish","format-standard","has-post-thumbnail","hentry","category-manifestazioni","category-video"],"views":4182,"_links":{"self":[{"href":"http:\/\/www.roccopoliti.it\/index.php?rest_route=\/wp\/v2\/posts\/1534","targetHints":{"allow":["GET"]}}],"collection":[{"href":"http:\/\/www.roccopoliti.it\/index.php?rest_route=\/wp\/v2\/posts"}],"about":[{"href":"http:\/\/www.roccopoliti.it\/index.php?rest_route=\/wp\/v2\/types\/post"}],"author":[{"embeddable":true,"href":"http:\/\/www.roccopoliti.it\/index.php?rest_route=\/wp\/v2\/users\/1"}],"replies":[{"embeddable":true,"href":"http:\/\/www.roccopoliti.it\/index.php?rest_route=%2Fwp%2Fv2%2Fcomments&post=1534"}],"version-history":[{"count":13,"href":"http:\/\/www.roccopoliti.it\/index.php?rest_route=\/wp\/v2\/posts\/1534\/revisions"}],"predecessor-version":[{"id":1574,"href":"http:\/\/www.roccopoliti.it\/index.php?rest_route=\/wp\/v2\/posts\/1534\/revisions\/1574"}],"wp:featuredmedia":[{"embeddable":true,"href":"http:\/\/www.roccopoliti.it\/index.php?rest_route=\/wp\/v2\/media\/1117"}],"wp:attachment":[{"href":"http:\/\/www.roccopoliti.it\/index.php?rest_route=%2Fwp%2Fv2%2Fmedia&parent=1534"}],"wp:term":[{"taxonomy":"category","embeddable":true,"href":"http:\/\/www.roccopoliti.it\/index.php?rest_route=%2Fwp%2Fv2%2Fcategories&post=1534"},{"taxonomy":"post_tag","embeddable":true,"href":"http:\/\/www.roccopoliti.it\/index.php?rest_route=%2Fwp%2Fv2%2Ftags&post=1534"}],"curies":[{"name":"wp","href":"https:\/\/api.w.org\/{rel}","templated":true}]}}