{"id":1769,"date":"2013-06-29T00:30:52","date_gmt":"2013-06-28T22:30:52","guid":{"rendered":"http:\/\/www.roccopoliti.it\/?p=1769"},"modified":"2013-06-29T00:41:41","modified_gmt":"2013-06-28T22:41:41","slug":"testimoni-di-geova-lettera-disperata-di-una-disassociata-espulsa","status":"publish","type":"post","link":"http:\/\/www.roccopoliti.it\/?p=1769","title":{"rendered":"Testimoni di Geova &#8211; Lettera disperata di una disassociata (espulsa)"},"content":{"rendered":"<p>&nbsp;<\/p>\n<h1 style=\"text-align: center;\"><span style=\"color: #ff0000; text-decoration: underline;\"><strong><span style=\"text-decoration: underline;\"><span style=\"font-family: Arial, sans-serif;\"><span style=\"font-size: x-large;\">Testimoni di Geova<\/span><\/span><\/span><\/strong><\/span><\/h1>\n<h1 style=\"text-align: center;\"><span style=\"color: #ff0000; text-decoration: underline;\"><strong><span style=\"text-decoration: underline;\"><span style=\"font-family: Arial, sans-serif;\"><span style=\"font-size: x-large;\">Lettera disperata <\/span><\/span><\/span><\/strong><\/span><\/h1>\n<h1 style=\"text-align: center;\"><span style=\"color: #ff0000; text-decoration: underline;\"><strong><span style=\"text-decoration: underline;\"><span style=\"font-family: Arial, sans-serif;\"><span style=\"font-size: x-large;\">di una disassociata (espulsa)<\/span><\/span><\/span><span style=\"font-family: Arial, sans-serif;\"><span style=\"font-size: medium;\"><br \/>\n<\/span><\/span><\/strong><\/span><\/h1>\n<p><span style=\"color: #222222;\"><span style=\"font-family: Arial, sans-serif;\"><span style=\"font-size: medium;\">Ho ricevuto la seguente lettera a seguito della manifestazione contro l\u2019ostracismo perpetrato dai Testimoni di Geova, tenutasi davanti al Palazzo di Montecitorio il 1 dicembre 2010.<\/span><\/span><\/span><span style=\"color: #222222;\"><span style=\"font-family: Arial, sans-serif;\"><span style=\"font-size: medium;\">&#8212;&#8212;&#8212;&#8212;&#8212;&#8212;&#8212;&#8212;&#8212;&#8212;&#8212;&#8212;&#8212;&#8212;&#8212;&#8212;&#8212;&#8212;&#8212;&#8212;&#8212;&#8212;&#8212;&#8212;&#8212;&#8212;&#8212;&#8212;&#8212;&#8212;&#8212;&#8212;&#8212;&#8212;&#8212;&#8212;<\/span><\/span><\/span><span style=\"color: #222222;\"><span style=\"font-family: Arial, sans-serif;\"><span style=\"font-size: medium;\">Voglio camminare per strada con la mia mamma!<\/span><\/span><\/span><span style=\"font-family: Arial, sans-serif;\"><span style=\"font-size: medium;\"><br \/>\n<\/span><\/span><span style=\"color: #222222;\"><span style=\"font-family: Arial, sans-serif;\"><span style=\"font-size: medium;\">Perch\u00e9 non posso camminare in strada con la mia mamma, perch\u00e9 debbo continuare a vederla soffrire di nascosto? Perch\u00e9 debbo fuggire da lei se sta venendo un suo correligionario o il mio fratello carnale? Perch\u00e9 non posso vedere i miei nipoti?<\/span><\/span><\/span><span style=\"font-family: Arial, sans-serif;\"><span style=\"font-size: medium;\"><br \/>\n<\/span><\/span><span style=\"color: #222222;\"><span style=\"font-family: Arial, sans-serif;\"><span style=\"font-size: medium;\">Nel nome di quale Iddio Onnipotente \u00e8 sbagliato farlo?<\/span><\/span><\/span><span style=\"font-family: Arial, sans-serif;\"><span style=\"font-size: medium;\"><br \/>\n<\/span><\/span><span style=\"color: #222222;\"><span style=\"font-family: Arial, sans-serif;\"><span style=\"font-size: medium;\">So che quando leggerai questa lettera, ti sembrer\u00e0 di ascoltare una storia di altri tempi, quando ancora non c&#8217;era la coscienza che un uomo ha dei diritti fondamentali, eppure \u00e8 quello che accade a migliaia di italiani, un numero immensamente ignoto, perch\u00e9 tutti debbono ignorare le vittime silenziose, e non credere che la mia mamma sia cattiva! Anzi &#8230; Anche lei piange e soffre per questa situazione e non sa cosa fare.<\/span><\/span><\/span><span style=\"font-family: Arial, sans-serif;\"><span style=\"font-size: medium;\"><br \/>\n<\/span><\/span><span style=\"color: #222222;\"><span style=\"font-family: Arial, sans-serif;\"><span style=\"font-size: medium;\">Perch\u00e9 ci \u00e8 successo questo?<\/span><\/span><\/span><span style=\"font-family: Arial, sans-serif;\"><span style=\"font-size: medium;\"><br \/>\n<\/span><\/span><span style=\"color: #222222;\"><span style=\"font-family: Arial, sans-serif;\"><span style=\"font-size: medium;\">Sono nata in una famiglia di Testimoni di Geova, con il tempo mi sono battezzata professando di credere in tale confessione, in seguito ho messo su casa, poi sono stata espulsa.<\/span><\/span><\/span><span style=\"font-family: Arial, sans-serif;\"><span style=\"font-size: medium;\"><br \/>\n<\/span><\/span><span style=\"color: #222222;\"><span style=\"font-family: Arial, sans-serif;\"><span style=\"font-size: medium;\">Da allora \u00e8 cominciata la tragedia.\u00a0<\/span><\/span><\/span><span style=\"font-family: Arial, sans-serif;\"><span style=\"font-size: medium;\"><br \/>\n<\/span><\/span><span style=\"color: #222222;\"><span style=\"font-family: Arial, sans-serif;\"><span style=\"font-size: medium;\">A causa della mia espulsione, ogni Testimone di Geova del mondo \u00e8 obbligato moralmente a non rivolgermi pi\u00f9 la parola, a evitarmi accuratamente fino a quando non mostrer\u00f2 di essere pentita di quello che ho fatto, e generalmente lo fanno scrupolosamente. Questo vale per tutti, anche per i familiari stretti.\u00a0<\/span><\/span><\/span><span style=\"font-family: Arial, sans-serif;\"><span style=\"font-size: medium;\"><br \/>\n<\/span><\/span><span style=\"color: #222222;\"><span style=\"font-family: Arial, sans-serif;\"><span style=\"font-size: medium;\">Secondo le decisioni del Corpo Direttivo che guida i Testimoni di Geova sulle questioni dottrinali e sul modo di vivere, ai miei parenti stretti Testimoni \u00e8 concesso avere rapporti personali solo nel caso che \u00e8 richiesta la mia presenza per dei gravi problemi familiari. Eppure nel mondo nessuno si sognerebbe di dire ad una famiglia il cui componente ha veramente commesso un orribile delitto \u201cDimenticatelo, fate finta che sia morto\u201d.<\/span><\/span><\/span><span style=\"font-family: Arial, sans-serif;\"><span style=\"font-size: medium;\"><br \/>\n<\/span><\/span><span style=\"color: #222222;\"><span style=\"font-family: Arial, sans-serif;\"><span style=\"font-size: medium;\">E che delitto ho commesso per meritare questo?<\/span><\/span><\/span><span style=\"font-family: Arial, sans-serif;\"><span style=\"font-size: medium;\"><br \/>\n<\/span><\/span><span style=\"color: #222222;\"><span style=\"font-family: Arial, sans-serif;\"><span style=\"font-size: medium;\">Una sciocchezza!<\/span><\/span><\/span><span style=\"font-family: Arial, sans-serif;\"><span style=\"font-size: medium;\"><br \/>\n<\/span><\/span><span style=\"color: #222222;\"><span style=\"font-family: Arial, sans-serif;\"><span style=\"font-size: medium;\">Vi sembrer\u00e0 strano, eppure generalmente si viene sbattuti fuori per una sciocchezza.<\/span><\/span><\/span><span style=\"font-family: Arial, sans-serif;\"><span style=\"font-size: medium;\"><br \/>\n<\/span><\/span><span style=\"color: #222222;\"><span style=\"font-family: Arial, sans-serif;\"><span style=\"font-size: medium;\">Alcuni sono stati cacciati per aver fumato un paio di sigarette, altri per aver giocato qualche euro ad una lotteria, altri ancora per aver dichiarato delle opinioni diverse da quelle del Corpo Direttivo, qualcun altro perch\u00e9 si ostinava a parlare a espulsi come me.\u00a0<\/span><\/span><\/span><span style=\"font-family: Arial, sans-serif;\"><span style=\"font-size: medium;\"><br \/>\n<\/span><\/span><span style=\"color: #222222;\"><span style=\"font-family: Arial, sans-serif;\"><span style=\"font-size: medium;\">Conosco chi \u00e8 stato espulso perch\u00e9 ha ascoltato il dottore ed ha autorizzato una trasfusione di sangue al suo figlioletto morente!<\/span><\/span><\/span><span style=\"font-family: Arial, sans-serif;\"><span style=\"font-size: medium;\"><br \/>\n<\/span><\/span><span style=\"color: #222222;\"><span style=\"font-family: Arial, sans-serif;\"><span style=\"font-size: medium;\">Suo figlio vive, ma lui, come tutti noi espulsi \u00e8 per i testimoni di Geova un morto vivente, un appestato da evitare.<\/span><\/span><\/span><span style=\"font-family: Arial, sans-serif;\"><span style=\"font-size: medium;\"><br \/>\n<\/span><\/span><span style=\"color: #222222;\"><span style=\"font-family: Arial, sans-serif;\"><span style=\"font-size: medium;\">Possiamo porre fine al tormento solo chiedendo il loro perdono e per farlo dobbiamo umiliarci ai loro occhi per un anno e forse anche pi\u00f9 ma non sar\u00e0 mai pi\u00f9 come prima.<\/span><\/span><\/span><span style=\"font-family: Arial, sans-serif;\"><span style=\"font-size: medium;\"><br \/>\n<\/span><\/span><span style=\"color: #222222;\"><span style=\"font-family: Arial, sans-serif;\"><span style=\"font-size: medium;\">Rimarr\u00e0 per sempre in noi il marchio della vergogna, ti terranno sempre sotto osservazione. Mormoreranno:<\/span><\/span><\/span><span style=\"color: #222222;\"><span style=\"font-family: Arial, sans-serif;\"><span style=\"font-size: medium;\">&#8220;Doveva essere cattiva per essere espulsa.&#8221;<\/span><\/span><\/span><span style=\"color: #222222;\"><span style=\"font-family: Arial, sans-serif;\"><span style=\"font-size: medium;\">&#8220;Chiss\u00e0 che ha combinato. Ne avr\u00e0 fatto di tutti i colori!&#8221;<\/span><\/span><\/span><span style=\"font-family: Arial, sans-serif;\"><span style=\"font-size: medium;\"><br \/>\n<\/span><\/span><span style=\"color: #222222;\"><span style=\"font-family: Arial, sans-serif;\"><span style=\"font-size: medium;\">Alla fine quando rientri, gli altri ti perdonano un passato torbido e malvagio che non hai nemmeno immaginato di vivere , ma per me non le cose non andranno cos\u00ec.<\/span><\/span><\/span><span style=\"font-family: Arial, sans-serif;\"><span style=\"font-size: medium;\"><br \/>\n<\/span><\/span><span style=\"color: #222222;\"><span style=\"font-family: Arial, sans-serif;\"><span style=\"font-size: medium;\">Ho aperto gli occhi.<\/span><\/span><\/span><span style=\"font-family: Arial, sans-serif;\"><span style=\"font-size: medium;\"><br \/>\n<\/span><\/span><span style=\"color: #222222;\"><span style=\"font-family: Arial, sans-serif;\"><span style=\"font-size: medium;\">Ho visto che il mondo ha compreso che ogni uomo ha una dignit\u00e0 inalienabile. Ho anche imparato che Dio ama il peccatore pentito, che accoglie subito il trasgressore senza se e ma, senza umiliazioni e condizioni e sopratutto ho compreso che non avevo peccato. Troppo lieve era la mia colpa per essere chiamata peccato e se tornassi indietro chiedendo il loro perdono allora veramente peccherei agli occhi di Dio e violenterei la mia coscienza e la mia dignit\u00e0 di essere umano. Cos\u00ec tutto rimane come prima con la mia anima che sanguina ogni giorno.<\/span><\/span><\/span><span style=\"font-family: Arial, sans-serif;\"><span style=\"font-size: medium;\"><br \/>\n<\/span><\/span><span style=\"color: #222222;\"><span style=\"font-family: Arial, sans-serif;\"><span style=\"font-size: medium;\">Per ora nessuno deve sapere che mi vedo di nascosto con la mia mamma, sopratutto mio fratello carnale.\u00a0<\/span><\/span><\/span><span style=\"font-family: Arial, sans-serif;\"><span style=\"font-size: medium;\"><br \/>\n<\/span><\/span><span style=\"color: #222222;\"><span style=\"font-family: Arial, sans-serif;\"><span style=\"font-size: medium;\">Lui obbedisce a tutto quello che dice il Corpo Direttivo, e se sapesse allora mia madre rischierebbe di essere espulsa e di non vedere il suo adorato figlio.<\/span><\/span><\/span><span style=\"font-family: Arial, sans-serif;\"><span style=\"font-size: medium;\"><br \/>\n<\/span><\/span><span style=\"color: #222222;\"><span style=\"font-family: Arial, sans-serif;\"><span style=\"font-size: medium;\">Atroce dramma! Lei \u00e8 malata e avrebbe bisogno di essere accudita da uno di noi. Questo \u00e8 uno dei rari casi in cui il Corpo Direttivo non ha nulla da obiettare, e nessuno potrebbe rimproverarla per questa scelta, ma lei non sceglie, una madre non pu\u00f2 scegliere a queste condizioni. Se sceglie me, mio fratello la ignorerebbe per evitarmi, se sceglie lui, non la vedr\u00f2 mai pi\u00f9! Amare due figli ed avere la mente lacerata, quanto dolore si aggiunge ad altro dolore!<\/span><\/span><\/span><span style=\"font-family: Arial, sans-serif;\"><span style=\"font-size: medium;\"><br \/>\n<\/span><\/span><span style=\"color: #222222;\"><span style=\"font-family: Arial, sans-serif;\"><span style=\"font-size: medium;\">Allora perch\u00e9 ti scrivo anonimo e paziente lettore?<\/span><\/span><\/span><span style=\"font-family: Arial, sans-serif;\"><span style=\"font-size: medium;\"><br \/>\n<\/span><\/span><span style=\"color: #222222;\"><span style=\"font-family: Arial, sans-serif;\"><span style=\"font-size: medium;\">Per dichiarare al mondo intero che nella nostra societ\u00e0 esiste un male nascosto chiamato ostracismo, fatto di odio e incomprensione. Questo male, come tanti altri, prosegue indisturbato a mietere vittime nascondendosi dietro l\u2019ignoranza della nostra societ\u00e0 civile che non sa cosa accade nelle vite private dei singoli cittadini che appartengono a delle minoranze.<\/span><\/span><\/span><span style=\"font-family: Arial, sans-serif;\"><span style=\"font-size: medium;\"><br \/>\n<\/span><\/span><span style=\"color: #222222;\"><span style=\"font-family: Arial, sans-serif;\"><span style=\"font-size: medium;\">Per spingere i vertici dei testimoni di Geova a seguire la misericordia che ci ha insegnato il nostro Signore Ges\u00f9 o perlomeno ad aderire alla Costituzione universale dei Diritti dell\u2019Uomo.<\/span><\/span><\/span><span style=\"font-family: Arial, sans-serif;\"><span style=\"font-size: medium;\"><br \/>\n<\/span><\/span><span style=\"color: #222222;\"><span style=\"font-family: Arial, sans-serif;\"><span style=\"font-size: medium;\">Se essi pensano che meritiamo di essere disassociati (cos\u00ec chiamano le nostre espulsioni), che ben venga, noi accettiamo questo provvedimento, ma non possono condannarci a diventare dei morti viventi davanti ai nostri amici e alle nostre famiglie.<\/span><\/span><\/span><span style=\"font-family: Arial, sans-serif;\"><span style=\"font-size: medium;\"><br \/>\n<\/span><\/span><span style=\"color: #222222;\"><span style=\"font-family: Arial, sans-serif;\"><span style=\"font-size: medium;\">Quando alla tua porta busseranno i Testimoni di Geova, chiedi loro se \u00e8 giusto togliere la parola ai disassociati. Forse ti mostreranno qualche versetto biblico che indicherebbe che \u00e8 giusto. Se lo faranno, capirai che quanto ti ho detto \u00e8 vero e che stai parlando con una persona che perlomeno \u00e8 sincera, ma se negheranno non perdere tempo in chiacchiere inutili. Basta ricordare loro che il loro Dio odia i bugiardi.\u00a0<\/span><\/span><\/span><span style=\"font-family: Arial, sans-serif;\"><span style=\"font-size: medium;\"><br \/>\n<\/span><\/span><span style=\"color: #222222;\"><span style=\"font-family: Arial, sans-serif;\"><span style=\"font-size: medium;\">Ma perch\u00e9 dovresti credermi?\u00a0<\/span><\/span><\/span><span style=\"font-family: Arial, sans-serif;\"><span style=\"font-size: medium;\"><br \/>\n<\/span><\/span><span style=\"color: #222222;\"><span style=\"font-family: Arial, sans-serif;\"><span style=\"font-size: medium;\">Va sul loro sito ufficiale (clicca QUI) e scarica la rivista Torre di Guardia del 15 febbraio 2011 [disponibile solo per alcuni mesi], visto che la copia cartacea non viene distribuita alle persone. Leggi a pagina 31 l\u2019esperienza di una madre e capirai che quanto ti ho raccontato \u00e8 vero.<\/span><\/span><\/span><\/p>\n<p>&nbsp;<\/p>\n<p><span style=\"text-decoration: underline;\"><strong><span style=\"color: #0000ff; text-decoration: underline;\"><i>Esperienza inviata a Salvatore Cannavo<\/i><\/span><\/strong><\/span><\/p>\n","protected":false},"excerpt":{"rendered":"<p>&nbsp; Testimoni di Geova Lettera disperata di una disassociata (espulsa) Ho ricevuto la seguente lettera a seguito della manifestazione contro l\u2019ostracismo perpetrato dai Testimoni di Geova, tenutasi davanti al Palazzo di Montecitorio il 1 dicembre 2010.&#8212;&#8212;&#8212;&#8212;&#8212;&#8212;&#8212;&#8212;&#8212;&#8212;&#8212;&#8212;&#8212;&#8212;&#8212;&#8212;&#8212;&#8212;&#8212;&#8212;&#8212;&#8212;&#8212;&#8212;&#8212;&#8212;&#8212;&#8212;&#8212;&#8212;&#8212;&#8212;&#8212;&#8212;&#8212;&#8212;Voglio camminare per strada con la mia mamma! Perch\u00e9 non posso camminare in strada con la mia mamma, perch\u00e9 debbo [&hellip;]<\/p>\n","protected":false},"author":1,"featured_media":161,"comment_status":"closed","ping_status":"open","sticky":false,"template":"","format":"standard","meta":{"footnotes":""},"categories":[40],"tags":[],"class_list":["post-1769","post","type-post","status-publish","format-standard","has-post-thumbnail","hentry","category-esperienze"],"views":2970,"_links":{"self":[{"href":"http:\/\/www.roccopoliti.it\/index.php?rest_route=\/wp\/v2\/posts\/1769","targetHints":{"allow":["GET"]}}],"collection":[{"href":"http:\/\/www.roccopoliti.it\/index.php?rest_route=\/wp\/v2\/posts"}],"about":[{"href":"http:\/\/www.roccopoliti.it\/index.php?rest_route=\/wp\/v2\/types\/post"}],"author":[{"embeddable":true,"href":"http:\/\/www.roccopoliti.it\/index.php?rest_route=\/wp\/v2\/users\/1"}],"replies":[{"embeddable":true,"href":"http:\/\/www.roccopoliti.it\/index.php?rest_route=%2Fwp%2Fv2%2Fcomments&post=1769"}],"version-history":[{"count":5,"href":"http:\/\/www.roccopoliti.it\/index.php?rest_route=\/wp\/v2\/posts\/1769\/revisions"}],"predecessor-version":[{"id":1775,"href":"http:\/\/www.roccopoliti.it\/index.php?rest_route=\/wp\/v2\/posts\/1769\/revisions\/1775"}],"wp:featuredmedia":[{"embeddable":true,"href":"http:\/\/www.roccopoliti.it\/index.php?rest_route=\/wp\/v2\/media\/161"}],"wp:attachment":[{"href":"http:\/\/www.roccopoliti.it\/index.php?rest_route=%2Fwp%2Fv2%2Fmedia&parent=1769"}],"wp:term":[{"taxonomy":"category","embeddable":true,"href":"http:\/\/www.roccopoliti.it\/index.php?rest_route=%2Fwp%2Fv2%2Fcategories&post=1769"},{"taxonomy":"post_tag","embeddable":true,"href":"http:\/\/www.roccopoliti.it\/index.php?rest_route=%2Fwp%2Fv2%2Ftags&post=1769"}],"curies":[{"name":"wp","href":"https:\/\/api.w.org\/{rel}","templated":true}]}}