{"id":3638,"date":"2013-12-15T22:15:03","date_gmt":"2013-12-15T21:15:03","guid":{"rendered":"http:\/\/www.roccopoliti.it\/?p=3638"},"modified":"2013-12-15T22:35:39","modified_gmt":"2013-12-15T21:35:39","slug":"a-san-clemente-il-regno-di-geova","status":"publish","type":"post","link":"http:\/\/www.roccopoliti.it\/?p=3638","title":{"rendered":"A San Clemente il \u201cregno\u201d di Geova"},"content":{"rendered":"<h2 align=\"CENTER\"><a href=\"http:\/\/www.roccopoliti.it\/wp-content\/uploads\/2013\/11\/603323_374714245985336_194342599_a.png\"><img loading=\"lazy\" decoding=\"async\" alt=\"603323_374714245985336_194342599_a\" src=\"http:\/\/www.roccopoliti.it\/wp-content\/uploads\/2013\/11\/603323_374714245985336_194342599_a.png\" width=\"160\" height=\"160\" \/><\/a><\/h2>\n<h2 align=\"CENTER\"><span style=\"text-decoration: underline;\"><span style=\"color: #0000ff; text-decoration: underline;\">email:\u00a0quovadis.aps@gmail.com<\/span><\/span><\/h2>\n<h2 align=\"CENTER\"><span style=\"text-decoration: underline;\"><span style=\"color: #0000ff; text-decoration: underline;\"><strong><a href=\"http:\/\/www.facebook.com\/quovadisaps\" target=\"_blank\"><span style=\"color: #0000ff; text-decoration: underline;\">www.facebook.com\/quovadisaps<\/span><\/a><\/strong><\/span><\/span><\/h2>\n<h2 align=\"CENTER\"><span style=\"text-decoration: underline;\"><span style=\"color: #0000ff; text-decoration: underline;\"><strong><a href=\"http:\/\/www.quovadisaps.org\/\"><span style=\"color: #0000ff; text-decoration: underline;\">www.quovadisaps.org<\/span><\/a><\/strong><\/span><\/span><\/h2>\n<h2 align=\"CENTER\"><span style=\"color: #0000ff;\">Cell. 334 6395736<\/span><\/h2>\n<p style=\"text-align: center;\"><a href=\"http:\/\/www.roccopoliti.it\/wp-content\/uploads\/2013\/12\/2L-PRELIMINARE-PER-MAGGIORE-SICUREZZA.jpg\"><img loading=\"lazy\" decoding=\"async\" class=\"alignnone size-full wp-image-3647\" alt=\"2L-PRELIMINARE-PER-MAGGIORE-SICUREZZA\" src=\"http:\/\/www.roccopoliti.it\/wp-content\/uploads\/2013\/12\/2L-PRELIMINARE-PER-MAGGIORE-SICUREZZA.jpg\" width=\"456\" height=\"400\" srcset=\"http:\/\/www.roccopoliti.it\/wp-content\/uploads\/2013\/12\/2L-PRELIMINARE-PER-MAGGIORE-SICUREZZA.jpg 456w, http:\/\/www.roccopoliti.it\/wp-content\/uploads\/2013\/12\/2L-PRELIMINARE-PER-MAGGIORE-SICUREZZA-300x263.jpg 300w\" sizes=\"auto, (max-width: 456px) 100vw, 456px\" \/><\/a><\/p>\n<h1 align=\"CENTER\"><span style=\"text-decoration: underline;\"><span style=\"color: #ff0000; text-decoration: underline;\"><strong><span style=\"font-family: Arial;\"><span style=\"font-size: x-large;\">A San Clemente <\/span><\/span><\/strong><\/span><\/span><\/h1>\n<h1 align=\"CENTER\"><span style=\"text-decoration: underline;\"><span style=\"color: #ff0000; text-decoration: underline;\"><strong><span style=\"font-family: Arial;\"><span style=\"font-size: x-large;\">il \u201cregno\u201d <\/span><\/span><\/strong><\/span><\/span><\/h1>\n<h1 align=\"CENTER\"><span style=\"text-decoration: underline;\"><span style=\"color: #ff0000; text-decoration: underline;\"><strong><span style=\"font-family: Arial;\"><span style=\"font-size: x-large;\">di Geova<\/span><\/span><\/strong><\/span><\/span><\/h1>\n<p align=\"LEFT\"><strong><span style=\"color: #000000;\"><span style=\"font-family: Arial;\"><span>14\/Dicembre\/2013 <\/span><\/span><\/span><\/strong><\/p>\n<p><strong><span style=\"color: #000000;\"><span style=\"font-family: Arial;\"><span style=\"font-size: small;\">CATTOLICA &#8211;\u00a0<\/span><\/span><\/span><\/strong><span style=\"color: #000000;\"><span style=\"font-family: Arial;\"><span style=\"font-size: small;\">L\u2019area artigianale progettata a San Clemente potrebbe ospitare il nuovo \u201cregno\u201d dei Testimoni di Geova. Infatti il movimento religioso (si parla addirittura dei vertici di Brooklyn) \u00e8 interessato all\u2019Apea, l\u2019area produttiva ecologicamente attrezzata di Sant\u2019Andrea in Casale, per trasferirvi (in parte o tutta) la sede centrale di Roma, compreso il luogo dove stampano le loro pubblicazioni come la Torre di Guardia, facendo nascere in Valconca una delle principali, se non la pi\u00f9 grande, sede in Europa. I Testimoni di Geova hanno chiesto informazioni in tutta Italia, da Milano a Torino, da Bologna al circondario di Rimini, dove si sarebbero interessati anche a un\u2019area a Santamonica di Misano. Come spiega Costante Migani, amministratore unico della Sant\u2019Andrea Servizi, la societ\u00e0 che si occupa della realizzazione dell\u2019Apea EConca, \u201cuna quindicina di giorni fa c\u2019\u00e8 stata una richiesta di delucidazione dei Testimoni di Geova, perch\u00e9 vogliono delocalizzarsi dalla loro sede di Roma, dove ora sono sparpagliati in pi\u00f9 posti, per concentrarsi in un unico luogo. Per questo si stanno guardando intorno in tutta Italia. Cercano un posto facilmente raggiungibile, con un aeroporto non lontano e la nostra zona industriale, come altre, si presta a un loro insediamento.<br \/>\n<\/span><\/span><\/span><strong><span style=\"color: #000000;\"><span style=\"font-family: Arial;\"><span style=\"font-size: small;\"><br \/>\nLa nostra Apea occupa un\u2019area di 80 ettari\u00a0<\/span><\/span><\/span><\/strong><span style=\"color: #000000;\"><span style=\"font-family: Arial;\"><span style=\"font-size: small;\">e a loro ne servirebbero una decina. Si pensa, pi\u00f9 che alla realizzazione di un luogo di culto, all\u2019insediamento di attivit\u00e0 come, ipotizzo, di pensiero, studio, traduzione, logistica, di stampa e il centro spedizioni, che a Roma sono ubicate in pi\u00f9 sedi. E la nostra area artigianale non esclude l\u2019insedimento di attivit\u00e0 del genere. Inoltre a loro questa area serve presto, e noi siamo a buon punto con l\u2019iter burocratico\/amministrativo, visto che la Sant\u2019Andrea Servizi ha gi\u00e0 acquisito parte dei terreni, approvato il Pua (Piano urbanistico di attuazione), ultimato la progettazione definitiva delle Opere di Urbanizzazione\u201d. Di fronte alla possibilit\u00e0 dell\u2019arrivo del movimento religioso, per\u00f2, sono sorte critiche da parte dell\u2019opposizione. \u201cForse non si rendono conto del grosso impatto economico che un investimento immediato di diverse decine di milioni di euro pu\u00f2 avere sull\u2019economia della nostra zona, senza poi sottovalutare i positivi riflessi sulle strutture commerciali della nostra vallata\u201d. C\u2019\u00e8 qualcun altro interessato a insediarsi nella futura area artigianale? \u201cAbbiamo contatti anche con altri operatori economici, pur non trattandosi di lotti cos\u00ec grandi. Per\u00f2 prima bisogner\u00e0 realizzare le opere di urbanizzazione. Una volta terminate queste, qualche buon contatto c\u2019\u00e8, anche se non c\u2019\u00e8 la corsa che ci si sarebbe immaginati negli anni prima della crisi\u201d. Di questo investimento (c\u2019\u00e8 chi parla di 80\/100 milioni di euro) se n\u2019\u00e8 parlato anche in maggioranza. Ma qualcuno storce il naso. Dall\u2019opposizione Sandro Ricci, capogruppo del Nuovo Centro Destra (che annovera anche il consigliere Gianni De Vincentis), spiega che \u201cl\u2019Apea doveva essere il volano della nostra economia, e anche per l\u2019Apea si sta realizzando il ponte sul fiume Conca\u201d, la principale opera pubblica in provincia.<\/span><\/span><\/span><\/p>\n<p><strong><span style=\"color: #000000;\"><span style=\"font-family: Arial;\"><span style=\"font-size: small;\">\u201cAl Pua stiamo lavorando dal 2008 e la Sant\u2019Andrea Servizi<\/span><\/span><\/span><\/strong><span style=\"color: #000000;\"><span style=\"font-family: Arial;\"><span style=\"font-size: small;\">\u00a0\u00e8 in perdita di 60mila euro l\u2019anno da tre anni. Tutta l\u2019opposizione ha sempre detto che questi non sono i tempi per progetti del genere, vista la crisi, e la risposta \u00e8 stata sempre che non dobbiamo farci cogliere impreparati per la ripresa. Ora, la trattativa con i Testimoni di Geova, che sarebbero interessati al 90% dell\u2019Apea, non mi trova d\u2019accordo: non \u00e8 una questione di discriminazione, ma mi chiedo cosa possa dare alla nostra comunit\u00e0 un insediamento che, temo, sar\u00e0 chiuso all\u2019esterno, rispetto all\u2019arrivo di aziende che invece darebbero lavoro&lt;+tondo&gt; e farebbero guadagnare l\u2019indotto. L\u2019unico a guadagnarci sarebbe il Comune con gli oneri di urbanizzazione. Resto deluso e amareggiato del sindaco Christian D\u2019Andrea, che sostiene questo progetto quando ha sempre detto che avrebbe fatto gli interessi dei cittadini aumentando i posti di lavoro. E\u2019 per i Testimoni di Geova che cacciamo tanti soldi per il ponte sul Conca?\u201d conclude, infuriato, Ricci<\/span><\/span><\/span><\/p>\n<p>&nbsp;<\/p>\n<p><span style=\"color: #0000ff;\"><span style=\"font-family: Arial;\"><span style=\"font-size: small;\"><a href=\"http:\/\/www.romagnanoi.it\/news\/rimini\/1197413\/A-San-Clemente-il--regno.html\"><span style=\"color: #0000ff;\">http:\/\/www.romagnanoi.it\/news\/rimini\/1197413\/A-San-Clemente-il&#8211;regno.html<\/span><\/a> <\/span><\/span><\/span><\/p>\n","protected":false},"excerpt":{"rendered":"<p>email:\u00a0quovadis.aps@gmail.com www.facebook.com\/quovadisaps www.quovadisaps.org Cell. 334 6395736 A San Clemente il \u201cregno\u201d di Geova 14\/Dicembre\/2013 CATTOLICA &#8211;\u00a0L\u2019area artigianale progettata a San Clemente potrebbe ospitare il nuovo \u201cregno\u201d dei Testimoni di Geova. Infatti il movimento religioso (si parla addirittura dei vertici di Brooklyn) \u00e8 interessato all\u2019Apea, l\u2019area produttiva ecologicamente attrezzata di Sant\u2019Andrea in Casale, per trasferirvi (in [&hellip;]<\/p>\n","protected":false},"author":1,"featured_media":3648,"comment_status":"closed","ping_status":"open","sticky":false,"template":"","format":"standard","meta":{"footnotes":""},"categories":[4,50],"tags":[],"class_list":["post-3638","post","type-post","status-publish","format-standard","has-post-thumbnail","hentry","category-documenti","category-web"],"views":2673,"_links":{"self":[{"href":"http:\/\/www.roccopoliti.it\/index.php?rest_route=\/wp\/v2\/posts\/3638","targetHints":{"allow":["GET"]}}],"collection":[{"href":"http:\/\/www.roccopoliti.it\/index.php?rest_route=\/wp\/v2\/posts"}],"about":[{"href":"http:\/\/www.roccopoliti.it\/index.php?rest_route=\/wp\/v2\/types\/post"}],"author":[{"embeddable":true,"href":"http:\/\/www.roccopoliti.it\/index.php?rest_route=\/wp\/v2\/users\/1"}],"replies":[{"embeddable":true,"href":"http:\/\/www.roccopoliti.it\/index.php?rest_route=%2Fwp%2Fv2%2Fcomments&post=3638"}],"version-history":[{"count":9,"href":"http:\/\/www.roccopoliti.it\/index.php?rest_route=\/wp\/v2\/posts\/3638\/revisions"}],"predecessor-version":[{"id":3643,"href":"http:\/\/www.roccopoliti.it\/index.php?rest_route=\/wp\/v2\/posts\/3638\/revisions\/3643"}],"wp:featuredmedia":[{"embeddable":true,"href":"http:\/\/www.roccopoliti.it\/index.php?rest_route=\/wp\/v2\/media\/3648"}],"wp:attachment":[{"href":"http:\/\/www.roccopoliti.it\/index.php?rest_route=%2Fwp%2Fv2%2Fmedia&parent=3638"}],"wp:term":[{"taxonomy":"category","embeddable":true,"href":"http:\/\/www.roccopoliti.it\/index.php?rest_route=%2Fwp%2Fv2%2Fcategories&post=3638"},{"taxonomy":"post_tag","embeddable":true,"href":"http:\/\/www.roccopoliti.it\/index.php?rest_route=%2Fwp%2Fv2%2Ftags&post=3638"}],"curies":[{"name":"wp","href":"https:\/\/api.w.org\/{rel}","templated":true}]}}