{"id":4711,"date":"2014-02-20T22:00:17","date_gmt":"2014-02-20T21:00:17","guid":{"rendered":"http:\/\/www.roccopoliti.it\/?p=4711"},"modified":"2014-02-28T16:22:53","modified_gmt":"2014-02-28T15:22:53","slug":"esperienza-di-pasquale-mauro-in-provincia-di-torino","status":"publish","type":"post","link":"http:\/\/www.roccopoliti.it\/?p=4711","title":{"rendered":"Esperienza di Pasquale Mauro, in provincia di Torino"},"content":{"rendered":"<h2><\/h2>\n<h2><span style=\"color: #000000;\"><span style=\"font-family: Arial, sans-serif;\"><span style=\"font-size: medium;\"><b><a href=\"http:\/\/www.roccopoliti.it\/wp-content\/uploads\/2014\/02\/Q-QUO-VADIS-FB2.jpg\"><img loading=\"lazy\" decoding=\"async\" class=\"size-full wp-image-4463 aligncenter\" alt=\"Q - QUO VADIS FB2\" src=\"http:\/\/www.roccopoliti.it\/wp-content\/uploads\/2014\/02\/Q-QUO-VADIS-FB2.jpg\" width=\"7400\" height=\"2808\" srcset=\"http:\/\/www.roccopoliti.it\/wp-content\/uploads\/2014\/02\/Q-QUO-VADIS-FB2.jpg 7400w, http:\/\/www.roccopoliti.it\/wp-content\/uploads\/2014\/02\/Q-QUO-VADIS-FB2-300x113.jpg 300w, http:\/\/www.roccopoliti.it\/wp-content\/uploads\/2014\/02\/Q-QUO-VADIS-FB2-1024x388.jpg 1024w\" sizes=\"auto, (max-width: 7400px) 100vw, 7400px\" \/><\/a><\/b><\/span><\/span><\/span><\/h2>\n<h2 style=\"text-align: center;\" align=\"CENTER\"><span style=\"color: #0000ff;\">quovadis.aps@gmail.com<\/span><\/h2>\n<h2 style=\"text-align: center;\"><a href=\"http:\/\/www.facebook.com\/quovadisaps\" target=\"_blank\"><span style=\"color: #0000ff;\">www.facebook.com\/quovadisaps<\/span><\/a><\/h2>\n<h2 style=\"text-align: center;\"><span style=\"color: #0000ff;\"><a href=\"http:\/\/www.quovadisaps.org\/\"><span style=\"color: #0000ff;\">www.quovadisaps.org<\/span><\/a><\/span><\/h2>\n<p style=\"text-align: center;\"><strong><span style=\"color: #0000ff; font-size: 1.5em;\">\u00a0<\/span><span style=\"color: #0000ff; font-size: 1.5em;\">Telefono \u00a0 \u00a0 392 1539014<\/span><\/strong><\/p>\n<h2><\/h2>\n<h2><\/h2>\n<h2><span style=\"color: #000000;\"><span style=\"font-family: Arial, sans-serif;\"><span style=\"font-size: medium;\"><b><img loading=\"lazy\" decoding=\"async\" class=\"size-full wp-image-4569 aligncenter\" alt=\"Immaginep\" src=\"http:\/\/www.roccopoliti.it\/wp-content\/uploads\/2014\/02\/Immaginep.jpg\" width=\"256\" height=\"153\" \/>Ciao, ti mando qui sotto il testo da pubblicare. <\/b><\/span><\/span><\/span><\/h2>\n<h2><\/h2>\n<h2><span style=\"color: #000000;\"><span style=\"font-family: Arial, sans-serif;\"><span style=\"font-size: medium;\"><b>Buongiorno a tutti.<\/b><\/span><\/span><\/span><\/h2>\n<h2><\/h2>\n<h2><span style=\"color: #000000;\"><span style=\"font-family: Arial, sans-serif;\"><span style=\"font-size: medium;\"><b>Mi chiamo Pasquale Mauro, abito in provincia di Torino e ho 40 anni circa. <\/b><\/span><\/span><\/span><\/h2>\n<h2><\/h2>\n<h2><span style=\"color: #000000;\"><span style=\"font-family: Arial, sans-serif;\"><span style=\"font-size: medium;\"><b>Mi sono battezzato il 22 luglio del 1989 alla sala dei congressi di Lein\u00ec (To). <\/b><\/span><\/span><\/span><\/h2>\n<h2><\/h2>\n<h2><span style=\"color: #000000;\"><span style=\"font-family: Arial, sans-serif;\"><span style=\"font-size: medium;\"><b>Il motivo non lo so. Imposizione? Perch\u00e9 lo facevano gli amici, perch\u00e9 la famiglia era parte di quell\u2019ambito? Ero un coglione!<\/b><\/span><\/span><\/span><\/h2>\n<h2><\/h2>\n<h2><span style=\"color: #000000;\"><span style=\"font-family: Arial, sans-serif;\"><span style=\"font-size: medium;\"><b>Non sono mai stato molto convinto e non sono riusciti ad impormi il loro stile di vita e di pensiero fino in fondo.<\/b><\/span><\/span><\/span><\/h2>\n<h2><\/h2>\n<h2><span style=\"color: #000000;\"><span style=\"font-family: Arial, sans-serif;\"><span style=\"font-size: medium;\"><b>Mi sono reso conto molto tempo dopo che si trattava di un subdolo \u201clavaggio del cervello\u201d perpetrato in modo continuo e soft, uno stillicidio continuo che mira a cambiare profondamente l\u2019adepto.<\/b><\/span><\/span><\/span><\/h2>\n<h2><\/h2>\n<h2><span style=\"color: #000000;\"><span style=\"font-family: Arial, sans-serif;\"><span style=\"font-size: medium;\"><b>Non \u00e8 questo il contesto giusto per ribadire quanto un adolescente tg subisce a scuola, in termini di \u201crazzismo\u201d piuttosto che di esclusione dalle dinamiche di gruppo con coetanei del paese.<\/b><\/span><\/span><\/span><\/h2>\n<h2><\/h2>\n<h2><span style=\"color: #000000;\"><span style=\"font-family: Arial, sans-serif;\"><span style=\"font-size: medium;\"><b>Il 18 marzo di 7 anni fa mi diagnosticarono il Parkinson. <\/b><\/span><\/span><\/span><\/h2>\n<h2><span style=\"color: #000000;\"><span style=\"font-family: Arial, sans-serif;\"><span style=\"font-size: medium;\"><b>Nascosi a tutti la mia malattia. <\/b><\/span><\/span><\/span><\/h2>\n<h2><span style=\"color: #000000;\"><span style=\"font-family: Arial, sans-serif;\"><span style=\"font-size: medium;\"><b>L\u2019avvenimento che mi ha segnato in modo indelebile \u00e8 stato quando un gioved\u00ec sera, dopo aver fatto il mio discorso, alla scuola di addestramento teocratico, rendendomi conto che non riuscivo a tenere sotto controllo la mia patologia, mi sono cancellato dal programma della scuola. <\/b><\/span><\/span><\/span><\/h2>\n<h2><\/h2>\n<h2><span style=\"color: #000000;\"><span style=\"font-family: Arial, sans-serif;\"><span style=\"font-size: medium;\"><b>Questo mio comportamento ha generato nel corpo degli anziani fastidio e astio, accusandomi di non aver a cuore le questioni spirituali.<\/b><\/span><\/span><\/span><\/h2>\n<h2><\/h2>\n<h2><span style=\"color: #000000;\"><span style=\"font-family: Arial, sans-serif;\"><span style=\"font-size: medium;\"><b>Questo \u00e8 stato l\u2019inizio del \u201crazzismo\u201d dall\u2019interno. <\/b><\/span><\/span><\/span><\/h2>\n<h2><span style=\"color: #000000;\"><span style=\"font-family: Arial, sans-serif;\"><span style=\"font-size: medium;\"><b>Ho subito razzismo dai miei stessi fratelli.<\/b><\/span><\/span><\/span><\/h2>\n<h2><\/h2>\n<h2><span style=\"color: #000000;\"><span style=\"font-family: Arial, sans-serif;\"><span style=\"font-size: medium;\"><b>Un\u2019altra situazione che ha contribuito a diminuire la fiducia nell\u2019organizzazione e a mettere in discussione il mio credo e la mia vita spirituale \u00e8 stata la nascita di mio figlio. <\/b><\/span><\/span><\/span><\/h2>\n<h2><span style=\"color: #000000;\"><span style=\"font-family: Arial, sans-serif;\"><span style=\"font-size: medium;\"><b>E\u2019 nato molto prematuro, ed anche la madre ha rischiato la vita. <\/b><\/span><\/span><\/span><\/h2>\n<h2><span style=\"color: #000000;\"><span style=\"font-family: Arial, sans-serif;\"><span style=\"font-size: medium;\"><b>Ho scelto di farli vivere. <\/b><\/span><\/span><\/span><\/h2>\n<h2><span style=\"color: #000000;\"><span style=\"font-family: Arial, sans-serif;\"><span style=\"font-size: medium;\"><b>Ho accettato di buon grado di far trasfondere la mamma ed ho autorizzato le trasfusioni per il bambino in caso di necessit\u00e0. <\/b><\/span><\/span><\/span><\/h2>\n<h2><span style=\"color: #000000;\"><span style=\"font-family: Arial, sans-serif;\"><span style=\"font-size: medium;\"><b>Non volevo perderli.<\/b><\/span><\/span><\/span><\/h2>\n<h2><\/h2>\n<h2><span style=\"color: #000000;\"><span style=\"font-family: Arial, sans-serif;\"><span style=\"font-size: medium;\"><b>Questa scelta mi ha aizzato contro le persone dell\u2019organizzazione a conoscenza del fatto. <\/b><\/span><\/span><\/span><\/h2>\n<h2><\/h2>\n<h2><span style=\"color: #000000;\"><span style=\"font-family: Arial, sans-serif;\"><span style=\"font-size: medium;\"><b>Di nascosto hanno inviato in ospedale nel reparto dove era ricoverata la madre di mio figlio, un tg del comitato sanitario a verificare la cartella clinica, senza mia autorizzazione, ma con autorizzazione di altri familiari.<\/b><\/span><\/span><\/span><\/h2>\n<h2><\/h2>\n<h2><span style=\"color: #000000;\"><span style=\"font-family: Arial, sans-serif;\"><span style=\"font-size: medium;\"><b>Dopo questo fatto ho subito angherie da persone a me vicine, dai tg, sono stato \u201cschedato\u201d e nessuna comprensione \u00e8 stata accordata.<\/b><\/span><\/span><\/span><\/h2>\n<h2><\/h2>\n<h2><span style=\"color: #000000;\"><span style=\"font-family: Arial, sans-serif;\"><span style=\"font-size: medium;\"><b>La stessa sistematicit\u00e0 applicata per istruire le persone al loro credo, \u00e8 stata applicata con freddezza per escludermi.<\/b><\/span><\/span><\/span><\/h2>\n<h2><\/h2>\n<h2><span style=\"color: #000000;\"><span style=\"font-family: Arial, sans-serif;\"><span style=\"font-size: medium;\"><b>Ad Ottobre 2013 ho deciso di inviare una lettera al corpo degli anziani e per conoscenza alla Betel, chiedendo di essere cancellato come socio aderente.\u00a0 <\/b><\/span><\/span><\/span><\/h2>\n<h2><\/h2>\n<h2><span style=\"color: #000000;\"><span style=\"font-family: Arial, sans-serif;\"><span style=\"font-size: medium;\"><b>Ostruzionismo e discorsi a senso unico sono stati il solo riscontro che ho avuto, sia con gli anziani che con l\u2019ufficio legale della Betel di Roma.<\/b><\/span><\/span><\/span><\/h2>\n<h2><\/h2>\n<h2><span style=\"color: #000000;\"><span style=\"font-family: Arial, sans-serif;\"><span style=\"font-size: medium;\"><b>Nel mese di gennaio 2014 durante una delle loro adunanze hanno fatto l\u2019annuncio che non sono pi\u00f9 tg. <\/b><\/span><\/span><\/span><\/h2>\n<h2><span style=\"color: #000000;\"><span style=\"font-family: Arial, sans-serif;\"><span style=\"font-size: medium;\"><b>Avrei voluto esserne informato. <\/b><\/span><\/span><\/span><\/h2>\n<h2><span style=\"color: #000000;\"><span style=\"font-family: Arial, sans-serif;\"><span style=\"font-size: medium;\"><b>L\u2019ho saputo da altri.<\/b><\/span><\/span><\/span><\/h2>\n<h2><\/h2>\n<h2><span style=\"color: #000000;\"><span style=\"font-family: Arial, sans-serif;\"><span style=\"font-size: medium;\"><b>Continuo sulla mia strada. <\/b><\/span><\/span><\/span><\/h2>\n<h2><\/h2>\n<h2><span style=\"color: #000000;\"><span style=\"font-family: Arial, sans-serif;\"><span style=\"font-size: medium;\"><b>Ora non subisco pi\u00f9 imposizioni. <\/b><\/span><\/span><\/span><\/h2>\n<h2><\/h2>\n<h2><span style=\"color: #000000;\"><span style=\"font-family: Arial, sans-serif;\"><span style=\"font-size: medium;\"><b>Questa non \u00e8 una religione. <\/b><\/span><\/span><\/span><\/h2>\n<h2><\/h2>\n<h2><span style=\"color: #000000;\"><span style=\"font-family: Arial, sans-serif;\"><span style=\"font-size: medium;\"><b>La spiritualit\u00e0 \u00e8 anche libert\u00e0 di espressione e di preghiera.<\/b><\/span><\/span><\/span><\/h2>\n<h2><\/h2>\n<h2><span style=\"color: #000000;\"><span style=\"font-family: Arial, sans-serif;\"><span style=\"font-size: medium;\"><b>Un\u2019ultima cosa. <\/b><\/span><\/span><\/span><\/h2>\n<h2><\/h2>\n<h2><span style=\"color: #000000;\"><span style=\"font-family: Arial, sans-serif;\"><span style=\"font-size: medium;\"><b>Sapete come vede i tg chi \u00e8 dall\u2019esterno? <\/b><\/span><\/span><\/span><\/h2>\n<h2><span style=\"color: #000000;\"><span style=\"font-family: Arial, sans-serif;\"><span style=\"font-size: medium;\"><b>Gli altri come vedono i tg? <\/b><\/span><\/span><\/span><\/h2>\n<h2><\/h2>\n<h2><span style=\"color: #000000;\"><span style=\"font-family: Arial, sans-serif;\"><span style=\"font-size: medium;\"><b>Ho parlato con tante persone\u2026 gli altri, quelli del mondo. \u00a0<\/b><\/span><\/span><\/span><\/h2>\n<h2><\/h2>\n<h2><span style=\"color: #000000;\"><span style=\"font-family: Arial, sans-serif;\"><span style=\"font-size: medium;\"><b>Generalmente un tg si approccia agli altri, in modo umile a testa bassa, poi quando inizia a parlare non lascia spazio al confronto.\u00a0 <\/b><\/span><\/span><\/span><\/h2>\n<h2><span style=\"color: #000000;\"><span style=\"font-family: Arial, sans-serif;\"><span style=\"font-size: medium;\"><b>Il confronto \u00e8 l\u2019unica cosa che fa crescere. <\/b><\/span><\/span><\/span><\/h2>\n<h2><span style=\"color: #000000;\"><span style=\"font-family: Arial, sans-serif;\"><span style=\"font-size: medium;\"><b>E\u2019 denigrante venire considerati ottusi. \u00a0<\/b><\/span><\/span><\/span><\/h2>\n<h2><span style=\"color: #000000;\"><span style=\"font-family: Arial, sans-serif;\"><span style=\"font-size: medium;\"><b>Gli altri ci considerano persone di seconda categoria, inferiori.<\/b><\/span><\/span><\/span><\/h2>\n<h2><\/h2>\n<h2><span style=\"color: #000000;\"><span style=\"font-family: Arial, sans-serif;\"><span style=\"font-size: medium;\"><b>So per certo che molti tg ancora attivi leggeranno queste parole e spero possa essere di stimolo per promuovere attenzione e curiosit\u00e0. <\/b><\/span><\/span><\/span><\/h2>\n<h2><\/h2>\n<h2><span style=\"color: #000000;\"><span style=\"font-family: Arial, sans-serif;\"><span style=\"font-size: medium;\"><b>L\u2019auspicio sarebbe un rinnovamento.<\/b><\/span><\/span><\/span><\/h2>\n<h2><span style=\"color: #000000;\"><span style=\"font-family: Arial, sans-serif;\"><span style=\"font-size: medium;\"><b>Conoscerete la verit\u00e0 e la verit\u00e0 vi render\u00e0 liberi.<\/b><\/span><\/span><\/span><\/h2>\n<h2><\/h2>\n<h2><span style=\"color: #000000;\"><span style=\"font-family: Arial, sans-serif;\"><span style=\"font-size: medium;\"><b>A presto Pasquale<\/b><\/span><\/span><\/span><\/h2>\n<h2><\/h2>\n","protected":false},"excerpt":{"rendered":"<p>quovadis.aps@gmail.com www.facebook.com\/quovadisaps www.quovadisaps.org \u00a0Telefono \u00a0 \u00a0 392 1539014 Ciao, ti mando qui sotto il testo da pubblicare. Buongiorno a tutti. Mi chiamo Pasquale Mauro, abito in provincia di Torino e ho 40 anni circa. Mi sono battezzato il 22 luglio del 1989 alla sala dei congressi di Lein\u00ec (To). Il motivo non lo so. Imposizione? [&hellip;]<\/p>\n","protected":false},"author":1,"featured_media":4567,"comment_status":"closed","ping_status":"open","sticky":false,"template":"","format":"standard","meta":{"footnotes":""},"categories":[137],"tags":[],"class_list":["post-4711","post","type-post","status-publish","format-standard","has-post-thumbnail","hentry","category-esperienza-grande-progetto-ex-testimoni-di-geova"],"views":4066,"_links":{"self":[{"href":"http:\/\/www.roccopoliti.it\/index.php?rest_route=\/wp\/v2\/posts\/4711","targetHints":{"allow":["GET"]}}],"collection":[{"href":"http:\/\/www.roccopoliti.it\/index.php?rest_route=\/wp\/v2\/posts"}],"about":[{"href":"http:\/\/www.roccopoliti.it\/index.php?rest_route=\/wp\/v2\/types\/post"}],"author":[{"embeddable":true,"href":"http:\/\/www.roccopoliti.it\/index.php?rest_route=\/wp\/v2\/users\/1"}],"replies":[{"embeddable":true,"href":"http:\/\/www.roccopoliti.it\/index.php?rest_route=%2Fwp%2Fv2%2Fcomments&post=4711"}],"version-history":[{"count":12,"href":"http:\/\/www.roccopoliti.it\/index.php?rest_route=\/wp\/v2\/posts\/4711\/revisions"}],"predecessor-version":[{"id":4832,"href":"http:\/\/www.roccopoliti.it\/index.php?rest_route=\/wp\/v2\/posts\/4711\/revisions\/4832"}],"wp:featuredmedia":[{"embeddable":true,"href":"http:\/\/www.roccopoliti.it\/index.php?rest_route=\/wp\/v2\/media\/4567"}],"wp:attachment":[{"href":"http:\/\/www.roccopoliti.it\/index.php?rest_route=%2Fwp%2Fv2%2Fmedia&parent=4711"}],"wp:term":[{"taxonomy":"category","embeddable":true,"href":"http:\/\/www.roccopoliti.it\/index.php?rest_route=%2Fwp%2Fv2%2Fcategories&post=4711"},{"taxonomy":"post_tag","embeddable":true,"href":"http:\/\/www.roccopoliti.it\/index.php?rest_route=%2Fwp%2Fv2%2Ftags&post=4711"}],"curies":[{"name":"wp","href":"https:\/\/api.w.org\/{rel}","templated":true}]}}