{"id":4901,"date":"2014-03-03T21:42:29","date_gmt":"2014-03-03T20:42:29","guid":{"rendered":"http:\/\/www.roccopoliti.it\/?p=4901"},"modified":"2014-03-03T21:50:25","modified_gmt":"2014-03-03T20:50:25","slug":"scissioni-nei-testimoni-di-geova-alexandre-freytag","status":"publish","type":"post","link":"http:\/\/www.roccopoliti.it\/?p=4901","title":{"rendered":"Scismi nei testimoni di Geova \u2013 Alexandre Freytag"},"content":{"rendered":"<h1 style=\"text-align: center;\"><a href=\"http:\/\/www.roccopoliti.it\/wp-content\/uploads\/2014\/02\/Q-QUO-VADIS-FB2.jpg\"><img loading=\"lazy\" decoding=\"async\" alt=\"Q - QUO VADIS FB2\" src=\"http:\/\/www.roccopoliti.it\/wp-content\/uploads\/2014\/02\/Q-QUO-VADIS-FB2.jpg\" width=\"7400\" height=\"2808\" \/><\/a><span style=\"text-decoration: underline;\"><span style=\"color: #0000ff; text-decoration: underline;\">quovadis.aps@gmail.com<\/span><\/span><\/h1>\n<h1 style=\"text-align: center;\"><span style=\"text-decoration: underline;\"><span style=\"color: #0000ff; text-decoration: underline;\"><a href=\"http:\/\/www.facebook.com\/quovadisaps\" target=\"_blank\"><span style=\"color: #0000ff; text-decoration: underline;\">www.facebook.com\/quovadisaps<\/span><\/a><\/span><\/span><\/h1>\n<h1 style=\"text-align: center;\"><span style=\"text-decoration: underline;\"><span style=\"color: #0000ff; text-decoration: underline;\"><a href=\"http:\/\/www.quovadisaps.org\/\"><span style=\"color: #0000ff; text-decoration: underline;\">www.quovadisaps.org<\/span><\/a><\/span><\/span><\/h1>\n<h1 style=\"text-align: center;\"><span style=\"color: #0000ff;\">Telefono \u00a0 \u00a0 392 1539014<\/span><\/h1>\n<p style=\"text-align: center;\"><span style=\"color: #ff0000;\"><strong><span style=\"font-family: Arial, sans-serif;\"><span style=\"font-size: x-large;\"><a href=\"http:\/\/www.roccopoliti.it\/wp-content\/uploads\/2014\/03\/relativismo.jpg\"><img loading=\"lazy\" decoding=\"async\" class=\"alignnone size-full wp-image-4903\" alt=\"relativismo\" src=\"http:\/\/www.roccopoliti.it\/wp-content\/uploads\/2014\/03\/relativismo.jpg\" width=\"405\" height=\"405\" srcset=\"http:\/\/www.roccopoliti.it\/wp-content\/uploads\/2014\/03\/relativismo.jpg 405w, http:\/\/www.roccopoliti.it\/wp-content\/uploads\/2014\/03\/relativismo-150x150.jpg 150w, http:\/\/www.roccopoliti.it\/wp-content\/uploads\/2014\/03\/relativismo-300x300.jpg 300w\" sizes=\"auto, (max-width: 405px) 100vw, 405px\" \/><\/a>Scismi\u00a0<\/span><\/span><\/strong><\/span><span style=\"color: #ff0000;\"><strong><span style=\"font-family: Arial, sans-serif;\"><span style=\"font-size: x-large;\">nei<\/span><\/span><\/strong><\/span><\/p>\n<p style=\"text-align: center;\"><span style=\"color: #ff0000;\"><strong><span style=\"font-family: Arial, sans-serif;\"><span style=\"font-size: x-large;\"> testimoni di Geova<\/span><\/span><\/strong><\/span><\/p>\n<p style=\"text-align: center;\"><span style=\"color: #ff0000;\"><strong><span style=\"font-family: Arial, sans-serif;\"><span style=\"font-size: x-large;\">Alexandre Freytag<\/span><\/span><\/strong><\/span><\/p>\n<h2 align=\"CENTER\"><\/h2>\n<h2 align=\"CENTER\"><span style=\"color: #0000ff;\"><span style=\"text-decoration: underline;\"><a href=\"http:\/\/www.eresie.it\/it\/Freytag.htm\"><span style=\"font-family: Arial, sans-serif; color: #0000ff; text-decoration: underline;\">http:\/\/www.eresie.it\/it\/Freytag.htm<\/span><\/a><\/span><\/span><\/h2>\n<h2 align=\"CENTER\"><\/h2>\n<h2 align=\"CENTER\"><span style=\"color: #0000ff;\"><span style=\"text-decoration: underline;\"><a href=\"http:\/\/www.eresie.it\/it\/Russell.htm\"><span style=\"font-family: Arial, sans-serif; color: #0000ff; text-decoration: underline;\">http:\/\/www.eresie.it\/it\/Russell.htm<\/span><\/a><\/span><\/span><\/h2>\n<h1 lang=\"it-IT\" align=\"CENTER\"><span style=\"color: #000000;\"><span style=\"font-family: Arial, sans-serif;\">Chiesa del Regno di Dio<\/span><\/span><\/h1>\n<p style=\"text-align: left;\" align=\"CENTER\"><span style=\"color: #000000;\"><span style=\"font-family: Arial, sans-serif;\"><span style=\"font-size: medium;\">Il movimento nasce a\u00a0<\/span><\/span><\/span><span style=\"color: #000080;\"><a href=\"http:\/\/it.wikipedia.org\/wiki\/Ginevra\"><span style=\"color: #0b0080;\"><span style=\"font-size: medium;\">Ginevra<\/span><\/span><\/a><\/span><span style=\"color: #000000;\"><span style=\"font-family: Arial, sans-serif;\"><span style=\"font-size: medium;\">\u00a0nel\u00a0<\/span><\/span><\/span><span style=\"color: #000080;\"><a href=\"http:\/\/it.wikipedia.org\/wiki\/1920\"><span style=\"color: #0b0080;\"><span style=\"font-size: medium;\">1920<\/span><\/span><\/a><\/span><span style=\"color: #000000;\"><span style=\"font-family: Arial, sans-serif;\"><span style=\"font-size: medium;\">\u00a0per opera del fotografo<\/span><\/span><\/span><span style=\"color: #000080;\"><a href=\"http:\/\/it.wikipedia.org\/w\/index.php?title=Ferdinand_Louis_Alexandre_Freytag&amp;action=edit&amp;redlink=1\"><span style=\"color: #a55858;\"><span style=\"font-size: medium;\">Ferdinand Louis Alexandre Freytag<\/span><\/span><\/a><\/span><span style=\"color: #000000;\"><span style=\"font-family: Arial, sans-serif;\"><span style=\"font-size: medium;\">\u00a0che era stato responsabile dal\u00a0<\/span><\/span><\/span><span style=\"color: #000080;\"><a href=\"http:\/\/it.wikipedia.org\/wiki\/1912\"><span style=\"color: #0b0080;\"><span style=\"font-size: medium;\">1912<\/span><\/span><\/a><\/span><span style=\"color: #000000;\"><span style=\"font-family: Arial, sans-serif;\"><span style=\"font-size: medium;\">\u00a0al\u00a0<\/span><\/span><\/span><span style=\"color: #000080;\"><a href=\"http:\/\/it.wikipedia.org\/wiki\/1918\"><span style=\"color: #0b0080;\"><span style=\"font-size: medium;\">1918<\/span><\/span><\/a><\/span><span style=\"color: #000000;\"><span style=\"font-family: Arial, sans-serif;\"><span style=\"font-size: medium;\">\u00a0della sezione\u00a0<\/span><\/span><\/span><span style=\"color: #000080;\"><a href=\"http:\/\/it.wikipedia.org\/wiki\/Svizzera\"><span style=\"color: #0b0080;\"><span style=\"font-size: medium;\">svizzera<\/span><\/span><\/a><\/span><span style=\"color: #000000;\"><span style=\"font-family: Arial, sans-serif;\"><span style=\"font-size: medium;\">\u00a0della\u00a0<\/span><\/span><\/span><span style=\"color: #000080;\"><a href=\"http:\/\/it.wikipedia.org\/wiki\/Societ\u00e0_Torre_di_Guardia\"><span style=\"color: #0b0080;\"><span style=\"font-size: medium;\">Societ\u00e0 Torre di Guardia<\/span><\/span><\/a><\/span><span style=\"color: #000000;\"><span style=\"font-family: Arial, sans-serif;\"><span style=\"font-size: medium;\">.<\/span><\/span><\/span><\/p>\n<p><span style=\"color: #000000;\"><span style=\"font-family: Arial, sans-serif;\"><span style=\"font-size: medium;\">Freytag cominci\u00f2 ad avere una visione diversa rispetto a<\/span><\/span><\/span><span style=\"color: #000080;\"><a href=\"http:\/\/it.wikipedia.org\/wiki\/Joseph_Franklin_Rutherford\"><span style=\"color: #0b0080;\"><span style=\"font-size: medium;\">Rutherford<\/span><\/span><\/a><\/span><span style=\"color: #000000;\"><span style=\"font-family: Arial, sans-serif;\"><span style=\"font-size: medium;\">, succeduto a\u00a0<\/span><\/span><\/span><span style=\"color: #000080;\"><a href=\"http:\/\/it.wikipedia.org\/wiki\/Charles_Taze_Russell\"><span style=\"color: #0b0080;\"><span style=\"font-size: medium;\">Charles Taze Russell<\/span><\/span><\/a><\/span><span style=\"color: #000000;\"><span style=\"font-family: Arial, sans-serif;\"><span style=\"font-size: medium;\">\u00a0alla guida della Societ\u00e0 Torre di Guardia.<\/span><\/span><\/span><\/p>\n<p><span style=\"color: #000000;\"><span style=\"font-family: Arial, sans-serif;\"><span style=\"font-size: medium;\">Nel\u00a0<\/span><\/span><\/span><span style=\"color: #000080;\"><a href=\"http:\/\/it.wikipedia.org\/wiki\/1918\"><span style=\"color: #0b0080;\"><span style=\"font-size: medium;\">1918<\/span><\/span><\/a><\/span><span style=\"color: #000000;\"><span style=\"font-family: Arial, sans-serif;\"><span style=\"font-size: medium;\">\u00a0Rutheford licenzi\u00f2 Freytag dalla guida della sezione<\/span><\/span><\/span><span style=\"color: #000080;\"><a href=\"http:\/\/it.wikipedia.org\/wiki\/Svizzera\"><span style=\"color: #0b0080;\"><span style=\"font-size: medium;\">svizzera<\/span><\/span><\/a><\/span><span style=\"color: #000000;\"><span style=\"font-family: Arial, sans-serif;\"><span style=\"font-size: medium;\">\u00a0della societ\u00e0 e nel\u00a0<\/span><\/span><\/span><span style=\"color: #000080;\"><a href=\"http:\/\/it.wikipedia.org\/wiki\/1919\"><span style=\"color: #0b0080;\"><span style=\"font-size: medium;\">1919<\/span><\/span><\/a><\/span><span style=\"color: #000000;\"><span style=\"font-family: Arial, sans-serif;\"><span style=\"font-size: medium;\">\u00a0Freytag venne\u00a0<\/span><\/span><\/span><span style=\"color: #000080;\"><a href=\"http:\/\/it.wikipedia.org\/wiki\/Scomunica#La_scomunica_nelle_congregazioni_dei_Testimoni_di_Geova\"><span style=\"color: #0b0080;\"><span style=\"font-size: medium;\">disassociato<\/span><\/span><\/a><\/span><span style=\"color: #000000;\"><span style=\"font-family: Arial, sans-serif;\"><span style=\"font-size: medium;\">dagli studenti biblici. Secondo la versione dei\u00a0<\/span><\/span><\/span><span style=\"color: #000080;\"><a href=\"http:\/\/it.wikipedia.org\/wiki\/Testimoni_di_Geova\"><span style=\"color: #0b0080;\"><span style=\"font-size: medium;\">Testimoni di Geova<\/span><\/span><\/a><\/span><span style=\"color: #000000;\"><span style=\"font-family: Arial, sans-serif;\"><span style=\"font-size: medium;\">\u00a0{{Q|<\/span><\/span><\/span><span style=\"color: #000000;\"><span style=\"font-family: Arial, sans-serif;\"><span style=\"font-size: medium;\"><i>&#8220;Egli era stato autorizzato a pubblicare una traduzione francese della\u00a0<\/i><\/span><\/span><\/span><span style=\"color: #000080;\"><a href=\"http:\/\/it.wikipedia.org\/wiki\/Societ\u00e0_Torre_di_Guardia\"><span style=\"color: #0b0080;\"><span style=\"font-size: medium;\"><i>Torre di Guardia<\/i><\/span><\/span><\/a><\/span><span style=\"color: #000000;\"><span style=\"font-family: Arial, sans-serif;\"><span style=\"font-size: medium;\"><i>\u00a0e anche degli Studi sulle Scritture, ma abus\u00f2 della sua autorit\u00e0 pubblicando idee proprie. Quando il fratello Rutherford, presidente della\u00a0<\/i><\/span><\/span><\/span><span style=\"color: #000080;\"><a href=\"http:\/\/it.wikipedia.org\/wiki\/Societ\u00e0_Torre_di_Guardia\"><span style=\"color: #0b0080;\"><span style=\"font-size: medium;\"><i>Societ\u00e0<\/i><\/span><\/span><\/a><\/span><span style=\"color: #000000;\"><span style=\"font-family: Arial, sans-serif;\"><span style=\"font-size: medium;\"><i>, lo seppe, Freytag fu immediatamente congedato e l&#8217;ufficio di<\/i><\/span><\/span><\/span><span style=\"color: #000080;\"><a href=\"http:\/\/it.wikipedia.org\/wiki\/Ginevra\"><span style=\"color: #0b0080;\"><span style=\"font-size: medium;\"><i>Ginevra<\/i><\/span><\/span><\/a><\/span><span style=\"color: #000000;\"><span style=\"font-family: Arial, sans-serif;\"><span style=\"font-size: medium;\"><i>\u00a0venne chiuso. Tuttavia questi voleva continuare ad avere il controllo della propriet\u00e0 della Societ\u00e0 a\u00a0<\/i><\/span><\/span><\/span><span style=\"color: #000080;\"><a href=\"http:\/\/it.wikipedia.org\/wiki\/Ginevra\"><span style=\"color: #0b0080;\"><span style=\"font-size: medium;\"><i>Ginevra<\/i><\/span><\/span><\/a><\/span><span style=\"color: #000000;\"><span style=\"font-family: Arial, sans-serif;\"><span style=\"font-size: medium;\"><i>\u00a0e rifiut\u00f2 di rendere conto sulle questioni finanziarie. Inoltre voleva pubblicare una sua rivista dal titolo La Tour de Garde (<\/i><\/span><\/span><\/span><span style=\"color: #000080;\"><a href=\"http:\/\/it.wikipedia.org\/wiki\/Societ\u00e0_Torre_di_Guardia\"><span style=\"color: #0b0080;\"><span style=\"font-size: medium;\"><i>La Torre di Guardia<\/i><\/span><\/span><\/a><\/span><span style=\"color: #000000;\"><span style=\"font-family: Arial, sans-serif;\"><span style=\"font-size: medium;\"><i>). Fu avanzata un&#8217;azione legale da parte di Rutherford ma l&#8217;esito non \u00e8&#8217; stato ufficializzato (fonti controverse parlano di Sentenza a favore ed altre contro).<\/i><\/span><\/span><\/span><span style=\"color: #000000;\"><span style=\"font-family: Arial, sans-serif;\"><span style=\"font-size: medium;\">\u00a0Il movimento ha subito uno scisma nel 1947, pochi mesi dopo la morte di Freytag; B. Sayerce, in contrasto con la direzione\u00a0<\/span><\/span><\/span><span style=\"color: #000080;\"><a href=\"http:\/\/it.wikipedia.org\/wiki\/Svizzera\"><span style=\"color: #0b0080;\"><span style=\"font-size: medium;\">svizzera<\/span><\/span><\/a><\/span><span style=\"color: #000000;\"><span style=\"font-family: Arial, sans-serif;\"><span style=\"font-size: medium;\">\u00a0guidata da E. Ruffener, si dichiar\u00f2 successore di Freytag e\u00a0<\/span><\/span><\/span><span style=\"color: #000080;\"><a href=\"http:\/\/it.wikipedia.org\/wiki\/Schiavo_fedele_e_discreto\"><span style=\"color: #0b0080;\"><span style=\"font-size: medium;\"><i>Servitore fedele e prudente<\/i><\/span><\/span><\/a><\/span><span style=\"color: #000000;\"><span style=\"font-family: Arial, sans-serif;\"><span style=\"font-size: medium;\">. Si vennero cos\u00ec a creare due branche diverse tuttora esistenti del movimento, con diverse differenze dottrinali consistenti nel fatto che la branca francese degli Amici dell&#8217;uomo facente capo a Bernard Sayerce ha rinunciato in modo pi\u00f9 netto all&#8217;aspetto dottrinario contenuto nelle opere di Freytag, non pratica il\u00a0<\/span><\/span><\/span><span style=\"color: #000080;\"><a href=\"http:\/\/it.wikipedia.org\/wiki\/Battesimo\"><span style=\"color: #0b0080;\"><span style=\"font-size: medium;\">battesimo<\/span><\/span><\/a><\/span><span style=\"color: #000000;\"><span style=\"font-family: Arial, sans-serif;\"><span style=\"font-size: medium;\">, non celebra la commemorazione annuale della\u00a0<\/span><\/span><\/span><span style=\"color: #000080;\"><a href=\"http:\/\/it.wikipedia.org\/wiki\/Pasqua\"><span style=\"color: #0b0080;\"><span style=\"font-size: medium;\">pasqua<\/span><\/span><\/a><\/span><span style=\"color: #000000;\"><span style=\"font-family: Arial, sans-serif;\"><span style=\"font-size: medium;\">; inoltre crede solo che la Terra verr\u00e0 restaurata allo stato\u00a0<\/span><\/span><\/span><span style=\"color: #000080;\"><a href=\"http:\/\/it.wikipedia.org\/wiki\/Giardino_dell'Eden\"><span style=\"color: #0b0080;\"><span style=\"font-size: medium;\">edenico<\/span><\/span><\/a><\/span><span style=\"color: #000000;\"><span style=\"font-family: Arial, sans-serif;\"><span style=\"font-size: medium;\">\u00a0e che non esista alcun aldil\u00e0 celeste, non accettando quindi la dottrina dei 144.000 unti destinati al regno celeste. In\u00a0<\/span><\/span><\/span><span style=\"color: #000080;\"><a href=\"http:\/\/it.wikipedia.org\/wiki\/Francia\"><span style=\"color: #0b0080;\"><span style=\"font-size: medium;\">Francia<\/span><\/span><\/a><\/span><span style=\"color: #000000;\"><span style=\"font-family: Arial, sans-serif;\"><span style=\"font-size: medium;\">\u00a0\u00e8 comunque presente una parte del movimento rimasta fedele alla dottrina contenuta negli scritti di Freytag e alla direzione\u00a0<\/span><\/span><\/span><span style=\"color: #000080;\"><a href=\"http:\/\/it.wikipedia.org\/wiki\/Svizzera\"><span style=\"color: #0b0080;\"><span style=\"font-size: medium;\">svizzera<\/span><\/span><\/a><\/span><span style=\"color: #000000;\"><span style=\"font-family: Arial, sans-serif;\"><span style=\"font-size: medium;\">\u00a0e che ha il suo principale centro a\u00a0<\/span><\/span><\/span><span style=\"color: #000080;\"><a href=\"http:\/\/it.wikipedia.org\/wiki\/Parigi\"><span style=\"color: #0b0080;\"><span style=\"font-size: medium;\">Parigi<\/span><\/span><\/a><\/span><span style=\"color: #000000;\"><span style=\"font-family: Arial, sans-serif;\"><span style=\"font-size: medium;\">.<\/span><\/span><\/span><\/p>\n<p><span style=\"color: #444444;\"><span style=\"font-family: Arial, sans-serif;\"><span style=\"font-size: medium;\">In\u00a0<\/span><\/span><\/span><span style=\"color: #000080;\"><a href=\"http:\/\/it.wikipedia.org\/wiki\/Italia\"><span style=\"color: #0b0080;\"><span style=\"font-family: Arial, sans-serif;\"><span style=\"font-size: medium;\">Italia<\/span><\/span><\/span><\/a><\/span><span style=\"color: #444444;\"><span style=\"font-family: Arial, sans-serif;\"><span style=\"font-size: medium;\">\u00a0l&#8217;opera ha preso inizio nel\u00a0<\/span><\/span><\/span><span style=\"color: #000080;\"><a href=\"http:\/\/it.wikipedia.org\/wiki\/1946\"><span style=\"color: #0b0080;\"><span style=\"font-family: Arial, sans-serif;\"><span style=\"font-size: medium;\">1946<\/span><\/span><\/span><\/a><\/span><span style=\"color: #444444;\"><span style=\"font-family: Arial, sans-serif;\"><span style=\"font-size: medium;\">\u00a0a cura di Sebastiano Chiardola, e ha come proprio centro principale\u00a0<\/span><\/span><\/span><span style=\"color: #000080;\"><a href=\"http:\/\/it.wikipedia.org\/wiki\/Torino\"><span style=\"color: #0b0080;\"><span style=\"font-family: Arial, sans-serif;\"><span style=\"font-size: medium;\">Torino<\/span><\/span><\/span><\/a><\/span><span style=\"color: #444444;\"><span style=\"font-family: Arial, sans-serif;\"><span style=\"font-size: medium;\">\u00a0che \u00e8 rimasta sempre legata alla direzione\u00a0<\/span><\/span><\/span><span style=\"color: #000080;\"><a href=\"http:\/\/it.wikipedia.org\/wiki\/Svizzera\"><span style=\"color: #0b0080;\"><span style=\"font-family: Arial, sans-serif;\"><span style=\"font-size: medium;\">svizzera<\/span><\/span><\/span><\/a><\/span><span style=\"color: #444444;\"><span style=\"font-family: Arial, sans-serif;\"><span style=\"font-size: medium;\">\u00a0di\u00a0<\/span><\/span><\/span><span style=\"color: #000080;\"><a href=\"http:\/\/it.wikipedia.org\/wiki\/Cartigny_(Svizzera)\"><span style=\"color: #0b0080;\"><span style=\"font-family: Arial, sans-serif;\"><span style=\"font-size: medium;\">Cartigny<\/span><\/span><\/span><\/a><\/span><span style=\"color: #444444;\"><span style=\"font-family: Arial, sans-serif;\"><span style=\"font-size: medium;\">. Ad oggi essa conta 13 congregazioni pi\u00f9 alcuni altri gruppi isolati per un totale di circa 1.000 membri di cui circa 500 attivi nell&#8217;opera di evangelizzazione.<\/span><\/span><\/span><span style=\"color: #ff0000;\"><span style=\"font-family: Arial, sans-serif;\"><span style=\"font-size: medium;\">[<\/span><\/span><\/span><span style=\"color: #000080;\"><a href=\"http:\/\/it.wikipedia.org\/wiki\/Wikipedia:Uso_delle_fonti\"><span style=\"color: #0b0080;\"><span style=\"font-size: medium;\"><i>senza\u00a0fonte<\/i><\/span><\/span><\/a><\/span><span style=\"color: #ff0000;\"><span style=\"font-family: Arial, sans-serif;\"><span style=\"font-size: medium;\">]<\/span><\/span><\/span><span style=\"color: #000000;\"><span style=\"font-family: Arial, sans-serif;\"><span style=\"font-size: medium;\">\u00a0Direttore attuale dell&#8217;opera \u00e8\u00a0<\/span><\/span><\/span><span style=\"color: #000080;\"><span style=\"text-decoration: underline;\"><a href=\"http:\/\/it.wikipedia.org\/w\/index.php?title=Fabrizio_Gamberini&amp;action=edit&amp;redlink=1\"><span style=\"color: #a55858; text-decoration: underline;\"><span style=\"font-family: Arial, sans-serif;\"><span style=\"font-size: medium;\">Fabrizio Gamberini<\/span><\/span><\/span><\/a><\/span><\/span><span style=\"color: #000000;\"><span style=\"font-family: Arial, sans-serif;\"><span style=\"font-size: medium;\">.<\/span><\/span><\/span><\/p>\n<p><span style=\"color: #000000;\"><span style=\"font-family: Arial, sans-serif;\"><span style=\"font-size: medium;\"><a href=\"http:\/\/it.wikipedia.org\/wiki\/Chiesa_del_Regno_di_Dio\">http:\/\/it.wikipedia.org\/wiki\/Chiesa_del_Regno_di_Dio<\/a><\/span><\/span><\/span><\/p>\n<h2><\/h2>\n<h2><strong><span style=\"color: #0000ff;\"><span style=\"font-family: Arial, sans-serif;\"><span style=\"font-size: medium;\">Commenti da alcune pubblicazioni dei testimoni di Geova:<\/span><\/span><\/span><\/strong><\/h2>\n<p><span style=\"color: #000000;\"><span style=\"font-family: Arial, sans-serif;\"><span style=\"font-size: medium;\">Pertanto il fratello Binkele si prese cura dell\u2019ufficio centrale svizzero a Zurigo, mentre Alexandre Freytag dirigeva l\u2019\u201cufficio francese\u201d a Ginevra.<\/span><\/span><\/span><\/p>\n<p><span style=\"color: #000000;\"><span style=\"font-family: Arial, sans-serif;\"><span style=\"font-size: medium;\">Si ricorder\u00e0 che dopo che Alexandre Freytag aveva lasciato la verit\u00e0 nel 1919, i fratelli Delannoy, Lef\u00e8vre e Roussel erano stati nominati assistenti del fratello Zaugg in Francia.<\/span><\/span><\/span><\/p>\n<p><span style=\"color: #000000;\">\u2026<span style=\"font-family: Arial, sans-serif;\"><span style=\"font-size: medium;\">&#8230;&#8230;&#8230;&#8230;&#8230;&#8230;&#8230;permisero all\u2019orgoglio di minare la loro fede. Altri fecero la stessa cosa, fra cui Alexandre Freytag, responsabile dell\u2019ufficio della Societ\u00e0 a Ginevra, in Svizzera. Egli amava attirare l\u2019attenzione su di s\u00e9, aggiungeva le proprie idee nel tradurre in francese le pubblicazioni della Societ\u00e0, e us\u00f2 perfino l\u2019attrezzatura della Societ\u00e0 per pubblicare roba sua.<\/span><\/span><\/span><\/p>\n<p><span style=\"color: #000000;\"><span style=\"font-family: Arial, sans-serif;\"><span style=\"font-size: medium;\">Piu informazoni in yb81 p46-51,56, 89<\/span><\/span><\/span><\/p>\n<p>&nbsp;<\/p>\n<p>&nbsp;<\/p>\n<p>&nbsp;<\/p>\n<p>&nbsp;<\/p>\n","protected":false},"excerpt":{"rendered":"<p>quovadis.aps@gmail.com www.facebook.com\/quovadisaps www.quovadisaps.org Telefono \u00a0 \u00a0 392 1539014 Scismi\u00a0nei testimoni di Geova Alexandre Freytag http:\/\/www.eresie.it\/it\/Freytag.htm http:\/\/www.eresie.it\/it\/Russell.htm Chiesa del Regno di Dio Il movimento nasce a\u00a0Ginevra\u00a0nel\u00a01920\u00a0per opera del fotografoFerdinand Louis Alexandre Freytag\u00a0che era stato responsabile dal\u00a01912\u00a0al\u00a01918\u00a0della sezione\u00a0svizzera\u00a0della\u00a0Societ\u00e0 Torre di Guardia. Freytag cominci\u00f2 ad avere una visione diversa rispetto aRutherford, succeduto a\u00a0Charles Taze Russell\u00a0alla guida della Societ\u00e0 [&hellip;]<\/p>\n","protected":false},"author":1,"featured_media":4908,"comment_status":"closed","ping_status":"open","sticky":false,"template":"","format":"standard","meta":{"footnotes":""},"categories":[141],"tags":[],"class_list":["post-4901","post","type-post","status-publish","format-standard","has-post-thumbnail","hentry","category-s-c-i-s-m-i"],"views":4669,"_links":{"self":[{"href":"http:\/\/www.roccopoliti.it\/index.php?rest_route=\/wp\/v2\/posts\/4901","targetHints":{"allow":["GET"]}}],"collection":[{"href":"http:\/\/www.roccopoliti.it\/index.php?rest_route=\/wp\/v2\/posts"}],"about":[{"href":"http:\/\/www.roccopoliti.it\/index.php?rest_route=\/wp\/v2\/types\/post"}],"author":[{"embeddable":true,"href":"http:\/\/www.roccopoliti.it\/index.php?rest_route=\/wp\/v2\/users\/1"}],"replies":[{"embeddable":true,"href":"http:\/\/www.roccopoliti.it\/index.php?rest_route=%2Fwp%2Fv2%2Fcomments&post=4901"}],"version-history":[{"count":10,"href":"http:\/\/www.roccopoliti.it\/index.php?rest_route=\/wp\/v2\/posts\/4901\/revisions"}],"predecessor-version":[{"id":4913,"href":"http:\/\/www.roccopoliti.it\/index.php?rest_route=\/wp\/v2\/posts\/4901\/revisions\/4913"}],"wp:featuredmedia":[{"embeddable":true,"href":"http:\/\/www.roccopoliti.it\/index.php?rest_route=\/wp\/v2\/media\/4908"}],"wp:attachment":[{"href":"http:\/\/www.roccopoliti.it\/index.php?rest_route=%2Fwp%2Fv2%2Fmedia&parent=4901"}],"wp:term":[{"taxonomy":"category","embeddable":true,"href":"http:\/\/www.roccopoliti.it\/index.php?rest_route=%2Fwp%2Fv2%2Fcategories&post=4901"},{"taxonomy":"post_tag","embeddable":true,"href":"http:\/\/www.roccopoliti.it\/index.php?rest_route=%2Fwp%2Fv2%2Ftags&post=4901"}],"curies":[{"name":"wp","href":"https:\/\/api.w.org\/{rel}","templated":true}]}}