{"id":5852,"date":"2014-04-29T02:48:13","date_gmt":"2014-04-29T00:48:13","guid":{"rendered":"http:\/\/www.roccopoliti.it\/?p=5852"},"modified":"2014-04-29T02:55:41","modified_gmt":"2014-04-29T00:55:41","slug":"vaticano-exige-retirar-de-librerias-romanas-estampas-de-juan-pablo-ii-con-bendicion-de-jehova-2942014","status":"publish","type":"post","link":"http:\/\/www.roccopoliti.it\/?p=5852","title":{"rendered":"Vaticano exige retirar de librer\u00edas romanas estampas de Juan Pablo II con \u201cbendici\u00f3n\u201d de Jehov\u00e1. Ennesima bufala o verit\u00e0? 29\/4\/2014"},"content":{"rendered":"<h1 style=\"text-align: center;\"><a href=\"http:\/\/www.roccopoliti.it\/wp-content\/uploads\/2014\/04\/jehova.jpg\"><img loading=\"lazy\" decoding=\"async\" class=\"alignnone size-full wp-image-5853\" alt=\"jehova\" src=\"http:\/\/www.roccopoliti.it\/wp-content\/uploads\/2014\/04\/jehova.jpg\" width=\"500\" height=\"335\" srcset=\"http:\/\/www.roccopoliti.it\/wp-content\/uploads\/2014\/04\/jehova.jpg 500w, http:\/\/www.roccopoliti.it\/wp-content\/uploads\/2014\/04\/jehova-300x201.jpg 300w, http:\/\/www.roccopoliti.it\/wp-content\/uploads\/2014\/04\/jehova-120x80.jpg 120w\" sizes=\"auto, (max-width: 500px) 100vw, 500px\" \/><\/a><\/h1>\n<h1 style=\"text-align: center;\"><span style=\"color: #ff0000;\"><span style=\"font-family: Arial, sans-serif;\">Vaticano exige retirar de librer\u00edas romanas estampas de Juan Pablo II con \u201cbendici\u00f3n\u201d de Jehov\u00e1.<\/span><\/span><\/h1>\n<h2><span style=\"color: #006699;\"><span style=\"font-family: Arial, Helvetica, sans-serif;\"><span><span style=\"color: #000000;\"><span style=\"font-family: Arial, sans-serif;\"><span>ROMA, 23 agosto.\u00a0<\/span><\/span><\/span><span style=\"color: #000000;\"><span style=\"font-family: Arial, sans-serif;\"><span>14 \/ 16:56 (\u00a0<\/span><\/span><\/span><a href=\"http:\/\/www.aciprensa.com\/\" target=\"_self\"><span style=\"font-family: Arial, sans-serif;\"><span><b>CNA<\/b><\/span><\/span><\/a><span style=\"color: #000000;\"><span style=\"font-family: Arial, sans-serif;\"><span>\u00a0) -.\u00a0Libreria Editrice Vaticana L&#8217;inviato una lettera all&#8217;editore ATS Italia chiedendo il ritiro immediato di negozi di alcune stampe di <\/span><\/span><\/span><a href=\"http:\/\/www.aciprensa.com\/juanpabloii\/\"><span style=\"font-family: Arial, sans-serif;\"><span>Giovanni Paolo II<\/span><\/span><\/a><span style=\"color: #000000;\"><span style=\"font-family: Arial, sans-serif;\"><span> stampate nello stile di benedizioni papali tradizionali, tra cui un versetto tratto da una versione protestante della <\/span><\/span><\/span><a href=\"http:\/\/www.aciprensa.com\/Biblia\/index.html\"><span style=\"font-family: Arial, sans-serif;\"><span>Bibbia<\/span><\/span><\/a><span style=\"color: #000000;\"><span style=\"font-family: Arial, sans-serif;\"><span> che cambia il nome di Dio &#8220;Geova&#8221;.<\/span><\/span><\/span><\/span><\/span><\/span><\/h2>\n<h2><span style=\"color: #000000;\"><span style=\"font-family: Arial, sans-serif;\"><span>Centinaia di pellegrini di lingua sono a Roma per partecipare questa Domenica alla canonizzazione di Giovanni Paolo II e Giovanni XXIIII espresso stupore, se non la rabbia, vedendo la versione spagnola della benedizione di Giovanni Paolo II in vendita presso i principali rivenditori religioso.<\/span><\/span><\/span><\/h2>\n<h2><span style=\"color: #000000;\"><span style=\"font-family: Arial, sans-serif;\"><span>Il francobollo, decorato come benedizioni papali tradizionali su ordinazione, scatta una foto di Pontefice polacco ha ricordato, che \u00e8 sotto il titolo &#8220;Giovanni Paolo II&#8221;. Il titolo segue la preghiera familiare di benedizione dei Numeri 6,24-26: &#8220;Ti benedica il Signore e ti protegga, il Signore faccia brillare il suo volto su di te e ti sia propizio. Il Signore rivolga il suo volto su di te e ti conceda pace &#8220;.<\/span><\/span><\/span><\/h2>\n<h2><span style=\"color: #000000;\"><span style=\"font-family: Arial, sans-serif;\"><span>La brutta sorpresa \u00e8 che nella preghiera, la parola &#8220;Signore&#8221;, che \u00e8 suggerito dalla <\/span><\/span><\/span><a href=\"http:\/\/www.aciprensa.com\/iglesia\/index.html\"><span style=\"color: #006699;\"><span style=\"font-family: Arial, sans-serif;\"><span>Chiesa,<\/span><\/span><\/span><\/a><span style=\"color: #000000;\"><span style=\"font-family: Arial, sans-serif;\"><span> da utilizzare al posto della formula &#8220;Yahweh&#8221; &#8211; &#8220;. Geova&#8221; \u00e8 stato sostituito con il termine protestante e falso<\/span><\/span><\/span><\/h2>\n<h2><span style=\"color: #000000;\"><span style=\"font-family: Arial, sans-serif;\"><span>La benedizione \u00e8 stata stampata dalla societ\u00e0 ATS Italia Editrice ( <\/span><\/span><\/span><a href=\"http:\/\/www.atsitaliashop.it\/\"><span style=\"color: #006699;\"><span style=\"font-family: Arial, sans-serif;\"><span>http:\/\/www.atsitaliashop.it\/<\/span><\/span><\/span><\/a><span style=\"color: #000000;\"><span style=\"font-family: Arial, sans-serif;\"><span> ), e dei crediti che compaiono in caratteri minuscoli in basso a sinistra indica che il testo \u00e8 in &#8220;Biblioteca di licenza Editrice Vaticana &#8220;; cio\u00e8, la casa editrice ufficiale del Vaticano.<\/span><\/span><\/span><\/h2>\n<h2><span style=\"color: #000000;\"><span style=\"font-family: Arial, sans-serif;\"><span>Il direttore della Libreria Editrice Vaticana, don Giuseppe Costa, ha detto <\/span><\/span><\/span><a href=\"http:\/\/www.aciprensa.com\/\"><span style=\"color: #006699;\"><span style=\"font-family: Arial, sans-serif;\"><span>ACI<\/span><\/span><\/span><\/a><span style=\"color: #000000;\"><span style=\"font-family: Arial, sans-serif;\"><span> Prensa che la societ\u00e0 responsabile per le benedizioni di stampa &#8220;Bookstore stato implicato in un caso che non gli appartiene, come una citazione biblica non \u00e8 di propriet\u00e0 di questa entit\u00e0 ma la responsabilit\u00e0 diretta ed esclusiva della stampante. &#8220;<\/span><\/span><\/span><\/h2>\n<h2><span style=\"color: #000000;\"><span style=\"font-family: Arial, sans-serif;\"><span>Il P. Costa lamentato l&#8217;uso di una traduzione della Bibbia protestante, e ha detto che ha inviato una lettera alla societ\u00e0 chiedendo che hanno immediatamente ritirare dalla vendita le &#8220;benedizioni&#8221; che coinvolgono la Libreria Editrice Vaticana &#8220;mai visto o approvato il testo Bibbia utilizzata in modo scorretto. &#8220;<\/span><\/span><\/span><\/h2>\n<h2><span style=\"color: #000000;\"><span style=\"font-family: Arial, sans-serif;\"><span>CNA ha parlato con alcuni pellegrini di lingua spagnola che erano nei principali negozi che vendono souvenir e religiosi di tutto il Vaticano come Venditore e Comandini Ancora, Turella e negozi Soprani. La maggior parte ha espresso delusione, soprattutto quando la versione italiana e inglese utilizzati, rispettivamente, &#8220;il Signore&#8221; e &#8220;il Signore&#8221; (&#8220;Signore&#8221;) e non il termine biblico inventato dai protestanti.<\/span><\/span><\/span><\/h2>\n<h2><span style=\"color: #000000;\"><span style=\"font-family: Arial, sans-serif;\"><span>&#8220;E &#8216;deludente per venire a Roma e incontrare con la benedizione di Giovanni Paolo II spagnolo protestante&#8221; Denise, un pellegrino dal Costa Rica che stava comprando regali e souvenir a Soprani ha detto. &#8220;Penso che alla fine di acquistare copie in italiano per i miei parenti e amici&#8221;, ha aggiunto.<\/span><\/span><\/span><\/h2>\n<h2><span style=\"color: #000000;\"><span style=\"font-family: Arial, sans-serif;\"><span>&#8220;Mi bloccai, non mi aspettavo questo&#8221;, ha detto una suora venezuelano che stava prendendo un centinaio di rosari e numerose piccole stampe da Giovanni Paolo II nel Comandini nel famoso Borgo Pio. &#8220;Io non voglio comprare benedizioni che dicono &#8216;Geova&#8217;, dopo che ho passato anni a spiegare il <\/span><\/span><\/span><a href=\"http:\/\/www.aciprensa.com\/catequesis\/index.html\"><span style=\"color: #006699;\"><span style=\"font-family: Arial, sans-serif;\"><span>catechismo<\/span><\/span><\/span><\/a><span style=\"color: #000000;\"><span style=\"font-family: Arial, sans-serif;\"><span> che questo \u00e8 un termine non corretto, inventato da evangelici &#8220;, ha aggiunto.<\/span><\/span><\/span><\/h2>\n<h2><span style=\"color: #000000;\"><span style=\"font-family: Arial, sans-serif;\"><span>Cinque giorni prima della canonizzazione di Giovanni Paolo II e Giovanni XXIII, Roma e vivere in uno stato di fermento con la crescente presenza di pellegrini negozi, servizi e ristoranti di riempimento.<\/span><\/span><\/span><\/h2>\n<h2><span style=\"color: #000000;\"><span style=\"font-family: Arial, sans-serif;\"><span>Egli ricorda la Rete Iberoamericana per lo Studio delle <\/span><\/span><\/span><a href=\"http:\/\/www.aciprensa.com\/sectas\/index.html\"><span style=\"color: #006699;\"><span style=\"font-family: Arial, sans-serif;\"><span>sette<\/span><\/span><\/span><\/a><span style=\"color: #000000;\"><span style=\"font-family: Arial, sans-serif;\"><span> , &#8220;Geova \u00e8 una parola o errata interpretazione del nome di Dio. sbagliato&#8221;.<\/span><\/span><\/span><\/h2>\n<h2><span style=\"color: #000000;\"><span style=\"font-family: Arial, sans-serif;\"><span>&#8220;La parola &#8216;Geova&#8217; non esiste fino all&#8217;anno 1000. La ragione di questo \u00e8 che l&#8217;Antico Testamento \u00e8 stato scritto solo con consonanti puri, le vocali non sono stati scritti, ma erano conosciuti e utilizzati attraverso la tradizione. In realt\u00e0 molti antichi popoli semitici fatto che con i suoi scritti, pi\u00f9 forte di loro nel processo di comunicazione non era esattamente la scrittura ma il linguaggio orale o verbale &#8220;.<\/span><\/span><\/span><\/h2>\n<h2><span style=\"color: #000000;\"><span style=\"font-family: Arial, sans-serif;\"><span>&#8220;Sicuramente Charles Russell, che fu il fondatore dei Testimoni di Geova nel 1876, non sapeva nulla di tutto questo, in modo da mettere come un distintivo di coloro che presumibilmente avrebbe usato il vero nome di Dio, ma \u00e8 andato il contrario, perch\u00e9 promuovere il nome sbagliato. Questo \u00e8 il primo motivo per cui non abbiamo usato nella Chiesa cattolica &#8220;, aggiunge.<\/span><\/span><\/span><\/h2>\n<h2><span style=\"font-family: Arial, sans-serif; color: #0000ff;\"><a href=\"http:\/\/www.aciprensa.com\/noticias\/vaticano-exige-retirar-de-librerias-romanas-estampas-de-juan-pablo-ii-con-bendicion-de-jehova-77827\/#.U170fPl_t1Y\"><span style=\"color: #0000ff;\">http:\/\/www.aciprensa.com\/noticias\/vaticano-exige-retirar-de-librerias-romanas-estampas-de-juan-pablo-ii-con-bendicion-de-jehova-77827\/#.U170fPl_t1Y<\/span><\/a><\/span><\/h2>\n<h1 style=\"text-align: center;\"><\/h1>\n<h1 style=\"text-align: center;\"><span style=\"color: #ff0000;\">I TESTIMONI DI GEOVA <\/span><\/h1>\n<h1 style=\"text-align: center;\"><span style=\"color: #ff0000;\">LO STANNO \u00a0FACENDO GIRARE<\/span><\/h1>\n<h1 style=\"text-align: center;\"><span style=\"color: #ff0000;\">E&#8217; L&#8217;ENNESIMA BUFALA <\/span><\/h1>\n<h1 style=\"text-align: center;\"><span style=\"color: #ff0000;\">OPPURE E&#8217; TUTTO VERO?<\/span><\/h1>\n<p style=\"text-align: center;\"><a href=\"http:\/\/www.roccopoliti.it\/wp-content\/uploads\/2014\/04\/Q-QUO-VADIS-FB21.jpg\"><img loading=\"lazy\" decoding=\"async\" class=\"alignnone size-full wp-image-5782\" alt=\"Q-QUO-VADIS-FB2\" src=\"http:\/\/www.roccopoliti.it\/wp-content\/uploads\/2014\/04\/Q-QUO-VADIS-FB21.jpg\" width=\"1000\" height=\"379\" srcset=\"http:\/\/www.roccopoliti.it\/wp-content\/uploads\/2014\/04\/Q-QUO-VADIS-FB21.jpg 1000w, http:\/\/www.roccopoliti.it\/wp-content\/uploads\/2014\/04\/Q-QUO-VADIS-FB21-300x113.jpg 300w\" sizes=\"auto, (max-width: 1000px) 100vw, 1000px\" \/><\/a><\/p>\n<h2 style=\"text-align: center;\"><span style=\"color: #0000ff;\">www.facebook.com\/quovadisaps<\/span><\/h2>\n<h2 style=\"text-align: center;\" align=\"LEFT\"><span style=\"color: #0000ff;\">\u00a0www.quovadisaps.org<\/span><\/h2>\n<h2 style=\"text-align: center;\" align=\"LEFT\"><span style=\"color: #0000ff;\">\u00a0quovadis.aps@gmail.com \u00a0<\/span><\/h2>\n<h2 style=\"text-align: center;\" align=\"LEFT\"><span style=\"color: #0000ff;\">telefono \u00a0392 1539014<\/span><\/h2>\n","protected":false},"excerpt":{"rendered":"<p>Vaticano exige retirar de librer\u00edas romanas estampas de Juan Pablo II con \u201cbendici\u00f3n\u201d de Jehov\u00e1. ROMA, 23 agosto.\u00a014 \/ 16:56 (\u00a0CNA\u00a0) -.\u00a0Libreria Editrice Vaticana L&#8217;inviato una lettera all&#8217;editore ATS Italia chiedendo il ritiro immediato di negozi di alcune stampe di Giovanni Paolo II stampate nello stile di benedizioni papali tradizionali, tra cui un versetto tratto [&hellip;]<\/p>\n","protected":false},"author":1,"featured_media":0,"comment_status":"closed","ping_status":"open","sticky":false,"template":"","format":"standard","meta":{"footnotes":""},"categories":[4,50],"tags":[],"class_list":["post-5852","post","type-post","status-publish","format-standard","hentry","category-documenti","category-web"],"views":4535,"_links":{"self":[{"href":"http:\/\/www.roccopoliti.it\/index.php?rest_route=\/wp\/v2\/posts\/5852","targetHints":{"allow":["GET"]}}],"collection":[{"href":"http:\/\/www.roccopoliti.it\/index.php?rest_route=\/wp\/v2\/posts"}],"about":[{"href":"http:\/\/www.roccopoliti.it\/index.php?rest_route=\/wp\/v2\/types\/post"}],"author":[{"embeddable":true,"href":"http:\/\/www.roccopoliti.it\/index.php?rest_route=\/wp\/v2\/users\/1"}],"replies":[{"embeddable":true,"href":"http:\/\/www.roccopoliti.it\/index.php?rest_route=%2Fwp%2Fv2%2Fcomments&post=5852"}],"version-history":[{"count":11,"href":"http:\/\/www.roccopoliti.it\/index.php?rest_route=\/wp\/v2\/posts\/5852\/revisions"}],"predecessor-version":[{"id":5864,"href":"http:\/\/www.roccopoliti.it\/index.php?rest_route=\/wp\/v2\/posts\/5852\/revisions\/5864"}],"wp:attachment":[{"href":"http:\/\/www.roccopoliti.it\/index.php?rest_route=%2Fwp%2Fv2%2Fmedia&parent=5852"}],"wp:term":[{"taxonomy":"category","embeddable":true,"href":"http:\/\/www.roccopoliti.it\/index.php?rest_route=%2Fwp%2Fv2%2Fcategories&post=5852"},{"taxonomy":"post_tag","embeddable":true,"href":"http:\/\/www.roccopoliti.it\/index.php?rest_route=%2Fwp%2Fv2%2Ftags&post=5852"}],"curies":[{"name":"wp","href":"https:\/\/api.w.org\/{rel}","templated":true}]}}