{"id":6298,"date":"2014-05-26T01:05:21","date_gmt":"2014-05-25T23:05:21","guid":{"rendered":"http:\/\/www.roccopoliti.it\/?p=6298"},"modified":"2014-05-26T01:07:25","modified_gmt":"2014-05-25T23:07:25","slug":"gerrit-losch-arrivera-da-brooklyn-new-york-per-inaugurare-alcune-sale-del-regno-2652014","status":"publish","type":"post","link":"http:\/\/www.roccopoliti.it\/?p=6298","title":{"rendered":"Gerrit L\u00f6sch arriver\u00e0 da Brooklyn (New York)  per inaugurare alcune  Sale del Regno. 26\/5\/2014"},"content":{"rendered":"<h1 style=\"text-align: center;\" align=\"LEFT\"><a href=\"http:\/\/www.roccopoliti.it\/wp-content\/uploads\/2014\/05\/1400770581.jpg\"><img loading=\"lazy\" decoding=\"async\" class=\"alignnone size-full wp-image-6300\" alt=\"1400770581\" src=\"http:\/\/www.roccopoliti.it\/wp-content\/uploads\/2014\/05\/1400770581.jpg\" width=\"540\" height=\"358\" srcset=\"http:\/\/www.roccopoliti.it\/wp-content\/uploads\/2014\/05\/1400770581.jpg 540w, http:\/\/www.roccopoliti.it\/wp-content\/uploads\/2014\/05\/1400770581-300x198.jpg 300w, http:\/\/www.roccopoliti.it\/wp-content\/uploads\/2014\/05\/1400770581-120x80.jpg 120w\" sizes=\"auto, (max-width: 540px) 100vw, 540px\" \/><\/a><\/h1>\n<h1 style=\"text-align: center;\" align=\"LEFT\"><span style=\"color: #ff0000;\"><span style=\"font-family: Arial, sans-serif;\"><span style=\"font-size: x-large;\"><b>Gerrit L\u00f6sch arriver\u00e0 da Brooklyn (New York) <\/b><\/span><\/span><\/span><\/h1>\n<h1 style=\"text-align: center;\" align=\"LEFT\"><span style=\"color: #ff0000;\"><span style=\"font-family: Arial, sans-serif;\"><span style=\"font-size: x-large;\"><b>per inaugurare alcune <\/b><\/span><\/span><\/span><\/h1>\n<h1 style=\"text-align: center;\" align=\"LEFT\"><span style=\"color: #ff0000;\"><span style=\"font-family: Arial, sans-serif;\"><span style=\"font-size: x-large;\"><b>Sale del Regno.\u00a0<\/b><\/span><\/span><\/span><\/h1>\n<p align=\"LEFT\"><span style=\"color: #0000ff;\"><span style=\"font-family: Arial, sans-serif;\"><span style=\"font-size: medium;\"><b>23\/05\/2014 &#8211; AUTOFINANZIATA E FATTA IN UN ANNO: APRE SALA DEL REGNO TESTIMONI GEOVA<\/b><\/span><\/span><\/span><\/p>\n<p align=\"LEFT\"><span style=\"color: #000000;\"><span style=\"font-family: Arial, sans-serif;\"><span style=\"font-size: medium;\"><b>Montenero di Bisaccia.\u00a0Nuovo luogo di culto per i Testimoni di Geova del Basso Molise e in particolare per la comunit\u00e0 di Petacciato. Sabato 24 Maggio, alle 16, verr\u00e0 inaugurata una \u201cSala del Regno\u201d situata lungo la strada provinciale 199 per Montenero di Bisaccia in contrada Forma Vecchia.<br \/>\n\u00abIl programma di inaugurazione \u2013 fa sapere la comunit\u00e0 dei Testimoni di Geova &#8211; prevede il collegamento in diretta streaming audio-video con un altro luogo di culto dei testimoni di Geova che sar\u00e0 inaugurato in contemporanea anche a Pescara. Il discorso di inaugurazione per questo duplice evento sar\u00e0 pronunciato da Gerrit L\u00f6sch che arriver\u00e0 da Brooklyn (New York) dove si trova la sede mondiale dei testimoni di Geova. Da tempo la comunit\u00e0 dei testimoni di Geova di Petacciato attendeva di realizzare un luogo di culto di propriet\u00e0. Salgono cos\u00ec a sette i centri di culto utilizzati dalle tredici congregazioni (o comunit\u00e0) della provincia di Campobasso che vi si riuniscono a turno. Nel nuovo locale si raduner\u00e0 anche una congregazione di lingua romena che opera con successo nella zona gi\u00e0 da circa otto anni.<br \/>\nI Testimoni hanno interamente autofinanziato l\u2019opera di costruzione mediante offerte volontarie e hanno donato il loro tempo nei fine settimana e nei periodi di ferie. Hanno partecipato ai lavori uomini e donne, giovani e anziani, lavoratori specializzati e non. Complessivamente circa 370 volontari hanno dato il loro contributo. In alcuni giorni festivi un massimo di 104 Testimoni d\u2019ogni et\u00e0 lavoravano insieme con operosit\u00e0 e ordine. Durante la cerimonia di inaugurazione saranno anche proiettate immagini che illustreranno ai presenti le varie fasi dei lavori eseguiti e il generoso impegno di tutti i Testimoni che vi hanno partecipato.<br \/>\nLa costruzione ha richiesto 12 mesi ed \u00e8 costituita da una sala principale, con una capienza di circa 200 posti, una sala minore e il locale che ospita la biblioteca. Il centro verr\u00e0 utilizzato da tre comunit\u00e0 di lingua italiana e una di lingua romena che vi si raduneranno a turno due volte alla settimana. In totale oltre 600 persone, fra Testimoni e simpatizzanti, della zona avranno ora la possibilit\u00e0 di riunirsi in questo locale per essere istruiti, alla luce dei princ\u00ecpi biblici, sui valori della famiglia, della morale e del rispetto cristiano. Chiunque lo vorr\u00e0 potr\u00e0 assistere alle funzioni liberamente; l\u2019ingresso \u00e8 aperto al pubblico e non si dovranno pagare somme di denaro per l\u2019accesso.<br \/>\nLa nuova Sala del Regno diventer\u00e0 anche un punto di riferimento per organizzare l\u2019opera di evangelizzazione dei Testimoni. Il centro ospiter\u00e0 anche la celebrazione di matrimoni validi a tutti gli effetti civili in quanto esistono ministri di culto dei testimoni di Geova autorizzati dallo Stato italiano a tale scopo, in virt\u00f9 del riconoscimento legale come confessione religiosa concesso loro dallo Stato italiano\u00bb.<\/b><\/span><\/span><\/span><\/p>\n<h2 align=\"LEFT\"><span style=\"color: #0000ff;\"><b><a href=\"http:\/\/www.primonumero.it\/attualita\/news\/1400770581_montenero-di-bisaccia-autofinanziata-e-fatta-in-un-anno-apre-sala-del-regno-testimoni-geova.html\"><span style=\"color: #0000ff;\">http:\/\/www.primonumero.it\/attualita\/news\/1400770581_montenero-di-bisaccia-autofinanziata-e-fatta-in-un-anno-apre-sala-del-regno-testimoni-geova.html<\/span><\/a><\/b><\/span><\/h2>\n<p><a href=\"http:\/\/www.roccopoliti.it\/wp-content\/uploads\/2014\/04\/Q-QUO-VADIS-FB2.jpg\"><img loading=\"lazy\" decoding=\"async\" alt=\"Q-QUO-VADIS-FB2\" src=\"http:\/\/www.roccopoliti.it\/wp-content\/uploads\/2014\/04\/Q-QUO-VADIS-FB2.jpg\" width=\"7400\" height=\"2808\" \/><\/a><\/p>\n<h2 align=\"CENTER\"><span style=\"color: #0000ff;\">www.facebook.com\/quovadisaps<\/span><\/h2>\n<h2 align=\"CENTER\"><span style=\"color: #0000ff;\"><a name=\"_GoBack\"><\/a>\u00a0\u00a0<b>www.quovadisaps.org<\/b><\/span><\/h2>\n<h2 align=\"CENTER\"><span style=\"color: #0000ff;\">\u00a0<b>quovadis.aps@gmail.com<\/b><\/span><\/h2>\n<h2 align=\"CENTER\"><span style=\"color: #0000ff;\">telefono \u00a0392 1539014<\/span><\/h2>\n","protected":false},"excerpt":{"rendered":"<p>Gerrit L\u00f6sch arriver\u00e0 da Brooklyn (New York) per inaugurare alcune Sale del Regno.\u00a0 23\/05\/2014 &#8211; AUTOFINANZIATA E FATTA IN UN ANNO: APRE SALA DEL REGNO TESTIMONI GEOVA Montenero di Bisaccia.\u00a0Nuovo luogo di culto per i Testimoni di Geova del Basso Molise e in particolare per la comunit\u00e0 di Petacciato. Sabato 24 Maggio, alle 16, verr\u00e0 [&hellip;]<\/p>\n","protected":false},"author":1,"featured_media":0,"comment_status":"closed","ping_status":"open","sticky":false,"template":"","format":"standard","meta":{"footnotes":""},"categories":[172],"tags":[],"class_list":["post-6298","post","type-post","status-publish","format-standard","hentry","category-inaugurazione-sale-del-regno"],"views":3603,"_links":{"self":[{"href":"http:\/\/www.roccopoliti.it\/index.php?rest_route=\/wp\/v2\/posts\/6298","targetHints":{"allow":["GET"]}}],"collection":[{"href":"http:\/\/www.roccopoliti.it\/index.php?rest_route=\/wp\/v2\/posts"}],"about":[{"href":"http:\/\/www.roccopoliti.it\/index.php?rest_route=\/wp\/v2\/types\/post"}],"author":[{"embeddable":true,"href":"http:\/\/www.roccopoliti.it\/index.php?rest_route=\/wp\/v2\/users\/1"}],"replies":[{"embeddable":true,"href":"http:\/\/www.roccopoliti.it\/index.php?rest_route=%2Fwp%2Fv2%2Fcomments&post=6298"}],"version-history":[{"count":4,"href":"http:\/\/www.roccopoliti.it\/index.php?rest_route=\/wp\/v2\/posts\/6298\/revisions"}],"predecessor-version":[{"id":6303,"href":"http:\/\/www.roccopoliti.it\/index.php?rest_route=\/wp\/v2\/posts\/6298\/revisions\/6303"}],"wp:attachment":[{"href":"http:\/\/www.roccopoliti.it\/index.php?rest_route=%2Fwp%2Fv2%2Fmedia&parent=6298"}],"wp:term":[{"taxonomy":"category","embeddable":true,"href":"http:\/\/www.roccopoliti.it\/index.php?rest_route=%2Fwp%2Fv2%2Fcategories&post=6298"},{"taxonomy":"post_tag","embeddable":true,"href":"http:\/\/www.roccopoliti.it\/index.php?rest_route=%2Fwp%2Fv2%2Ftags&post=6298"}],"curies":[{"name":"wp","href":"https:\/\/api.w.org\/{rel}","templated":true}]}}