{"id":6901,"date":"2014-06-29T23:16:21","date_gmt":"2014-06-29T21:16:21","guid":{"rendered":"http:\/\/www.roccopoliti.it\/?p=6901"},"modified":"2014-07-01T21:49:32","modified_gmt":"2014-07-01T19:49:32","slug":"6901","status":"publish","type":"post","link":"http:\/\/www.roccopoliti.it\/?p=6901","title":{"rendered":"LAMPI DI LUCE DIVINA 29\/6\/2014"},"content":{"rendered":"<h1 align=\"CENTER\"><a href=\"http:\/\/www.roccopoliti.it\/wp-content\/uploads\/2014\/06\/13059046_luce.jpg\"><img loading=\"lazy\" decoding=\"async\" class=\"alignnone size-full wp-image-6902\" alt=\"13059046_luce\" src=\"http:\/\/www.roccopoliti.it\/wp-content\/uploads\/2014\/06\/13059046_luce.jpg\" width=\"300\" height=\"300\" srcset=\"http:\/\/www.roccopoliti.it\/wp-content\/uploads\/2014\/06\/13059046_luce.jpg 300w, http:\/\/www.roccopoliti.it\/wp-content\/uploads\/2014\/06\/13059046_luce-150x150.jpg 150w\" sizes=\"auto, (max-width: 300px) 100vw, 300px\" \/><\/a><\/h1>\n<h1 align=\"CENTER\"><span style=\"font-family: Arial, sans-serif; color: #ff0000;\"><span style=\"font-size: x-large;\"><b>LAMPI DI LUCE DIVINA<\/b><\/span><\/span><\/h1>\n<p align=\"CENTER\"><span style=\"font-family: Arial, sans-serif; color: #0000ff;\"><span style=\"font-size: medium;\"><b><span style=\"font-size: x-large;\">1) Dal libro \u201cRisplendete come illuminatori nel mondo\u201d<\/span><\/b><\/span><\/span><\/p>\n<p align=\"CENTER\"><span style=\"color: #0000ff;\"> <span style=\"font-family: Arial, sans-serif;\"><span style=\"font-size: medium;\"><b><span style=\"font-size: x-large;\">Libro di testo per la scuola del servizio di Pioniere <\/span><\/b><\/span><\/span><\/span><\/p>\n<p align=\"CENTER\"><span style=\"font-family: Arial, sans-serif;\"><span style=\"font-size: medium;\"><b><span style=\"color: #0000ff;\"><span style=\"font-size: x-large;\">del 2004 a pagina 46 \u00e8 scritto:<\/span><\/span><\/b><\/span><\/span><\/p>\n<p>&nbsp;<\/p>\n<p align=\"LEFT\"><span style=\"color: #37404e;\">\u201c<\/span><span style=\"font-family: Arial, sans-serif;\"><span style=\"font-size: medium;\"><b><span style=\"color: #37404e;\">Ciascuno dovrebbe esaminarsi sotto questo aspetto. Potete chiedervi: \u201cMi sottometto pienamente a Geova e all\u2019organizzazione diretta dal suo spirito? Sono davvero sottomesso in ogni cosa in modo da non essere io a dirigere i miei passi? Vivo la mia vita riconoscendo pienamente la sovranit\u00e0 di Geova? Sono leale e devota a Geova, alla sua congregazione\u2026\u201d<\/span> <\/b><\/span><\/span><\/p>\n<p align=\"CENTER\"><span style=\"font-family: Arial, sans-serif; color: #0000ff;\"><span style=\"font-size: medium;\"><b><span style=\"font-size: x-large;\">2) Cosa dice la societ\u00e0 <\/span><\/b><\/span><\/span><\/p>\n<p align=\"CENTER\"><span style=\"font-family: Arial, sans-serif; color: #0000ff;\"><span style=\"font-size: medium;\"><b><span style=\"font-size: x-large;\">Torre di Guardia <\/span><\/b><\/span><\/span><\/p>\n<p align=\"CENTER\"><span style=\"font-family: Arial, sans-serif; color: #0000ff;\"><span style=\"font-size: medium;\"><b><span style=\"font-size: x-large;\">sulla credulit\u00e0 delle <\/span><\/b><\/span><\/span><\/p>\n<p align=\"CENTER\"><span style=\"font-family: Arial, sans-serif;\"><span style=\"font-size: medium;\"><b><span style=\"color: #0000ff;\"><span style=\"font-size: x-large;\">persone del mondo?<\/span><\/span><\/b><\/span><\/span><\/p>\n<p>&nbsp;<\/p>\n<p align=\"LEFT\"><span style=\"color: #37404e;\">\u201c<\/span><span style=\"font-family: Arial, sans-serif;\"><span style=\"font-size: medium;\"><b><span style=\"color: #37404e;\">I creduli non possono sostenere il peso di pensare, ponderare le prove e riflettere logicamente sulle cause e i risultati. Essi agiscono secondo emozioni, sentimenti o timore. Credono per inclinazione, pregiudizi e circostanze o speranza di ricompensa, e cos\u00ec, in fatto di religione, sono soggettivi invece che obiettivi\u201d. (La Torre di Guardia 15\/2\/1955, p. 117)<\/span><\/b><\/span><\/span><\/p>\n<h2><span style=\"text-decoration: underline;\"><span style=\"color: #37404e; text-decoration: underline;\">Ma non sono i testimoni di Geova che credono a tutto quello che viene insegnato dallo schiavo fedele?<\/span><\/span><\/h2>\n<p align=\"CENTER\"><span style=\"font-family: Arial, sans-serif; color: #0000ff;\"><span style=\"font-size: medium;\"><b><span style=\"font-size: x-large;\">3) BAMBINO DI 15 ANNI <\/span><\/b><\/span><\/span><\/p>\n<p align=\"CENTER\"><span style=\"font-family: Arial, sans-serif; color: #0000ff;\"><span style=\"font-size: medium;\"><b><span style=\"font-size: x-large;\">FU NOMINATO <\/span><\/b><\/span><\/span><\/p>\n<p align=\"CENTER\"><span style=\"font-family: Arial, sans-serif;\"><span style=\"font-size: medium;\"><b><span style=\"color: #0000ff;\"><span style=\"font-size: x-large;\">SORVEGLIANTE DI CONGREGAZIONE.<\/span><\/span><\/b><\/span><\/span><\/p>\n<p>&nbsp;<\/p>\n<p align=\"LEFT\"><span style=\"color: #37404e;\">\u201c\u2026 <\/span><span style=\"font-family: Arial, sans-serif;\"><span style=\"font-size: medium;\"><b><span style=\"color: #37404e;\">E ci fu poi un certo ragazzo abitante in una grande citt\u00e0 dell\u2019America centrale. A nove anni difendeva con vigore la sua religione avventista nelle conversazioni coi testimoni di Geova. Poi un giorno decise di assistere a un\u2019adunanza dei testimoni\u2026 ma ci\u00f2 che vide suscit\u00f2 tale interesse in lui che accett\u00f2 l\u2019invito di assistere il\u00a0seguente marted\u00ec a un\u2019adunanza di studio biblico a domicilio.<br \/>\n\u2026 Alcuni mesi dopo, a dieci anni, si battezz\u00f2 in ubbidienza al comando dato in Matteo 28:19, 20. Poco dopo entr\u00f2 nelle file dei ministri pionieri in servizio continuo e due anni pi\u00f9 tardi fu nominato insieme a sua madre ministro pioniere speciale. \u2026 A quindici anni fu nominato sorvegliante di congregazione, ricevendo nello stesso tempo altri compiti di responsabilit\u00e0 da adempiere, come quello di conduttore dello studio Torre di Guardia della congregazione e di servitore della Scuola di Ministero Teocratico\u201d. (La Torre di Guardia del 15 novembre 1968, pagina 678)<\/span> <\/b><\/span><\/span><\/p>\n<h1 style=\"text-align: center;\" align=\"LEFT\"><span style=\"color: #3366ff;\">4)LUCE VERA&#8230;.<\/span><\/h1>\n<h1 style=\"text-align: center;\" align=\"LEFT\"><span style=\"color: #3366ff;\">PERO&#8217;&#8230;.IMMAGINI MANIPOLATE<\/span><\/h1>\n<p style=\"text-align: center;\"><a href=\"http:\/\/www.roccopoliti.it\/wp-content\/uploads\/2014\/06\/1995_jw_education2.jpg\"><img loading=\"lazy\" decoding=\"async\" class=\"alignnone size-full wp-image-6915\" alt=\"1995_jw_education2\" src=\"http:\/\/www.roccopoliti.it\/wp-content\/uploads\/2014\/06\/1995_jw_education2.jpg\" width=\"616\" height=\"400\" srcset=\"http:\/\/www.roccopoliti.it\/wp-content\/uploads\/2014\/06\/1995_jw_education2.jpg 616w, http:\/\/www.roccopoliti.it\/wp-content\/uploads\/2014\/06\/1995_jw_education2-300x194.jpg 300w\" sizes=\"auto, (max-width: 616px) 100vw, 616px\" \/><\/a> <a href=\"http:\/\/www.roccopoliti.it\/wp-content\/uploads\/2014\/06\/dgrcau.jpg\"><img loading=\"lazy\" decoding=\"async\" class=\"alignnone size-full wp-image-6916\" alt=\"dgrcau\" src=\"http:\/\/www.roccopoliti.it\/wp-content\/uploads\/2014\/06\/dgrcau.jpg\" width=\"500\" height=\"319\" srcset=\"http:\/\/www.roccopoliti.it\/wp-content\/uploads\/2014\/06\/dgrcau.jpg 500w, http:\/\/www.roccopoliti.it\/wp-content\/uploads\/2014\/06\/dgrcau-300x191.jpg 300w\" sizes=\"auto, (max-width: 500px) 100vw, 500px\" \/><\/a> <a href=\"http:\/\/www.roccopoliti.it\/wp-content\/uploads\/2014\/06\/photo_manipulatoin_02.jpg\"><img loading=\"lazy\" decoding=\"async\" class=\"alignnone size-full wp-image-6917\" alt=\"photo_manipulatoin_02\" src=\"http:\/\/www.roccopoliti.it\/wp-content\/uploads\/2014\/06\/photo_manipulatoin_02.jpg\" width=\"730\" height=\"235\" srcset=\"http:\/\/www.roccopoliti.it\/wp-content\/uploads\/2014\/06\/photo_manipulatoin_02.jpg 730w, http:\/\/www.roccopoliti.it\/wp-content\/uploads\/2014\/06\/photo_manipulatoin_02-300x96.jpg 300w\" sizes=\"auto, (max-width: 730px) 100vw, 730px\" \/><\/a><\/p>\n<p><a href=\"http:\/\/www.roccopoliti.it\/wp-content\/uploads\/2014\/04\/Q-QUO-VADIS-FB2.jpg\"><img loading=\"lazy\" decoding=\"async\" alt=\"Q-QUO-VADIS-FB2\" src=\"http:\/\/www.roccopoliti.it\/wp-content\/uploads\/2014\/04\/Q-QUO-VADIS-FB2.jpg\" width=\"7400\" height=\"2808\" \/><\/a><\/p>\n<h2 align=\"CENTER\"><span style=\"color: #0000ff;\">www.facebook.com\/quovadisaps<\/span><\/h2>\n<h2 align=\"CENTER\"><span style=\"color: #0000ff;\"><a name=\"_GoBack\"><\/a>\u00a0\u00a0www.quovadisaps.org<\/span><\/h2>\n<h2 align=\"CENTER\"><span style=\"color: #0000ff;\">\u00a0quovadis.aps@gmail.com<\/span><\/h2>\n<h2 align=\"CENTER\"><span style=\"color: #0000ff;\">telefono \u00a0392 1539014<\/span><\/h2>\n","protected":false},"excerpt":{"rendered":"<p>LAMPI DI LUCE DIVINA 1) Dal libro \u201cRisplendete come illuminatori nel mondo\u201d Libro di testo per la scuola del servizio di Pioniere del 2004 a pagina 46 \u00e8 scritto: &nbsp; \u201cCiascuno dovrebbe esaminarsi sotto questo aspetto. Potete chiedervi: \u201cMi sottometto pienamente a Geova e all\u2019organizzazione diretta dal suo spirito? Sono davvero sottomesso in ogni cosa [&hellip;]<\/p>\n","protected":false},"author":1,"featured_media":0,"comment_status":"closed","ping_status":"open","sticky":false,"template":"","format":"standard","meta":{"footnotes":""},"categories":[192],"tags":[],"class_list":["post-6901","post","type-post","status-publish","format-standard","hentry","category-lampi-di-luce-divina"],"views":3989,"_links":{"self":[{"href":"http:\/\/www.roccopoliti.it\/index.php?rest_route=\/wp\/v2\/posts\/6901","targetHints":{"allow":["GET"]}}],"collection":[{"href":"http:\/\/www.roccopoliti.it\/index.php?rest_route=\/wp\/v2\/posts"}],"about":[{"href":"http:\/\/www.roccopoliti.it\/index.php?rest_route=\/wp\/v2\/types\/post"}],"author":[{"embeddable":true,"href":"http:\/\/www.roccopoliti.it\/index.php?rest_route=\/wp\/v2\/users\/1"}],"replies":[{"embeddable":true,"href":"http:\/\/www.roccopoliti.it\/index.php?rest_route=%2Fwp%2Fv2%2Fcomments&post=6901"}],"version-history":[{"count":12,"href":"http:\/\/www.roccopoliti.it\/index.php?rest_route=\/wp\/v2\/posts\/6901\/revisions"}],"predecessor-version":[{"id":6942,"href":"http:\/\/www.roccopoliti.it\/index.php?rest_route=\/wp\/v2\/posts\/6901\/revisions\/6942"}],"wp:attachment":[{"href":"http:\/\/www.roccopoliti.it\/index.php?rest_route=%2Fwp%2Fv2%2Fmedia&parent=6901"}],"wp:term":[{"taxonomy":"category","embeddable":true,"href":"http:\/\/www.roccopoliti.it\/index.php?rest_route=%2Fwp%2Fv2%2Fcategories&post=6901"},{"taxonomy":"post_tag","embeddable":true,"href":"http:\/\/www.roccopoliti.it\/index.php?rest_route=%2Fwp%2Fv2%2Ftags&post=6901"}],"curies":[{"name":"wp","href":"https:\/\/api.w.org\/{rel}","templated":true}]}}