{"id":6978,"date":"2014-07-05T16:09:50","date_gmt":"2014-07-05T14:09:50","guid":{"rendered":"http:\/\/www.roccopoliti.it\/?p=6978"},"modified":"2014-07-05T16:19:02","modified_gmt":"2014-07-05T14:19:02","slug":"5-luglio-1940-svizzera-canada-5-luglio-1960-costa-rica-5-luglio-1980-arrestati-i-coniugi-oneda","status":"publish","type":"post","link":"http:\/\/www.roccopoliti.it\/?p=6978","title":{"rendered":"5 luglio 1940 SVIZZERA, CANADA, 5 luglio 1960  Costa Rica, 5 luglio 1980 Arrestati i coniugi Oneda"},"content":{"rendered":"<h1 style=\"text-align: center;\" align=\"CENTER\"><a href=\"http:\/\/www.roccopoliti.it\/wp-content\/uploads\/2014\/06\/download2.jpg\"><img loading=\"lazy\" decoding=\"async\" class=\"alignnone size-full wp-image-6452\" alt=\"download\" src=\"http:\/\/www.roccopoliti.it\/wp-content\/uploads\/2014\/06\/download2.jpg\" width=\"403\" height=\"125\" srcset=\"http:\/\/www.roccopoliti.it\/wp-content\/uploads\/2014\/06\/download2.jpg 403w, http:\/\/www.roccopoliti.it\/wp-content\/uploads\/2014\/06\/download2-300x93.jpg 300w\" sizes=\"auto, (max-width: 403px) 100vw, 403px\" \/><\/a><\/h1>\n<h1 style=\"text-align: center;\" align=\"CENTER\"><span style=\"font-family: Arial, sans-serif; color: #ff0000;\"><span style=\"font-size: x-large;\"><b>5\u00a0luglio 1940 <\/b><\/span><\/span><\/h1>\n<h1 style=\"text-align: center;\" align=\"CENTER\"><span style=\"font-family: Arial, sans-serif; color: #ff0000;\"><span style=\"font-size: x-large;\"><b>Svizzera, <\/b><\/span><\/span><\/h1>\n<h1 style=\"text-align: center;\" align=\"CENTER\"><span style=\"font-family: Arial, sans-serif; color: #ff0000;\"><span style=\"font-size: x-large;\"><b>Canada, <\/b><\/span><\/span><\/h1>\n<h1 style=\"text-align: center;\" align=\"CENTER\"><span style=\"font-family: Arial, sans-serif; color: #ff0000;\"><span style=\"font-size: x-large;\"><b>5 luglio 1960<\/b><\/span><\/span><\/h1>\n<h1 style=\"text-align: center;\" align=\"CENTER\"><span style=\"font-family: Arial, sans-serif; color: #ff0000;\"><span style=\"font-size: x-large;\"><b>Costa Rica, <\/b><\/span><\/span><\/h1>\n<h1 style=\"text-align: center;\" align=\"CENTER\"><span style=\"font-family: Arial, sans-serif; color: #ff0000;\"><span style=\"font-size: x-large;\"><b>5 luglio 1980 <\/b><\/span><\/span><\/h1>\n<h1 style=\"text-align: center;\" align=\"CENTER\"><span style=\"font-family: Arial, sans-serif; color: #ff0000;\"><span style=\"font-size: x-large;\"><b>Arrestati i coniugi Oneda<\/b><\/span><\/span><\/h1>\n<p align=\"LEFT\"><span style=\"font-family: Arial, sans-serif;\"><span style=\"font-size: medium;\"><b>5\u00a0luglio 1940, alle due del pomeriggio, mentre ero in portineria, arriv\u00f2 un civile accompagnato da un soldato armato di fucile con la baionetta in canna.<\/b><\/span><\/span><\/p>\n<p align=\"LEFT\">\u201c<span style=\"font-family: Arial, sans-serif;\"><span style=\"font-size: medium;\"><b>Dov\u2019\u00e8 Z\u00fcrcher?\u201d, chiese il civile sbraitando. A quel tempo Franz Z\u00fcrcher era il sorvegliante della nostra filiale, responsabile dell\u2019opera di predicazione in Svizzera.<\/b><\/span><\/span><\/p>\n<p align=\"LEFT\">\u201c<span style=\"font-family: Arial, sans-serif;\"><span style=\"font-size: medium;\"><b>Chi devo annunciare?\u201d, chiesi. Immediatamente mi afferrarono e mi trascinarono su per le scale perch\u00e9 li conducessi nell\u2019ufficio di Z\u00fcrcher.<\/b><\/span><\/span><\/p>\n<p align=\"LEFT\"><span style=\"font-family: Arial, sans-serif;\"><span style=\"font-size: medium;\"><b>Ordinarono all\u2019intera famiglia Betel \u2014\u00a0allora eravamo circa 40\u00a0membri\u00a0\u2014 di radunarsi nella sala da pranzo. Per scoraggiare qualsiasi tentativo di fuga furono piazzate quattro mitragliatrici all\u2019esterno dell\u2019edificio. All\u2019interno una cinquantina di soldati iniziarono a perquisire l\u2019edificio. Contrariamente alle loro aspettative, non trovarono nessuna prova che i testimoni di Geova fossero impegnati a fomentare la resistenza al servizio militare. Comunque, confiscarono una gran quantit\u00e0 di letteratura biblica, che venne portata via su cinque camion dell\u2019esercito.<\/b><\/span><\/span><\/p>\n<p align=\"LEFT\"><span style=\"font-family: Arial, sans-serif;\"><span style=\"font-size: medium;\"><b>Essendoci opposti alla censura della <i>Torre<\/i> <i>di<\/i> <i>Guardia<\/i> da parte delle autorit\u00e0 governative, la pubblicazione della rivista in Svizzera fu sospesa. Questo determin\u00f2 un esubero di personale alla Betel, per cui i membri pi\u00f9 giovani della famiglia furono incoraggiati ad andare a fare i pionieri, come vengono chiamati i testimoni di Geova che svolgono l\u2019opera di predicazione a tempo pieno.<span style=\"color: #000000;\">\u00a0<\/span><span style=\"color: #000000;\">w97 1\/7 p. 23<\/span> <\/b><\/span><\/span><\/p>\n<h1 style=\"text-align: center;\" align=\"CENTER\"><span style=\"font-family: Arial, sans-serif; color: #ff0000;\"><span style=\"font-size: x-large;\"><b>5\u00a0luglio 1940 <\/b><\/span><\/span><\/h1>\n<h1 style=\"text-align: center;\" align=\"CENTER\"><span style=\"font-family: Arial, sans-serif; color: #ff0000;\"><span style=\"font-size: x-large;\"><b>Canada<\/b><\/span><\/span><\/h1>\n<p>&nbsp;<\/p>\n<p align=\"LEFT\"><span style=\"font-family: Arial, sans-serif;\"><span style=\"font-size: medium;\"><b>ANCORA UNA VOLTA AL BANDO!<\/b><\/span><\/span><\/p>\n<p align=\"LEFT\"><span style=\"font-family: Arial, sans-serif;\"><span style=\"font-size: medium;\"><b>La dichiarazione della seconda guerra mondiale nel 1939 forn\u00ec ai nemici religiosi un\u2019altra opportunit\u00e0 di fermare le attivit\u00e0 del popolo di Geova. Non avendo avuto successo allo scoperto sul piano giuridico, specialmente nel Quebec, i nostri avversari clericali cominciarono da dietro le quinte a persuadere gli uomini politici a fare il loro gioco.<\/b><\/span><\/span><\/p>\n<p align=\"LEFT\"><span style=\"font-family: Arial, sans-serif;\"><span style=\"font-size: medium;\"><b>L\u2019estate del 1940 fu un momento brutto per le nazioni occidentali che sostenevano la causa degli Alleati nella guerra. Gli eserciti di Hitler avevano invaso quasi tutta l\u2019Europa. La Francia era caduta nel giro di qualche settimana. In quell\u2019atmosfera di tensione il ministro della giustizia canadese Ernest Lapointe, un cattolico della citt\u00e0 di Quebec, il 4\u00a0luglio 1940 si alz\u00f2 nella Camera dei Comuni per annunciare: \u201cDesidero presentare alla camera un\u2019ordinanza che dichiara illegale l\u2019organizzazione dei testimoni di Geova\u201d.<\/b><\/span><\/span><\/p>\n<p align=\"LEFT\"><span style=\"font-family: Arial, sans-serif;\"><span style=\"font-size: medium;\"><b>Cos\u00ec, all\u2019improvviso, senza preavviso e senza alcuna opportunit\u00e0 di difendere la propria posizione, i testimoni di Geova e l\u2019Associazione Internazionale degli Studenti Biblici del Canada (I.B.S.A.) furono messi al bando il 4\u00a0luglio 1940. La propriet\u00e0 al\u00a040 di Irwin Avenue a Toronto, e i fondi depositati in banca a nome dell\u2019I.B.S.A. furono confiscati dalle autorit\u00e0. Il 5\u00a0luglio 1940 la filiale fu chiusa dalla Polizia Reale Canadese a cavallo.<\/b><\/span><\/span><\/p>\n<p align=\"LEFT\"><span style=\"font-family: Arial, sans-serif;\"><span style=\"font-size: medium;\"><b>Per impedire l\u2019importazione e la distribuzione della nostra letteratura il governo dichiar\u00f2 illegali anche la Watch Tower Bible and Tract Society of Pennsylvania e la Watch Tower Bible and Tract Society of New York, e questo circa un mese dopo le misure contro l\u2019I.B.S.A. Cos\u00ec ci fu il tempo di mandare parte del materiale tipografico e della letteratura negli Stati Uniti. Ma questa volta sembrava proprio che fosse la fine per i testimoni di Geova in Canada. <\/b><\/span><\/span><span style=\"color: #000000;\"><span style=\"font-family: Arial, sans-serif;\"><span style=\"font-size: medium;\"><b>yb80 p. 137<\/b><\/span><\/span><\/span><\/p>\n<h1 align=\"CENTER\"><span style=\"font-family: Arial, sans-serif; color: #ff0000;\"><span style=\"font-size: x-large;\"><b>5\u00a0luglio 1960<\/b><\/span><\/span><\/h1>\n<h1 align=\"CENTER\"><span style=\"font-family: Arial, sans-serif; color: #ff0000;\"><span style=\"font-size: x-large;\"><b>Costa Rica<\/b><\/span><\/span><\/h1>\n<p><span style=\"font-family: Arial, sans-serif;\"><span style=\"font-size: medium;\"><b>All\u2019inizio del trimestre successivo, quasi tutti gli studenti furono riammessi a scuola, ma vennero nuovamente espulsi quando non parteciparono ad altre cerimonie di saluto alla bandiera. Allora fu presentata una petizione al ministero della Pubblica Istruzione, ma il 5\u00a0luglio 1960 la petizione venne respinta. <\/b><\/span><\/span><span style=\"color: #000000;\"><span style=\"font-family: Arial, sans-serif;\"><span style=\"font-size: medium;\"><b>yb88 p. 234<\/b><\/span><\/span><\/span><\/p>\n<p>&nbsp;<\/p>\n<h1 align=\"CENTER\"><span style=\"font-family: Arial, sans-serif; color: #ff0000;\"><span style=\"font-size: x-large;\"><b>5 luglio 1980 <\/b><\/span><\/span><\/h1>\n<h1 align=\"CENTER\"><span style=\"font-family: Arial, sans-serif; color: #ff0000;\"><span style=\"font-size: x-large;\"><b>Arrestati i coniugi Oneda<\/b><\/span><\/span><\/h1>\n<p>&nbsp;<\/p>\n<p><span style=\"color: #000000;\"><span style=\"font-family: Arial, sans-serif;\"><span style=\"font-size: medium;\"><b>Il 5 luglio 1980 i coniugi Oneda vengono arrestati. <\/b><\/span><\/span><\/span><span style=\"color: #000000;\"><span style=\"font-family: Arial, sans-serif;\"><span style=\"font-size: medium;\"><b>\u00a0<\/b><\/span><\/span><\/span><span style=\"color: #000000;\"><span style=\"font-family: Arial, sans-serif;\"><span style=\"font-size: medium;\"><b>g84 8\/5 p. 8<\/b><\/span><\/span><\/span><\/p>\n<p><a href=\"http:\/\/www.roccopoliti.it\/wp-content\/uploads\/2014\/04\/Q-QUO-VADIS-FB21.jpg\"><img loading=\"lazy\" decoding=\"async\" alt=\"Q-QUO-VADIS-FB2\" src=\"http:\/\/www.roccopoliti.it\/wp-content\/uploads\/2014\/04\/Q-QUO-VADIS-FB21.jpg\" width=\"1000\" height=\"379\" \/><\/a><\/p>\n<h2 align=\"CENTER\"><span style=\"color: #3366ff;\">www.facebook.com\/quovadisaps<\/span><\/h2>\n<h2 align=\"CENTER\"><span style=\"color: #3366ff;\"><a name=\"_GoBack\"><\/a>\u00a0\u00a0www.quovadisaps.org<\/span><\/h2>\n<h2 align=\"CENTER\"><span style=\"color: #3366ff;\">\u00a0quovadis.aps@gmail.com<\/span><\/h2>\n<h2 align=\"CENTER\"><span style=\"color: #3366ff;\">telefono \u00a0392 1539014<\/span><\/h2>\n","protected":false},"excerpt":{"rendered":"<p>5\u00a0luglio 1940 Svizzera, Canada, 5 luglio 1960 Costa Rica, 5 luglio 1980 Arrestati i coniugi Oneda 5\u00a0luglio 1940, alle due del pomeriggio, mentre ero in portineria, arriv\u00f2 un civile accompagnato da un soldato armato di fucile con la baionetta in canna. \u201cDov\u2019\u00e8 Z\u00fcrcher?\u201d, chiese il civile sbraitando. A quel tempo Franz Z\u00fcrcher era il sorvegliante [&hellip;]<\/p>\n","protected":false},"author":1,"featured_media":6454,"comment_status":"closed","ping_status":"open","sticky":false,"template":"","format":"standard","meta":{"footnotes":""},"categories":[76],"tags":[],"class_list":["post-6978","post","type-post","status-publish","format-standard","has-post-thumbnail","hentry","category-cera-una-volta"],"views":2474,"_links":{"self":[{"href":"http:\/\/www.roccopoliti.it\/index.php?rest_route=\/wp\/v2\/posts\/6978","targetHints":{"allow":["GET"]}}],"collection":[{"href":"http:\/\/www.roccopoliti.it\/index.php?rest_route=\/wp\/v2\/posts"}],"about":[{"href":"http:\/\/www.roccopoliti.it\/index.php?rest_route=\/wp\/v2\/types\/post"}],"author":[{"embeddable":true,"href":"http:\/\/www.roccopoliti.it\/index.php?rest_route=\/wp\/v2\/users\/1"}],"replies":[{"embeddable":true,"href":"http:\/\/www.roccopoliti.it\/index.php?rest_route=%2Fwp%2Fv2%2Fcomments&post=6978"}],"version-history":[{"count":8,"href":"http:\/\/www.roccopoliti.it\/index.php?rest_route=\/wp\/v2\/posts\/6978\/revisions"}],"predecessor-version":[{"id":6986,"href":"http:\/\/www.roccopoliti.it\/index.php?rest_route=\/wp\/v2\/posts\/6978\/revisions\/6986"}],"wp:featuredmedia":[{"embeddable":true,"href":"http:\/\/www.roccopoliti.it\/index.php?rest_route=\/wp\/v2\/media\/6454"}],"wp:attachment":[{"href":"http:\/\/www.roccopoliti.it\/index.php?rest_route=%2Fwp%2Fv2%2Fmedia&parent=6978"}],"wp:term":[{"taxonomy":"category","embeddable":true,"href":"http:\/\/www.roccopoliti.it\/index.php?rest_route=%2Fwp%2Fv2%2Fcategories&post=6978"},{"taxonomy":"post_tag","embeddable":true,"href":"http:\/\/www.roccopoliti.it\/index.php?rest_route=%2Fwp%2Fv2%2Ftags&post=6978"}],"curies":[{"name":"wp","href":"https:\/\/api.w.org\/{rel}","templated":true}]}}