{"id":7579,"date":"2014-08-03T05:03:41","date_gmt":"2014-08-03T03:03:41","guid":{"rendered":"http:\/\/www.roccopoliti.it\/?p=7579"},"modified":"2014-08-03T05:13:19","modified_gmt":"2014-08-03T03:13:19","slug":"esperienza-da-un-musulmano-hamed-il-mio-libro-di-racconti-biblici-382014","status":"publish","type":"post","link":"http:\/\/www.roccopoliti.it\/?p=7579","title":{"rendered":"Esperienza da un Musulmano Hamed. &#8220;Il mio libro di racconti biblici&#8221; 3\/8\/2014"},"content":{"rendered":"<h1 style=\"text-align: center;\" align=\"LEFT\"><a href=\"http:\/\/www.roccopoliti.it\/wp-content\/uploads\/2014\/08\/my_I_md.jpg\"><img loading=\"lazy\" decoding=\"async\" class=\"alignnone size-full wp-image-7580\" alt=\"my_I_md\" src=\"http:\/\/www.roccopoliti.it\/wp-content\/uploads\/2014\/08\/my_I_md.jpg\" width=\"119\" height=\"152\" \/><\/a><\/h1>\n<h1 style=\"text-align: center;\" align=\"LEFT\"><span style=\"color: #ff0000;\"><span style=\"font-family: Arial, sans-serif;\"><span style=\"font-size: x-large;\"><b>Esperienza <\/b><\/span><\/span><\/span><\/h1>\n<h1 style=\"text-align: center;\" align=\"LEFT\"><span style=\"color: #ff0000;\"><span style=\"font-family: Arial, sans-serif;\"><span style=\"font-size: x-large;\"><b>da un Musulmano <\/b><\/span><\/span><\/span><\/h1>\n<h1 style=\"text-align: center;\" align=\"LEFT\"><span style=\"color: #ff0000;\"><span style=\"font-family: Arial, sans-serif;\"><span style=\"font-size: x-large;\"><b>Hamed\u00a0<\/b><\/span><\/span><\/span><\/h1>\n<h1 style=\"text-align: center;\" align=\"LEFT\"><span style=\"color: #ff0000;\"><span style=\"font-family: Arial, sans-serif;\"><span style=\"font-size: x-large;\"><b>&#8220;Il mio libro di racconti biblici&#8221;\u00a0<\/b><\/span><\/span><\/span><\/h1>\n<p align=\"LEFT\"><span style=\"color: #222222;\"><span style=\"font-family: Arial, sans-serif;\"><span style=\"font-size: medium;\"><b>Quindi and\u00f2 furtivamente da lui e gli conficc\u00f2 il piolo nelle tempie e lo fece entrare in terra, mentre egli era profondamente addormentato e stanco. Cos\u00ec egli mor\u00ec.<\/b><\/span><\/span><\/span><\/p>\n<p align=\"LEFT\"><span style=\"color: #222222;\"><span style=\"font-family: Arial, sans-serif;\"><span style=\"font-size: medium;\"><b>(giudici 4:21-22 Traduzione del nuovo mondo) RIPORTATA NEL \u201cIl mio libro di racconti biblici\u201d<\/b><\/span><\/span><\/span><\/p>\n<p align=\"LEFT\"><a href=\"http:\/\/www.roccopoliti.it\/wp-content\/uploads\/2014\/08\/Immagine1.jpg\"><img loading=\"lazy\" decoding=\"async\" class=\"alignnone size-full wp-image-7582 aligncenter\" alt=\"Immagine\" src=\"http:\/\/www.roccopoliti.it\/wp-content\/uploads\/2014\/08\/Immagine1.jpg\" width=\"258\" height=\"592\" \/><\/a><\/p>\n<p align=\"LEFT\"><span style=\"color: #0000ff;\"><span style=\"font-family: Arial, sans-serif;\"><span style=\"font-size: medium;\"><b>http:\/\/www.jw.org\/it\/pubblicazioni\/libri\/racconti-biblici\/parte-3-dalla-liberazione-dallegitto-al-primo-re-disraele\/racconto-50-due-donne-coraggiose\/<\/b><\/span><\/span><\/span><\/p>\n<h1 style=\"text-align: center;\" align=\"LEFT\"><strong><span style=\"color: #800000;\">&lt;&lt;&lt;&lt;&lt;&lt;&lt;&lt;&lt;&lt; \u00a0 \u00a0 &gt;&gt;&gt;&gt;&gt;&gt;&gt;&gt;&gt;&gt;<\/span><\/strong><\/h1>\n<p style=\"text-align: left;\" align=\"LEFT\"><span style=\"color: #222222;\"><span style=\"font-family: Arial, sans-serif;\"><span style=\"font-size: medium;\"><b>Mi hanno regalato un libro e offerto uno studio da bambino quando ancora non sapevo bene l&#8217;Italiano e non avevo tanti amici.<\/b><\/span><\/span><\/span><\/p>\n<p align=\"LEFT\"><span style=\"color: #222222;\"><span style=\"font-family: Arial, sans-serif;\"><span style=\"font-size: medium;\"><b>Ho accettato e per molto tempo sono stati gentili con me, non sono arrabbiato con chi veniva a casa mia, anzi gli sono affezionato. <\/b><\/span><\/span><\/span><\/p>\n<p align=\"LEFT\"><span style=\"color: #222222;\"><span style=\"font-family: Arial, sans-serif;\"><span style=\"font-size: medium;\"><b>Sono passati 15 anni e non ho perso la mia di fede. <\/b><\/span><\/span><\/span><\/p>\n<p align=\"LEFT\"><span style=\"color: #222222;\"><span style=\"font-family: Arial, sans-serif;\"><span style=\"font-size: medium;\"><b>Ma mi piace leggere e confrontare.<\/b><\/span><\/span><\/span><\/p>\n<p align=\"LEFT\"><span style=\"color: #222222;\"><span style=\"font-family: Arial, sans-serif;\"><span style=\"font-size: medium;\"><b>Molto interessante notare che i versetti biblici non menzionano il coraggio. <\/b><\/span><\/span><\/span><\/p>\n<p align=\"LEFT\"><span style=\"color: #222222;\"><span style=\"font-family: Arial, sans-serif;\"><span style=\"font-size: medium;\"><b>Perch\u00e8 la Watchtower si \u00e8 attribuita questa interpretazione? <\/b><\/span><\/span><\/span><\/p>\n<p align=\"LEFT\"><span style=\"color: #222222;\"><span style=\"font-family: Arial, sans-serif;\"><span style=\"font-size: medium;\"><b>Questo \u00e8 un racconto marginale della storia biblica. <\/b><\/span><\/span><\/span><\/p>\n<p align=\"LEFT\"><span style=\"color: #222222;\"><span style=\"font-family: Arial, sans-serif;\"><span style=\"font-size: medium;\"><b>Nei Giudici si parla di donne violentate e atrocit\u00e0. <\/b><\/span><\/span><\/span><\/p>\n<p align=\"LEFT\"><span style=\"color: #222222;\"><span style=\"font-family: Arial, sans-serif;\"><span style=\"font-size: medium;\"><b>Si dice che allora non c&#8217;era legge e quindi nessuno seguiva dio ma la propria di legge. <\/b><\/span><\/span><\/span><\/p>\n<p align=\"LEFT\"><span style=\"color: #222222;\"><span style=\"font-family: Arial, sans-serif;\"><span style=\"font-size: medium;\"><b>Vi sembrer\u00f2 di parte perch\u00e8 ancora adesso ci sono cose che ci contestiamo a vicenda tra musulamni ed ebrei. Ma questo libro mi sembra scritto da Ebrei fondamentalisti non da cristiani. Quasi tutti i capitoli de &#8220;Il mio libro di racconti biblici&#8221; contengono minacce a pi\u00f9 livelli. Un adulto pu\u00f2 prendere un libro e leggere la storia reale delle conquiste degli Israeliti, che non ha nulla a che vedere con la verit\u00e0 parziale presentata dal pentateuco ebraico. <\/b><\/span><\/span><\/span><\/p>\n<p align=\"LEFT\"><span style=\"color: #222222;\"><span style=\"font-family: Arial, sans-serif;\"><span style=\"font-size: medium;\"><b>Ma un bambino sulla base di questa realt\u00e0 parziale comprende che per Dio si pu\u00f2 arrivare ad uccidere, senza remore e con coraggio, utilizzando gli stratagemmi pi\u00f9 subdoli. Uccidere un uomo stanco non \u00e8 coraggio ma vilt\u00e0. <\/b><\/span><\/span><\/span><\/p>\n<p align=\"LEFT\"><span style=\"color: #222222;\"><span style=\"font-family: Arial, sans-serif;\"><span style=\"font-size: medium;\"><b>Basare una valutazione d&#8217;azione su una fonte parziale e manipolata \u00e8 immorale, soprattutto quando si tratta di bambini. <\/b><\/span><\/span><\/span><\/p>\n<p align=\"LEFT\"><span style=\"color: #222222;\"><span style=\"font-family: Arial, sans-serif;\"><span style=\"font-size: medium;\"><b>Io ho letto la storia vera, sulle enciclopedie, il mio professore di storia mi ha passato dei testi. <\/b><\/span><\/span><\/span><\/p>\n<p align=\"LEFT\"><span style=\"color: #222222;\"><span style=\"font-family: Arial, sans-serif;\"><span style=\"font-size: medium;\"><b>Tengo a precisare che non sono n\u00e8 per Israele n\u00e8 per la Palestina, ma sappiate che la realt\u00e0 \u00e8 un altra. <\/b><\/span><\/span><\/span><\/p>\n<p align=\"LEFT\"><span style=\"color: #222222;\"><span style=\"font-family: Arial, sans-serif;\"><span style=\"font-size: medium;\"><b>Non ci sono ebrei cattivi o musulmani cattivi. <\/b><\/span><\/span><\/span><\/p>\n<p align=\"LEFT\"><span style=\"color: #222222;\"><span style=\"font-family: Arial, sans-serif;\"><span style=\"font-size: medium;\"><b>Voi cristiani dite che i musulmani sono indottrinati. <\/b><\/span><\/span><\/span><\/p>\n<p align=\"LEFT\"><span style=\"color: #222222;\"><span style=\"font-family: Arial, sans-serif;\"><span style=\"font-size: medium;\"><b>Ebbene ce ne sono alcuni senza dubbio che non conoscono cosa dicono il corano, analfabeti e si fanno guidare da gente senza scrupoli con interessi assai diversi<\/b><\/span><\/span><\/span><\/p>\n<p align=\"LEFT\"><span style=\"color: #222222;\"><span style=\"font-family: Arial, sans-serif;\"><span style=\"font-size: medium;\"><b>dalla buona religione. <\/b><\/span><\/span><\/span><\/p>\n<p align=\"LEFT\"><span style=\"color: #222222;\"><span style=\"font-family: Arial, sans-serif;\"><span style=\"font-size: medium;\"><b>Ma ora che sono grande mi pare che anche certi cristiani non hanno nulla da invidiare ai nostri fondamentalisti.<\/b><\/span><\/span><\/span><\/p>\n<p align=\"LEFT\"><span style=\"font-family: Arial, sans-serif;\"><b><span style=\"color: #222222;\"><span style=\"font-size: medium;\">Io so chi era Ges\u00f9 e se dite di conoscerlo anche voi non dovreste parlare ai bambini di cose del genere e in questo modo. <\/span><\/span><\/b><\/span><\/p>\n<p align=\"LEFT\"><span style=\"font-family: Arial, sans-serif;\"><b><span style=\"color: #222222;\"><span style=\"font-size: medium;\">Dio \u00e8 per tutti. <\/span><\/span><\/b><\/span><\/p>\n<p align=\"LEFT\"><span style=\"font-family: Arial, sans-serif;\"><b><span style=\"color: #222222;\"><span style=\"font-size: medium;\">Ascoltate almeno Ges\u00f9<\/span><\/span><\/b><\/span><\/p>\n<p><a href=\"http:\/\/www.roccopoliti.it\/wp-content\/uploads\/2014\/04\/Q-QUO-VADIS-FB21.jpg\"><img loading=\"lazy\" decoding=\"async\" alt=\"Q-QUO-VADIS-FB2\" src=\"http:\/\/www.roccopoliti.it\/wp-content\/uploads\/2014\/04\/Q-QUO-VADIS-FB21.jpg\" width=\"1000\" height=\"379\" \/><\/a><\/p>\n<h2 align=\"CENTER\"><span style=\"color: #0000ff;\">www.facebook.com\/quovadisaps<\/span><\/h2>\n<h2 align=\"CENTER\"><span style=\"color: #0000ff;\"><a name=\"_GoBack\"><\/a>\u00a0\u00a0www.quovadisaps.org<\/span><\/h2>\n<h2 align=\"CENTER\"><span style=\"color: #0000ff;\">\u00a0quovadis.aps@gmail.com<\/span><\/h2>\n<h2 align=\"CENTER\"><span style=\"color: #0000ff;\">telefono \u00a0392 1539014<\/span><\/h2>\n","protected":false},"excerpt":{"rendered":"<p>Esperienza da un Musulmano Hamed\u00a0 &#8220;Il mio libro di racconti biblici&#8221;\u00a0 Quindi and\u00f2 furtivamente da lui e gli conficc\u00f2 il piolo nelle tempie e lo fece entrare in terra, mentre egli era profondamente addormentato e stanco. Cos\u00ec egli mor\u00ec. (giudici 4:21-22 Traduzione del nuovo mondo) RIPORTATA NEL \u201cIl mio libro di racconti biblici\u201d http:\/\/www.jw.org\/it\/pubblicazioni\/libri\/racconti-biblici\/parte-3-dalla-liberazione-dallegitto-al-primo-re-disraele\/racconto-50-due-donne-coraggiose\/ &lt;&lt;&lt;&lt;&lt;&lt;&lt;&lt;&lt;&lt; [&hellip;]<\/p>\n","protected":false},"author":1,"featured_media":7580,"comment_status":"closed","ping_status":"open","sticky":false,"template":"","format":"standard","meta":{"footnotes":""},"categories":[137],"tags":[],"class_list":["post-7579","post","type-post","status-publish","format-standard","has-post-thumbnail","hentry","category-esperienza-grande-progetto-ex-testimoni-di-geova"],"views":2872,"_links":{"self":[{"href":"http:\/\/www.roccopoliti.it\/index.php?rest_route=\/wp\/v2\/posts\/7579","targetHints":{"allow":["GET"]}}],"collection":[{"href":"http:\/\/www.roccopoliti.it\/index.php?rest_route=\/wp\/v2\/posts"}],"about":[{"href":"http:\/\/www.roccopoliti.it\/index.php?rest_route=\/wp\/v2\/types\/post"}],"author":[{"embeddable":true,"href":"http:\/\/www.roccopoliti.it\/index.php?rest_route=\/wp\/v2\/users\/1"}],"replies":[{"embeddable":true,"href":"http:\/\/www.roccopoliti.it\/index.php?rest_route=%2Fwp%2Fv2%2Fcomments&post=7579"}],"version-history":[{"count":13,"href":"http:\/\/www.roccopoliti.it\/index.php?rest_route=\/wp\/v2\/posts\/7579\/revisions"}],"predecessor-version":[{"id":7595,"href":"http:\/\/www.roccopoliti.it\/index.php?rest_route=\/wp\/v2\/posts\/7579\/revisions\/7595"}],"wp:featuredmedia":[{"embeddable":true,"href":"http:\/\/www.roccopoliti.it\/index.php?rest_route=\/wp\/v2\/media\/7580"}],"wp:attachment":[{"href":"http:\/\/www.roccopoliti.it\/index.php?rest_route=%2Fwp%2Fv2%2Fmedia&parent=7579"}],"wp:term":[{"taxonomy":"category","embeddable":true,"href":"http:\/\/www.roccopoliti.it\/index.php?rest_route=%2Fwp%2Fv2%2Fcategories&post=7579"},{"taxonomy":"post_tag","embeddable":true,"href":"http:\/\/www.roccopoliti.it\/index.php?rest_route=%2Fwp%2Fv2%2Ftags&post=7579"}],"curies":[{"name":"wp","href":"https:\/\/api.w.org\/{rel}","templated":true}]}}