{"id":7753,"date":"2014-08-14T18:35:23","date_gmt":"2014-08-14T16:35:23","guid":{"rendered":"http:\/\/www.roccopoliti.it\/?p=7753"},"modified":"2014-08-14T18:38:47","modified_gmt":"2014-08-14T16:38:47","slug":"7753","status":"publish","type":"post","link":"http:\/\/www.roccopoliti.it\/?p=7753","title":{"rendered":"Far finta che i fondamentalisti non siano islamici. 14\/8\/2014"},"content":{"rendered":"<p style=\"text-align: center;\" align=\"LEFT\"><a href=\"http:\/\/www.roccopoliti.it\/wp-content\/uploads\/2014\/08\/img-_innerArt-_iraq-isis.jpg\"><img loading=\"lazy\" decoding=\"async\" class=\"alignnone size-full wp-image-7756\" alt=\"img-_innerArt-_iraq isis\" src=\"http:\/\/www.roccopoliti.it\/wp-content\/uploads\/2014\/08\/img-_innerArt-_iraq-isis.jpg\" width=\"200\" height=\"139\" \/><\/a><\/p>\n<p style=\"text-align: center;\" align=\"LEFT\"><span style=\"color: #ff0000;\"><span style=\"font-family: Arial, sans-serif;\"><span style=\"font-size: x-large;\"><b>Far finta che <\/b><\/span><\/span><\/span><\/p>\n<p style=\"text-align: center;\" align=\"LEFT\"><span style=\"color: #ff0000;\"><span style=\"font-family: Arial, sans-serif;\"><span style=\"font-size: x-large;\"><b>i fondamentalisti <\/b><\/span><\/span><\/span><\/p>\n<p style=\"text-align: center;\" align=\"LEFT\"><span style=\"color: #ff0000;\"><span style=\"font-family: Arial, sans-serif;\"><span style=\"font-size: x-large;\"><b>non siano islamici<\/b><\/span><\/span><\/span><\/p>\n<p align=\"LEFT\"><span style=\"color: #000000;\"><span style=\"font-family: Arial, sans-serif;\"><span style=\"font-size: medium;\"><b>di Riccardo Cascioli11-08-2014<\/b><\/span><\/span><\/span><\/p>\n<p align=\"LEFT\"><span style=\"color: #333333;\"><span style=\"font-family: Arial, sans-serif;\"><span style=\"font-size: medium;\"><b>\u00abNoi non possiamo tacere\u00bb, \u00e8 il titolo del comunicato con cui i vescovi italiani invitano a dedicare il 15 agosto, solennit\u00e0 dell\u2019Assunzione della Vergine Maria, alla preghiera per i cristiani perseguitati, in particolar modo per quelli dell\u2019Iraq (<\/b><\/span><\/span><\/span><a href=\"http:\/\/www.chiesacattolica.it\/chiesa_cattolica_italiana\/news_e_mediacenter\/00058812_Non_possiamo_tacere.html\" target=\"_blank\"><span style=\"color: #005480;\"><span style=\"font-family: Arial, sans-serif;\"><span style=\"font-size: medium;\"><b>clicca qui)<\/b><\/span><\/span><\/span><\/a><span style=\"color: #333333;\"><span style=\"font-family: Arial, sans-serif;\"><span style=\"font-size: medium;\"><b>. \u00c8 un appuntamento a cui aderiamo con convinzione: ci\u00f2 che sta avvenendo \u00e8 una tragedia probabilmente senza precedenti nella storia, se \u00e8 vero che in queste settimane \u00e8 stata cancellata in Iraq la presenza di una delle pi\u00f9 antiche comunit\u00e0 cristiane che pure per quasi duemila anni aveva superato indenne (o quasi) tutti i marosi della storia. Peraltro \u00e8 anche la comunit\u00e0 che parla ancora la stessa lingua di Ges\u00f9, l\u2019aramaico, cos\u00ec che la cacciata assume anche un ulteriore valore simbolico.\u00a0<\/b><\/span><\/span><\/span><\/p>\n<p align=\"LEFT\"><strong><span style=\"color: #333333;\"><span style=\"font-family: Arial, sans-serif;\"><span style=\"font-size: medium;\">Aderiamo dunque con convinzione.<\/span><\/span><\/span><\/strong><span style=\"color: #333333;\"><span style=\"font-family: Arial, sans-serif;\"><span style=\"font-size: medium;\"><b>\u00a0Ma mentre ringraziamo la Conferenza episcopale per questa occasione che ci offre, non possiamo non provare anche un certo disagio proprio leggendo il comunicato: perch\u00e9 quel titolo iniziale &#8211; \u00abNoi non possiamo tacere\u00bb &#8211; viene clamorosamente contraddetto dal contenuto, che riflette peraltro un terribile equivoco di cui sembra vittima la Chiesa, ma pi\u00f9 in generale gran parte del mondo occidentale.<\/b><\/span><\/span><\/span><\/p>\n<p align=\"LEFT\"><strong><span style=\"color: #333333;\"><span style=\"font-family: Arial, sans-serif;\"><span style=\"font-size: medium;\">Ovvero si tace l\u2019identit\u00e0 dei persecutori,<\/span><\/span><\/span><\/strong><span style=\"color: #333333;\"><span style=\"font-family: Arial, sans-serif;\"><span style=\"font-size: medium;\"><b>\u00a0non si vuole vedere chi sono davvero i carnefici e perch\u00e9 lo fanno. \u00c8 una sorta di denuncia contro ignoti, pur avendo benissimo gli strumenti e le conoscenze per identificare i colpevoli. Nel comunicato si parla di cristiani perseguitati, scacciati, uccisi; si parla di Iraq e Nigeria; ma poi si fa riferimento a non meglio precisati terroristi e, pi\u00f9 avanti, a integralisti. Fine. Ma chi sono costoro? Chi vuole l\u2019eliminazione dei cristiani in Iraq, Nigeria e nella maggior parte dei paesi in cui i cristiani sono perseguitati?<\/b><\/span><\/span><\/span><\/p>\n<p><strong><span style=\"color: #333333;\"><span style=\"font-family: Arial, sans-serif;\"><span style=\"font-size: medium;\">Ecco, si ha paura a dire che si tratta di islam, che i persecutori sono islamici.<\/span><\/span><\/span><\/strong><span style=\"color: #333333;\"><span style=\"font-family: Arial, sans-serif;\"><span style=\"font-size: medium;\"><b>\u00a0E non riguarda solo il comunicato della Cei, \u00e8 un fatto generalizzato, nella Chiesa e nelle nostre societ\u00e0 occidentali. Un esempio: due anni fa in Inghilterra \u00e8 stato scoperto che dei fondamentalisti islamici avevano elaborato una strategia, gi\u00e0 in fase avanzata di realizzazione, per prendere il controllo \u2013 ovvero islamizzare \u2013 alcune scuole statali a Birmingham. Da qui \u00e8 suonato l\u2019allarme, ma la cosa che \u00e8 poi emersa \u00e8 che le autorit\u00e0 locali avevano capito gi\u00e0 da tempo quanto stava accadendo, ma non avevano detto nulla per evitare di offendere i musulmani.\u00a0<\/b><\/span><\/span><\/span><\/p>\n<p align=\"LEFT\"><strong><span style=\"color: #333333;\"><span style=\"font-family: Arial, sans-serif;\"><span style=\"font-size: medium;\">Ecco il dramma: si ha paura di offendere i musulmani.<\/span><\/span><\/span><\/strong><span style=\"color: #333333;\"><span style=\"font-family: Arial, sans-serif;\"><span style=\"font-size: medium;\"><b>\u00a0E quando si \u00e8 proprio costretti a dire che i carnefici sono islamici, ci si affretta immediatamente ad aggiungere che per\u00f2 si ha a che fare con frange radicali che tradiscono il vero islam, che invece sarebbe una religione di pace. Ed ecco l\u2019equivoco in cui si tiene l\u2019opinione pubblica occidentale: si sta facendo credere che i casi dell\u2019Iraq, della Siria, della Nigeria siano opera di gruppi tutto sommato circoscritti, che usano la religione contro lo stesso islam. E a questo scopo si d\u00e0 uno sproporzionato risalto ai casi di musulmani che difendono i cristiani o che prendono posizione contro quanto sta combinando l\u2019Isis in Iraq. Giusto fare emergere anche queste storie e valorizzarle, ma non a scapito della realt\u00e0.<\/b><\/span><\/span><\/span><\/p>\n<p align=\"LEFT\"><strong><span style=\"color: #333333;\"><span style=\"font-family: Arial, sans-serif;\"><span style=\"font-size: medium;\">\u00c8 vero che ci sono tantissimi musulmani che desiderano vivere in pace,<\/span><\/span><\/span><\/strong><span style=\"color: #333333;\"><span style=\"font-family: Arial, sans-serif;\"><span style=\"font-size: medium;\"><b>\u00a0che ci sono alcuni che hanno dato anche la propria vita per difendere i cristiani in Iraq e che sono tanti a non volere i fondamentalisti dell\u2019Isis o i nigeriani di Boko Haram. Ma non si pu\u00f2 fare finta che non ci sia un problema con l\u2019islam.<\/b><\/span><\/span><\/span><\/p>\n<p align=\"LEFT\"><strong><span style=\"color: #333333;\"><span style=\"font-family: Arial, sans-serif;\"><span style=\"font-size: medium;\">\u00c8 un approccio errato sia dal punto di vista concettuale sia storico.<\/span><\/span><\/span><\/strong><span style=\"color: #333333;\"><span style=\"font-family: Arial, sans-serif;\"><span style=\"font-size: medium;\"><b>\u00a0Concettuale: sostenere che \u00abil vero islam rifiuta la violenza\u00bb \u00e8 un pio desiderio, non la realt\u00e0. Come ha scritto l\u2019islamologo padre Samir Khalil Samir: \u00abChe la maggioranza dei musulmani possa essere contraria alla violenza, pu\u00f2 anche darsi. Ma dire che &#8220;il vero islam \u00e8 contrario ad ogni violenza&#8221;, non mi sembra vero: la violenza \u00e8 nel Corano\u00bb. E spiega: \u00abNella sua vita, Maometto ha fatto pi\u00f9 di 60 guerre; ora se Maometto \u00e8 il modello eccellente (come dice il Corano 33:21), non sorprende che certi musulmani usino anche loro la violenza ad imitazione del Fondatore dell&#8217;Islam\u00bb.<\/b><\/span><\/span><\/span><\/p>\n<p align=\"LEFT\"><strong><span style=\"color: #333333;\"><span style=\"font-family: Arial, sans-serif;\"><span style=\"font-size: medium;\">Il fondamentalismo, oggi ampiamente dominante nel mondo islamico<\/span><\/span><\/span><\/strong><span style=\"color: #333333;\"><span style=\"font-family: Arial, sans-serif;\"><span style=\"font-size: medium;\"><b>\u00a0anche se in diverse versioni, \u00e8 dunque semplicemente la riproposizione del modello maomettano. \u00c8 vero che ci sono nel mondo islamico studiosi, intellettuali che propongono una reinterpretazione del Corano in chiave spirituale, sottolineando la storicit\u00e0 di certi contenuti legati al mondo arabo al tempo in cui \u00e8 nato l\u2019islam, ma si tratta di un fenomeno oggi ancora nettamente minoritario. E comunque non si pu\u00f2 continuare a far finta di avere a che fare con un islam che in realt\u00e0 non esiste.<\/b><\/span><\/span><\/span><\/p>\n<p align=\"LEFT\"><strong><span style=\"color: #333333;\"><span style=\"font-family: Arial, sans-serif;\"><span style=\"font-size: medium;\">Una seconda questione che viene sottovalutata \u00e8 la mancanza di una autorit\u00e0 nell\u2019islam.<\/span><\/span><\/span><\/strong><span style=\"color: #333333;\"><span style=\"font-family: Arial, sans-serif;\"><span style=\"font-size: medium;\"><b>\u00a0Ogni imam, ogni muft\u00ec, in fondo rappresenta se stesso e chi lo segue, non c\u2019\u00e8 un interlocutore riconosciuto che possa parlare a nome almeno di una parte riconoscibile del mondo islamico. Questo rende velleitario qualsiasi tentativo di un \u201cdialogo\u201d con l\u2019islam, il dialogo come lo si intende comunemente \u00e8 semplicemente impossibile. \u00c8 possibile invece \u2013 e auspicabile &#8211; un rapporto con i singoli musulmani, e di questo sono segno i casi citati di islamici iracheni a difesa delle abitazioni dei cristiani. Ma \u00e8 comunque una realt\u00e0 che spazza via un certo irenismo che va di moda in ambienti cattolici.<\/b><\/span><\/span><\/span><\/p>\n<p align=\"LEFT\"><strong><span style=\"color: #333333;\"><span style=\"font-family: Arial, sans-serif;\"><span style=\"font-size: medium;\">La mancanza di un\u2019autorit\u00e0 religiosa riconosciuta<\/span><\/span><\/span><\/strong><span style=\"color: #333333;\"><span style=\"font-family: Arial, sans-serif;\"><span style=\"font-size: medium;\"><b>\u00a0fa s\u00ec che allora all\u2019interno del mondo musulmano diventino decisivi i rapporti di forza tra diverse correnti. E oggi dominano i gruppi fondamentalisti, anche grazie alla loro organizzazione.<\/b><\/span><\/span><\/span><\/p>\n<p align=\"LEFT\"><strong><span style=\"color: #333333;\"><span style=\"font-family: Arial, sans-serif;\"><span style=\"font-size: medium;\">E qui arriviamo all\u2019errore \u201cstorico\u201d che anche nella Chiesa si fa<\/span><\/span><\/span><\/strong><span style=\"color: #333333;\"><span style=\"font-family: Arial, sans-serif;\"><span style=\"font-size: medium;\"><b>: il fondamentalismo islamico che vediamo all\u2019opera in Medio Oriente e in Africa non riguarda solo quelle regioni, ma ce l\u2019abbiamo anche in casa e in costante crescita. Lo rivelano anzitutto gli ormai innumerevoli casi accertati di combattenti in Siria e Iraq partiti dall\u2019Europa. Non ci si faccia illusioni: non appena la situazione si stabilizzer\u00e0 in quelle regioni torneranno in Europa per proseguire la stessa guerra.<\/b><\/span><\/span><\/span><\/p>\n<p><strong><span style=\"color: #333333;\"><span style=\"font-family: Arial, sans-serif;\"><span style=\"font-size: medium;\">Non solo: ci sono altre associazioni islamiche,<\/span><\/span><\/span><\/strong><span style=\"color: #333333;\"><span style=\"font-family: Arial, sans-serif;\"><span style=\"font-size: medium;\"><b>\u00a0legate o comunque vicine ai Fratelli musulmani, che pur presentandosi in modo diverso condividono lo stesso progetto del Califfato. Arrivandoci in altro modo, dal basso e gradualmente, ma l\u2019obiettivo \u00e8 lo stesso. Conquistare l&#8217;Europa \u00e8 un obiettivo sempre pi\u00f9 spesso dichiarato pubblicamente. E sono le associazioni e le personalit\u00e0 che pi\u00f9 vengono scelte come interlocutori sia dalle autorit\u00e0 ecclesiastiche sia da quelle civili. In pratica stiamo spalancando le porte a chi aspetta solo il momento giusto per eliminarci. Del resto la cecit\u00e0 di fronte alla realt\u00e0 dell\u2019islam ha gi\u00e0 fatto s\u00ec che Europa e Usa, con le loro scellerate scelte politiche, abbiano agevolato enormemente l\u2019ascesa di qaedisti e salafiti nei paesi del Nord Africa (vedi Libia) e del Medio Oriente. Per non parlare della (non) gestione del fenomeno dell\u2019immigrazione.<\/b><\/span><\/span><\/span><\/p>\n<p align=\"LEFT\"><strong><span style=\"color: #333333;\"><span style=\"font-family: Arial, sans-serif;\"><span style=\"font-size: medium;\">Piaccia o no l\u2019islam rappresenta una grave minaccia per la nostra civilt\u00e0<\/span><\/span><\/span><\/strong><span style=\"color: #333333;\"><span style=\"font-family: Arial, sans-serif;\"><span style=\"font-size: medium;\"><b>\u00a0e una preghiera per i cristiani perseguitati che non abbia questa consapevolezza rischia di essere solo un pio sentimentalismo.<\/b><\/span><\/span><\/span><\/p>\n<p align=\"LEFT\"><span style=\"color: #0000ff;\"><a href=\"http:\/\/www.lanuovabq.it\/it\/articoli-far-finta-chei-fondamentalistinon-siano-islamici--10002.htm\"><span style=\"color: #0000ff;\"><span style=\"font-family: Arial, sans-serif;\"><span style=\"font-size: medium;\"><b>http:\/\/www.lanuovabq.it\/it\/articoli-far-finta-chei-fondamentalistinon-siano-islamici&#8211;10002.htm<\/b><\/span><\/span><\/span><\/a><\/span><\/p>\n<p><a href=\"http:\/\/www.roccopoliti.it\/wp-content\/uploads\/2014\/08\/Q-QUO-VADIS-FB21.jpg\"><img loading=\"lazy\" decoding=\"async\" alt=\"Q-QUO-VADIS-FB21\" src=\"http:\/\/www.roccopoliti.it\/wp-content\/uploads\/2014\/08\/Q-QUO-VADIS-FB21.jpg\" width=\"1000\" height=\"379\" \/><\/a><\/p>\n<h2 align=\"CENTER\"><span style=\"color: #0000ff;\">www.facebook.com\/quovadisaps<\/span><\/h2>\n<h2 align=\"CENTER\"><span style=\"color: #0000ff;\"><a name=\"_GoBack\"><\/a>\u00a0\u00a0www.quovadisaps.org<\/span><\/h2>\n<h2 align=\"CENTER\"><span style=\"color: #0000ff;\">\u00a0quovadis.aps@gmail.com<\/span><\/h2>\n<h2 align=\"CENTER\"><span style=\"color: #0000ff;\">telefono \u00a0392 1539014<\/span><\/h2>\n","protected":false},"excerpt":{"rendered":"<p>Far finta che i fondamentalisti non siano islamici di Riccardo Cascioli11-08-2014 \u00abNoi non possiamo tacere\u00bb, \u00e8 il titolo del comunicato con cui i vescovi italiani invitano a dedicare il 15 agosto, solennit\u00e0 dell\u2019Assunzione della Vergine Maria, alla preghiera per i cristiani perseguitati, in particolar modo per quelli dell\u2019Iraq (clicca qui). \u00c8 un appuntamento a cui [&hellip;]<\/p>\n","protected":false},"author":1,"featured_media":0,"comment_status":"closed","ping_status":"open","sticky":false,"template":"","format":"standard","meta":{"footnotes":""},"categories":[213],"tags":[],"class_list":["post-7753","post","type-post","status-publish","format-standard","hentry","category-guerra"],"views":2419,"_links":{"self":[{"href":"http:\/\/www.roccopoliti.it\/index.php?rest_route=\/wp\/v2\/posts\/7753","targetHints":{"allow":["GET"]}}],"collection":[{"href":"http:\/\/www.roccopoliti.it\/index.php?rest_route=\/wp\/v2\/posts"}],"about":[{"href":"http:\/\/www.roccopoliti.it\/index.php?rest_route=\/wp\/v2\/types\/post"}],"author":[{"embeddable":true,"href":"http:\/\/www.roccopoliti.it\/index.php?rest_route=\/wp\/v2\/users\/1"}],"replies":[{"embeddable":true,"href":"http:\/\/www.roccopoliti.it\/index.php?rest_route=%2Fwp%2Fv2%2Fcomments&post=7753"}],"version-history":[{"count":5,"href":"http:\/\/www.roccopoliti.it\/index.php?rest_route=\/wp\/v2\/posts\/7753\/revisions"}],"predecessor-version":[{"id":7755,"href":"http:\/\/www.roccopoliti.it\/index.php?rest_route=\/wp\/v2\/posts\/7753\/revisions\/7755"}],"wp:attachment":[{"href":"http:\/\/www.roccopoliti.it\/index.php?rest_route=%2Fwp%2Fv2%2Fmedia&parent=7753"}],"wp:term":[{"taxonomy":"category","embeddable":true,"href":"http:\/\/www.roccopoliti.it\/index.php?rest_route=%2Fwp%2Fv2%2Fcategories&post=7753"},{"taxonomy":"post_tag","embeddable":true,"href":"http:\/\/www.roccopoliti.it\/index.php?rest_route=%2Fwp%2Fv2%2Ftags&post=7753"}],"curies":[{"name":"wp","href":"https:\/\/api.w.org\/{rel}","templated":true}]}}