{"id":8530,"date":"2014-10-25T17:53:38","date_gmt":"2014-10-25T15:53:38","guid":{"rendered":"http:\/\/www.roccopoliti.it\/?p=8530"},"modified":"2014-10-25T17:58:53","modified_gmt":"2014-10-25T15:58:53","slug":"risposta-alla-di-un-anonimo-testimone-di-geova-25102014","status":"publish","type":"post","link":"http:\/\/www.roccopoliti.it\/?p=8530","title":{"rendered":"Risposta alla @ di un anonimo testimone di Geova. 25\/10\/2014"},"content":{"rendered":"<p style=\"text-align: center;\" align=\"LEFT\"><a href=\"http:\/\/www.roccopoliti.it\/wp-content\/uploads\/2014\/10\/images1.jpg\"><img loading=\"lazy\" decoding=\"async\" class=\"alignnone size-full wp-image-8531\" alt=\"images\" src=\"http:\/\/www.roccopoliti.it\/wp-content\/uploads\/2014\/10\/images1.jpg\" width=\"348\" height=\"145\" srcset=\"http:\/\/www.roccopoliti.it\/wp-content\/uploads\/2014\/10\/images1.jpg 348w, http:\/\/www.roccopoliti.it\/wp-content\/uploads\/2014\/10\/images1-300x124.jpg 300w\" sizes=\"auto, (max-width: 348px) 100vw, 348px\" \/><\/a><\/p>\n<p style=\"text-align: center;\" align=\"LEFT\"><span style=\"color: #ff0000;\"><strong><span style=\"font-family: Arial, sans-serif;\"><span style=\"font-size: xx-large;\">Risposta <\/span><\/span><\/strong><\/span><\/p>\n<p style=\"text-align: center;\" align=\"LEFT\"><span style=\"color: #ff0000;\"><strong><span style=\"font-family: Arial, sans-serif;\"><span style=\"font-size: xx-large;\">alla @ <\/span><\/span><\/strong><\/span><\/p>\n<p style=\"text-align: center;\" align=\"LEFT\"><span style=\"color: #ff0000;\"><strong><span style=\"font-family: Arial, sans-serif;\"><span style=\"font-size: xx-large;\">di un anonimo<\/span><\/span><\/strong><\/span><\/p>\n<p style=\"text-align: center;\" align=\"LEFT\"><span style=\"color: #ff0000;\"><strong><span style=\"font-family: Arial, sans-serif;\"><span style=\"font-size: xx-large;\"> testimone di Geova.\u00a0<\/span><\/span><\/strong><\/span><\/p>\n<h2 align=\"LEFT\"><\/h2>\n<h2 align=\"LEFT\"><strong><span style=\"color: #222222;\"><span style=\"font-family: Arial, sans-serif;\">Ecco il contenuto della @:<\/span><\/span><\/strong><\/h2>\n<h2 align=\"LEFT\"><strong>\u00a0<\/strong><\/h2>\n<h2 align=\"LEFT\"><strong><span style=\"color: #222222;\"><span style=\"font-family: Arial, sans-serif;\">Egregio Signor Politi,<\/span><\/span><\/strong><\/h2>\n<h2 align=\"LEFT\"><strong><span style=\"color: #222222;\"><span style=\"font-family: Arial, sans-serif;\">la invito a leggere e a far leggere ai suoi cari dissidenti questo ottimo articolo.<\/span><\/span><\/strong><\/h2>\n<h2 align=\"LEFT\"><strong><span style=\"color: #000000;\"><span style=\"font-family: Arial, sans-serif;\">Un ottimo articolo pubblicato dal sito <\/span><\/span><span style=\"color: #0000ff;\"><span style=\"text-decoration: underline;\"><span style=\"font-family: Arial, sans-serif;\"><a href=\"http:\/\/tdgonline.net\/\" target=\"_blank\"><span style=\"color: #0000ff; text-decoration: underline;\">tdgonline.net<\/span><\/a><\/span><\/span><\/span><\/strong><\/h2>\n<h2 align=\"LEFT\"><span style=\"color: #0000ff;\"><strong><span style=\"text-decoration: underline;\"><a href=\"http:\/\/www.tdgonline.net\/indice\/articoli\/plagio.htm\" target=\"_blank\"><span style=\"color: #0000ff; text-decoration: underline;\"><span style=\"font-family: Arial, sans-serif;\">http:\/\/www.tdgonline.net\/indice\/articoli\/plagio.htm<\/span><\/span><\/a><\/span><\/strong><\/span><\/h2>\n<h2><span style=\"color: #000000;\"><span style=\"font-family: Arial, sans-serif;\">In aggiunta vorrei fare qualche considerazione:<\/span><\/span><\/h2>\n<h2><span style=\"color: #000000;\"><span style=\"font-family: Arial, sans-serif;\">1. Dove \u00e8 stato introdotto il reato di plagio\/abuso di debolezza (Francia e Spagna) non esistono incriminazioni di testimoni di Geova, e non solo non sono incriminati i singoli ma soprattutto non \u00e8 incriminata l&#8217;organizzazione. Sia in Francia che in Spagna i testimoni di Geova sono riconosciuti ufficialmente dallo Stato come associazione religiosa e il riconoscimento \u00e8 avvenuto dopo decenni di isteria &#8220;antisette&#8221; sbandierata in ogni dove &#8211; isteria foraggiata anche con il benestare governativo (almeno in certi paesi). \u00c8 doveroso specificare che nonostante il riconoscimento giuridico, specialmente in Francia, esiste un movimento strettamente legato alla politica che \u00e8 ostile ai TdG e che porta avanti da 40 anni vaghe accuse di &#8220;manipolazione mentale&#8221; sostanzialmente mai dimostrate.<\/span><\/span><\/h2>\n<h2><span style=\"color: #000000;\"><span style=\"font-family: Arial, sans-serif;\">2. La Corte europea dei diritti dell&#8217;uomo ha scagionato i testimoni di Geova dall&#8217;accusa portata avanti da alcuni tribunali russi secondo i quali controllerebbero mentalmente le persone (<\/span><\/span><span style=\"color: #000080;\"><span style=\"text-decoration: underline;\"><a href=\"http:\/\/www.cesnur.org\/2010\/Sentenza%20ECHR%20Testimoni%20Geova%20-%20RUSSIA%20-%20italiano.pdf\" target=\"_blank\"><span style=\"color: #1155cc; text-decoration: underline;\"><span style=\"font-family: Arial, sans-serif;\">sentenza<\/span><\/span><\/a><\/span><\/span><span style=\"color: #000000;\"><span style=\"font-family: Arial, sans-serif;\">).<\/span><\/span><\/h2>\n<h2><span style=\"color: #000000;\"><span style=\"font-family: Arial, sans-serif;\">3. Per quanto la cosa possa sembrare paradossale una legge sul plagio o sulla manipolazione mentale sarebbero una manna dal cielo per i gruppi come i testimoni di Geova, se oggi qualcuno ti accusa di essere un manipolatore mentale \u00e8 in molti casi protetto dalle leggi che tutelano la libert\u00e0 di espressione e di critica. Nel momento in cui si istituisse un reato penale tutti questi chiaccheroni ci penserebbero due volte prima di lanciare determinate accuse (tra l&#8217;altro facilmente smentibili).<\/span><\/span><span style=\"color: #222222;\"><span style=\"font-family: Arial, sans-serif;\"><br \/>\n<\/span><\/span><span style=\"color: #000000;\"><span style=\"font-family: Arial, sans-serif;\">Ci\u00f2 non toglie il fatto che come tutti sanno i TdG non si occupano di politica e non interferiscono in tal senso.<\/span><\/span><\/h2>\n<h2><span style=\"color: #000000;\"><span style=\"font-family: Arial, sans-serif;\">4. L&#8217;idelogia che sta alla base delle teorie sulla manipolazione mentale, a lungo termine, comporta inevitabilmente la limitazione dei diritti politici, civili e umani dei cosiddetti &#8220;plagiati&#8221; (considerati alla stregua di malati mentali). Alla luce di ci\u00f2 \u00e8 possibile che in futuro i promotori di queste teorie verranno considerati al pari di un\u00a0<\/span><\/span><span style=\"color: #000080;\"><span style=\"text-decoration: underline;\"><a href=\"http:\/\/it.wikipedia.org\/wiki\/Basi_ideologiche_del_nazismo\" target=\"_blank\"><span style=\"color: #1155cc; text-decoration: underline;\"><span style=\"font-family: Arial, sans-serif;\">Gottfried Feder<\/span><\/span><\/a><\/span><\/span><span style=\"color: #252525;\"><span style=\"font-family: Arial, sans-serif;\">\u00a0\u00a0<\/span><\/span><span style=\"color: #000000;\"><span style=\"font-family: Arial, sans-serif;\">\u00a0o di un\u00a0<\/span><\/span><span style=\"color: #000080;\"><span style=\"text-decoration: underline;\"><a href=\"http:\/\/it.wikipedia.org\/wiki\/Heinrich_Himmler\" target=\"_blank\"><span style=\"color: #1155cc; text-decoration: underline;\"><span style=\"font-family: Arial, sans-serif;\">Heinrich Himmler<\/span><\/span><\/a><\/span><\/span><span style=\"color: #000000;\"><span style=\"font-family: Arial, sans-serif;\">.\u00a0<\/span><\/span><\/h2>\n<h2 align=\"LEFT\"><strong>\u00a0<\/strong><\/h2>\n<h2 align=\"LEFT\"><strong><span style=\"color: #222222;\"><span style=\"font-family: Arial, sans-serif;\">Contenuto della risposta alla @:<\/span><\/span><\/strong><\/h2>\n<h2 align=\"LEFT\"><strong><span style=\"color: #222222;\"><span style=\"font-family: Arial, sans-serif;\">Egr. Sig. (anonimo)<\/span><\/span><\/strong><\/h2>\n<h2><strong><span style=\"color: #222222;\"><span style=\"font-family: Arial, sans-serif;\">le tecniche di plagio e controllo mentale sono riconosciute e adottate in molte istituzioni, prime fra tutti gli eserciti, nazionali e soprannazionali.<\/span><\/span><\/strong><\/h2>\n<h2><strong><span style=\"color: #222222;\"><span style=\"font-family: Arial, sans-serif;\">Esistono infatti dei corsi e dei programmi accademici finanziati dai ministeri, americani e asiatici ed europei atti a esercitare le suddette tecniche, o a prevenirle. <\/span><\/span><\/strong><\/h2>\n<h2><strong><span style=\"color: #222222;\"><span style=\"font-family: Arial, sans-serif;\">Il fatto che il reato di plagio sia stato abrogato e successivamente abolito non significa che non ne sia riconosciuta l&#8217;oggettivit\u00e0. <\/span><\/span><\/strong><\/h2>\n<h2><strong><span style=\"color: #222222;\"><span style=\"font-family: Arial, sans-serif;\">D&#8217;altronde il termine PLAGIO \u00e8 assai antico e significa furto di fanciulli, furto di schiavi o sotterfugio. <\/span><\/span><\/strong><\/h2>\n<h2><strong><span style=\"color: #222222;\"><span style=\"font-family: Arial, sans-serif;\">La lingua caro sig. (anonimo) \u00e8 maestra di vita. <\/span><\/span><\/strong><\/h2>\n<h2><strong><span style=\"color: #222222;\"><span style=\"font-family: Arial, sans-serif;\">Il fatto che esista un termine che definisca un frangente di una realt\u00e0 \u00e8 sinonimo di elaborazione della stessa. <\/span><\/span><\/strong><\/h2>\n<h2><strong><span style=\"color: #222222;\"><span style=\"font-family: Arial, sans-serif;\">Il reato di omicidio ad esempio cessa di essere tale in guerra. <\/span><\/span><\/strong><\/h2>\n<h2><strong><span style=\"color: #222222;\"><span style=\"font-family: Arial, sans-serif;\">Ma ci\u00f2 non toglie che muoiano delle persone. <\/span><\/span><\/strong><\/h2>\n<h2><strong><span style=\"color: #222222;\"><span style=\"font-family: Arial, sans-serif;\">Quindi siamo davanti a un bivio. <\/span><\/span><\/strong><\/h2>\n<h2><strong><span style=\"color: #222222;\"><span style=\"font-family: Arial, sans-serif;\">Diamo valore all&#8217;oggetto o alla sua definizione?<\/span><\/span><\/strong><\/h2>\n<h2><strong><span style=\"color: #222222;\"><span style=\"font-family: Arial, sans-serif;\">E&#8217; molto interessante che nei discorsi pubblici tra i testimoni di geova si parli davvero di manipolazione mentale quando ci si riferisce ad altre istituzioni religiose, ricordo ad esempio una menzione sull&#8217;Opus Dei e la sua modalit\u00e0 di reclutamento. <\/span><\/span><\/strong><\/h2>\n<h2><strong><span style=\"color: #222222;\"><span style=\"font-family: Arial, sans-serif;\">Dunque se la manipolazione non esiste per nessuno, allora quel discorso della domenica era mendace. <\/span><\/span><\/strong><\/h2>\n<h2><strong><span style=\"color: #222222;\"><span style=\"font-family: Arial, sans-serif;\">Si fa spesso riferimento al fatto che pure il diavolo manipola le menti dei governanti perch\u00e8 si schierino contro il popolo (autonominato) di Dio. <\/span><\/span><\/strong><\/h2>\n<h2><strong><span style=\"color: #222222;\"><span style=\"font-family: Arial, sans-serif;\">Se questo non \u00e8 vero perch\u00e8 la manipolazione mentale non esiste, allora anche in questo caso gli stessi testimoni di Geova non hanno ragione di menzionare questi concetti per avvalorare le loro teorie.<\/span><\/span><\/strong><\/h2>\n<h2><strong><span style=\"color: #222222;\"><span style=\"font-family: Arial, sans-serif;\">Non esiste un confine netto tra lavaggio del cervello, semplice manipolazione e gentile induzione.<\/span><\/span><\/strong><\/h2>\n<h2><strong><span style=\"color: #222222;\"><span style=\"font-family: Arial, sans-serif;\">Il problema caro sig. (anonimo) \u00e8 che un bambino crede DAVVERO DI MORIRE AD ARMAGHEDON se manger\u00e0 le paste e canter\u00e0 la canzoncina ad un compleanno. <\/span><\/span><\/strong><\/h2>\n<h2><strong><span style=\"color: #222222;\"><span style=\"font-family: Arial, sans-serif;\">Questa come la vogliamo definire? <\/span><\/span><\/strong><\/h2>\n<h2><strong><span style=\"color: #222222;\"><span style=\"font-family: Arial, sans-serif;\">Educazione rigida? <\/span><\/span><\/strong><\/h2>\n<h2><strong><span style=\"color: #222222;\"><span style=\"font-family: Arial, sans-serif;\">Buona educazione religiosa? <\/span><\/span><\/strong><\/h2>\n<h2><strong><span style=\"color: #222222;\"><span style=\"font-family: Arial, sans-serif;\">Un ragazzino pensa davvero che Satana sia felice se gioca coi i bambini &#8220;del mondo&#8221;. <\/span><\/span><\/strong><\/h2>\n<h2><strong><span style=\"color: #222222;\"><span style=\"font-family: Arial, sans-serif;\">Questo vuol dire che nella mente di questo fanciullo c&#8217;\u00e8 davvero una distinzione tra testimoni e non testimoni. <\/span><\/span><\/strong><\/h2>\n<h2><strong><span style=\"color: #222222;\"><span style=\"font-family: Arial, sans-serif;\">E tutto dipende da questo per lui. <\/span><\/span><\/strong><\/h2>\n<h2><strong><span style=\"color: #222222;\"><span style=\"font-family: Arial, sans-serif;\">La mente di questo pargolo \u00e8 libera da preconcetti? <\/span><\/span><\/strong><\/h2>\n<h2><strong><span style=\"color: #222222;\"><span style=\"font-family: Arial, sans-serif;\">Una mamma che mostra Adamo ed Eva ormai condannati a morte per aver disubbidito a Dio, nel momento in cui il bambino gioca con un giocattolo disapprovato da Dio perch\u00e8 magico, come si colloca nell&#8217;ambito comportamentale?<\/span><\/span><\/strong><\/h2>\n<h2><strong><span style=\"color: #222222;\"><span style=\"font-family: Arial, sans-serif;\">Un genitore che dica a una bimba che se uno zio non torna nella &#8220;verit\u00e0&#8221; \u00e8 un cadavere ambulante cos&#8217;\u00e8 se non manipolazione mentale o lavaggio del cervello?<\/span><\/span><\/strong><\/h2>\n<h2><strong><span style=\"color: #222222;\"><span style=\"font-family: Arial, sans-serif;\">Un anziano che dica a un inattivo che se si dissocia \u00e8 come se si suicidasse davanti a Dio come lo vuole definire? <\/span><\/span><\/strong><\/h2>\n<h2><strong><span style=\"color: #222222;\"><span style=\"font-family: Arial, sans-serif;\">Salvataggio di un&#8217;anima in extremis forse? <\/span><\/span><\/strong><\/h2>\n<h2><strong><span style=\"color: #222222;\"><span style=\"font-family: Arial, sans-serif;\">Perch\u00e8 vede queste cose avvengono e sono sempre avvenute. <\/span><\/span><\/strong><\/h2>\n<h2><strong><span style=\"color: #222222;\"><span style=\"font-family: Arial, sans-serif;\">Cambiamo pure la definizione ma i fatti rimangono.<\/span><\/span><\/strong><\/h2>\n<h2><strong><span style=\"color: #222222;\"><span style=\"font-family: Arial, sans-serif;\">Mi fa davvero piacere che abbia citato il caso di due antisemiti perch\u00e8 in effetti la stessa torre di guardia nei suoi articoli degli anni 30 era della stessa opinione. <\/span><\/span><\/strong><\/h2>\n<h2><strong><span style=\"color: #222222;\"><span style=\"font-family: Arial, sans-serif;\">Caso mai avesse voluto intendere altro con le sue ultime dichiarazioni queste verranno considerate come una caduta di stile, un ultimo appiglio disperato per ottenere un risultato purtroppo scontato. <\/span><\/span><\/strong><\/h2>\n<h2><strong><span style=\"color: #222222;\"><span style=\"font-family: Arial, sans-serif;\">E&#8217; sempre bene combattere le proprie battaglie&#8230; ma un minimo di conoscenza storica non fa mai male.<\/span><\/span><\/strong><\/h2>\n<h2><strong><span style=\"color: #222222;\"><span style=\"font-family: Arial, sans-serif;\">Ps. Conosco bene il contesto francese e le assicuro che non \u00e8 proprio come lei asserisce.<\/span><\/span><\/strong><\/h2>\n<h2><span style=\"color: #0000ff;\"><strong><span style=\"text-decoration: underline;\"><a href=\"http:\/\/vaticaninsider.lastampa.it\/inchieste-ed-interviste\/dettaglio-articolo\/articolo\/psicoloia-religione-28560\/\" target=\"_blank\"><span style=\"color: #0000ff; text-decoration: underline;\"><span style=\"font-family: Arial, sans-serif;\">http:\/\/vaticaninsider.lastampa.it\/inchieste-ed-interviste\/dettaglio-articolo\/articolo\/psicoloia-religione-28560\/<\/span><\/span><\/a><\/span><\/strong><\/span><\/h2>\n<h2><strong><span style=\"color: #222222;\"><span style=\"font-family: Arial, sans-serif;\">Immagino che Lei caro signor (anonimo) abbia notato che il professore menzionato nell&#8217;articolo (da lei definito ottimo, ma che qualcun altro definirebbe ingenuo), tiene dei corsi all&#8217;universit\u00e0 cattolica ed \u00e8 un corrispondente del La Stampa in Vaticano.<\/span><\/span><\/strong><\/h2>\n<h2><strong><span style=\"color: #222222;\"><span style=\"font-family: Arial, sans-serif;\">Questo \u00e8 molto strano dal momento che i testimoni di Geova sconsigliano di leggere materiale edito da altre religioni e organizzazioni o istituzioni religiose. (Ma magari sono cambiate le cose nel frattempo) <\/span><\/span><\/strong><\/h2>\n<h2><strong><span style=\"color: #222222;\"><span style=\"font-family: Arial, sans-serif;\">Mi piacerebbe conoscere l&#8217;autore e presentarlo alla betel come redattore perch\u00e8 sarebbe un incentivo alla pluralit\u00e0 delle fonti. (ho ancora qualche amico che potrebbe metterci una buona parola li dentro)<\/span><\/span><\/strong><\/h2>\n<h2><strong><span style=\"color: #222222;\"><span style=\"font-family: Arial, sans-serif;\">Non l&#8217;annoier\u00f2 sicuramente con una sintesi dell&#8217;articolo stesso e del convegno da cui \u00e8 stato tratto il probabile assunto a cui fa riferimento l&#8217;articolo. <\/span><\/span><\/strong><\/h2>\n<h2><strong><span style=\"color: #222222;\"><span style=\"font-family: Arial, sans-serif;\">Mi rammarico solo del fatto che purtroppo ancora tante persone estrapolano una singola frase da un discorso ampio e lungimirante e la applicano a proprio piacimento per sostenere le proprie tesi(che di base sostiene l&#8217;esatto contrario). <\/span><\/span><\/strong><\/h2>\n<h2><strong><span style=\"color: #222222;\"><span style=\"font-family: Arial, sans-serif;\">Mi pare proprio che l&#8217;articolo si riferisca alla sfera della pluralit\u00e0 e dell&#8217;impossibilit\u00e0 di analizzare un credo senza l&#8217;approccio del singolo credente. <\/span><\/span><\/strong><\/h2>\n<h2><strong><span style=\"color: #222222;\"><span style=\"font-family: Arial, sans-serif;\">In sostanza una religione viene ricostruita ogni volta dall&#8217;atteggiamento del fedele, non ha quindi delle propriet\u00e0 ascritte. (esattamente l&#8217;opposto di quello che dicono molte religioni e sette)<\/span><\/span><\/strong><\/h2>\n<h2><strong><span style=\"color: #222222;\"><span style=\"font-family: Arial, sans-serif;\">La invito a leggere il contenuto dell&#8217;articolo per intero, immagino che rimarr\u00e0 piacevolmente sorpreso (o imbarazzato&#8230; chiss\u00e0). <\/span><\/span><\/strong><\/h2>\n<h2><strong><span style=\"color: #222222;\"><span style=\"font-family: Arial, sans-serif;\">Da testimone di Geova ho spesso commesso errori di superficialit\u00e0. Mi fidavo degli &#8220;ottimi articoli degli esperti&#8221; menzionati nelle pubblicazioni di turno e non facevo approfondimenti personali. Avendo perso questo vizio, ora sono in grado di rispondere se non esaustivamente almeno in modo pertinente. <\/span><\/span><\/strong><\/h2>\n<h2><strong><span style=\"color: #222222;\"><span style=\"font-family: Arial, sans-serif;\">Una piccola anticipazione le sar\u00e0 di gran aiuto, o forse di stimolo per consigliare ai suoi amici un nuovo articolo &#8220;<\/span><\/span><span style=\"color: #222222;\"><span style=\"font-family: Arial, sans-serif;\">La consapevolezza psicologica che la \u201cnostra\u201d verit\u00e0\u00a0 \u00e8 il punto di arrivo, sempre parziale e ipotetico, di un nostro lungo percorso (e non \u00e8 un \u201cdato\u201d ovvio per tutti)\u00a0 aiuterebbe a riconoscere la \u201cverit\u00e0\u201d, o almeno la buona fede di chi ha fatto altri percorsi, con altrettanta onesta e impegno. <\/span><\/span><\/strong><\/h2>\n<h2><strong><span style=\"color: #222222;\"><span style=\"font-family: Arial, sans-serif;\">Qui \u00e8 la fonte del vero pluralismo&#8221;. (cit Aletti, medesimo articolo)\u00a0<\/span><\/span><\/strong><\/h2>\n<h2><strong><span style=\"color: #222222;\"><span style=\"font-family: Arial, sans-serif;\">Ho notato che ha messo nella risposta dei link a Wikipedia per cui gliene metto uno anche io per simpatia nei suoi confronti&#8230; (ricordi che Wikipedia \u00e8 costruito da molte opinioni ricche di inesattezze,.buone per le ricerche di prima ginnasio)<\/span><\/span><\/strong><\/h2>\n<h2><span style=\"color: #0000ff;\"><strong><span style=\"text-decoration: underline;\"><a href=\"http:\/\/it.wikipedia.org\/wiki\/Lavaggio_del_cervello\" target=\"_blank\"><span style=\"color: #0000ff; text-decoration: underline;\"><span style=\"font-family: Arial, sans-serif;\">http:\/\/it.wikipedia.org\/wiki\/Lavaggio_del_cervello<\/span><\/span><\/a><\/span><\/strong><\/span><\/h2>\n<h2><strong><em id=\"__mceDel\" style=\"font-size: 13px;\"><span style=\"color: #222222;\"><span style=\"font-family: Arial, sans-serif;\">Se a lei andr\u00e0 potremo continuare a scambiarci altre opinioni, confidando nel fatto che le sue associazioni siano pi\u00f9 contestuali delle precedenti.<\/span><\/span><\/em><\/strong><\/h2>\n<h2><strong><span style=\"color: #222222;\"><span style=\"font-family: Arial, sans-serif;\">E su questo non spreco altre parole.<\/span><\/span><\/strong><\/h2>\n<p><a href=\"http:\/\/www.roccopoliti.it\/wp-content\/uploads\/2014\/09\/Q-QUO-VADIS-FB21.jpg\"><img loading=\"lazy\" decoding=\"async\" alt=\"Q-QUO-VADIS-FB21\" src=\"http:\/\/www.roccopoliti.it\/wp-content\/uploads\/2014\/09\/Q-QUO-VADIS-FB21.jpg\" width=\"1000\" height=\"379\" \/><\/a><\/p>\n<h2 style=\"text-align: center;\">\u00a0<span style=\"color: #0000ff;\">www.facebook.com\/quovadisaps<\/span><\/h2>\n<h2 style=\"text-align: center;\" align=\"CENTER\"><span style=\"color: #0000ff;\"><a name=\"_GoBack\"><\/a>\u00a0\u00a0www.quovadisaps.org<\/span><\/h2>\n<h2 style=\"text-align: center;\" align=\"CENTER\"><span style=\"color: #0000ff;\">\u00a0quovadis.aps@gmail.com<\/span><\/h2>\n<h2 style=\"text-align: center;\" align=\"CENTER\"><span style=\"color: #0000ff;\">telefono \u00a0392 1539014<\/span><\/h2>\n<p>&nbsp;<\/p>\n<p>&nbsp;<\/p>\n<p>&nbsp;<\/p>\n","protected":false},"excerpt":{"rendered":"<p>Risposta alla @ di un anonimo testimone di Geova.\u00a0 Ecco il contenuto della @: \u00a0 Egregio Signor Politi, la invito a leggere e a far leggere ai suoi cari dissidenti questo ottimo articolo. Un ottimo articolo pubblicato dal sito tdgonline.net http:\/\/www.tdgonline.net\/indice\/articoli\/plagio.htm In aggiunta vorrei fare qualche considerazione: 1. Dove \u00e8 stato introdotto il reato di [&hellip;]<\/p>\n","protected":false},"author":1,"featured_media":0,"comment_status":"closed","ping_status":"open","sticky":false,"template":"","format":"standard","meta":{"footnotes":""},"categories":[231],"tags":[],"class_list":["post-8530","post","type-post","status-publish","format-standard","hentry","category-anonimo"],"views":4955,"_links":{"self":[{"href":"http:\/\/www.roccopoliti.it\/index.php?rest_route=\/wp\/v2\/posts\/8530","targetHints":{"allow":["GET"]}}],"collection":[{"href":"http:\/\/www.roccopoliti.it\/index.php?rest_route=\/wp\/v2\/posts"}],"about":[{"href":"http:\/\/www.roccopoliti.it\/index.php?rest_route=\/wp\/v2\/types\/post"}],"author":[{"embeddable":true,"href":"http:\/\/www.roccopoliti.it\/index.php?rest_route=\/wp\/v2\/users\/1"}],"replies":[{"embeddable":true,"href":"http:\/\/www.roccopoliti.it\/index.php?rest_route=%2Fwp%2Fv2%2Fcomments&post=8530"}],"version-history":[{"count":9,"href":"http:\/\/www.roccopoliti.it\/index.php?rest_route=\/wp\/v2\/posts\/8530\/revisions"}],"predecessor-version":[{"id":8540,"href":"http:\/\/www.roccopoliti.it\/index.php?rest_route=\/wp\/v2\/posts\/8530\/revisions\/8540"}],"wp:attachment":[{"href":"http:\/\/www.roccopoliti.it\/index.php?rest_route=%2Fwp%2Fv2%2Fmedia&parent=8530"}],"wp:term":[{"taxonomy":"category","embeddable":true,"href":"http:\/\/www.roccopoliti.it\/index.php?rest_route=%2Fwp%2Fv2%2Fcategories&post=8530"},{"taxonomy":"post_tag","embeddable":true,"href":"http:\/\/www.roccopoliti.it\/index.php?rest_route=%2Fwp%2Fv2%2Ftags&post=8530"}],"curies":[{"name":"wp","href":"https:\/\/api.w.org\/{rel}","templated":true}]}}