{"id":8568,"date":"2014-10-29T17:10:31","date_gmt":"2014-10-29T16:10:31","guid":{"rendered":"http:\/\/www.roccopoliti.it\/?p=8568"},"modified":"2014-10-29T17:28:28","modified_gmt":"2014-10-29T16:28:28","slug":"risultato-dellinchiesta-icsa-relativa-alla-liberta-di-espressione-degli-ex-seguaci-di-sette-29102014","status":"publish","type":"post","link":"http:\/\/www.roccopoliti.it\/?p=8568","title":{"rendered":"Risultato dell\u2019inchiesta ICSA relativa alla libert\u00e0 di espressione degli ex seguaci di sette. 29\/10\/2014"},"content":{"rendered":"<h2 style=\"text-align: center;\"><a href=\"http:\/\/www.roccopoliti.it\/wp-content\/uploads\/2014\/10\/Immagine2.jpg\"><img loading=\"lazy\" decoding=\"async\" class=\"alignnone size-full wp-image-8571\" alt=\"Immagine\" src=\"http:\/\/www.roccopoliti.it\/wp-content\/uploads\/2014\/10\/Immagine2.jpg\" width=\"466\" height=\"132\" srcset=\"http:\/\/www.roccopoliti.it\/wp-content\/uploads\/2014\/10\/Immagine2.jpg 466w, http:\/\/www.roccopoliti.it\/wp-content\/uploads\/2014\/10\/Immagine2-300x84.jpg 300w\" sizes=\"auto, (max-width: 466px) 100vw, 466px\" \/><\/a><\/h2>\n<h2 style=\"text-align: center;\"><span style=\"color: #ff0000;\"><strong><span style=\"font-family: Arial, sans-serif;\"><span style=\"font-size: xx-large;\">Risultato dell\u2019inchiesta<\/span><\/span><\/strong><\/span><\/h2>\n<h2 style=\"text-align: center;\"><span style=\"color: #ff0000;\"><strong><span style=\"font-family: Arial, sans-serif;\"><span style=\"font-size: xx-large;\"> ICSA <\/span><\/span><\/strong><\/span><\/h2>\n<h2 style=\"text-align: center;\"><span style=\"color: #ff0000;\"><strong><span style=\"font-family: Arial, sans-serif;\"><span style=\"font-size: xx-large;\">relativa alla <\/span><\/span><\/strong><\/span><\/h2>\n<h2 style=\"text-align: center;\"><span style=\"color: #ff0000;\"><strong><span style=\"font-family: Arial, sans-serif;\"><span style=\"font-size: xx-large;\">libert\u00e0 di espressione<\/span><\/span><\/strong><\/span><\/h2>\n<h2 style=\"text-align: center;\"><span style=\"color: #ff0000;\"><strong><span style=\"font-family: Arial, sans-serif;\"><span style=\"font-size: xx-large;\"> degli ex seguaci <\/span><\/span><\/strong><\/span><\/h2>\n<h2 style=\"text-align: center;\"><span style=\"color: #ff0000;\"><strong><span style=\"font-family: Arial, sans-serif;\"><span style=\"font-size: xx-large;\">di sette.<\/span><\/span><\/strong><\/span><\/h2>\n<h2><strong><span style=\"color: #555555;\"><span style=\"font-family: Arial, sans-serif;\"><span>Una delle cose pi\u00f9 inquietanti nel timore del fenomeno settario \u00e8 la ragione del silenzio degli ex seguaci. L\u2019ICSA ha condotto un sondaggio tra gli ex membri per meglio comprendere i meccanismi di questo fenomeno complesso e di una terribile perversit\u00e0<\/span><\/span><\/span><\/strong><span style=\"color: #555555;\"><span style=\"font-family: Arial, sans-serif;\"><span>.<\/span><\/span><\/span><\/h2>\n<h2><span style=\"color: #555555;\">\u00a0<\/span><\/h2>\n<h2><span style=\"color: #555555;\"><span style=\"font-family: Arial, sans-serif;\"><span><b>di\u00a0<\/b><\/span><\/span><\/span><em><span style=\"color: #555555;\"><span style=\"font-family: Arial, sans-serif;\"><span><b>Michael Langone<\/b><\/span><\/span><\/span><\/em><span style=\"color: #555555;\"><span style=\"font-family: Arial, sans-serif;\"><span><b>\u00a0, 23 agosto 2014<\/b><\/span><\/span><\/span><\/h2>\n<h2><span style=\"color: #555555;\">\u00a0<\/span><\/h2>\n<h2><span style=\"color: #555555;\"><span style=\"font-family: Arial, sans-serif;\"><span><b>Il 2 agosto 2014, l\u2019ICSA ha diffuso un sondaggio per ottenere informazioni sulle restrizioni alla libert\u00e0 di espressione subita da ex membri di gruppi settari.<\/b><\/span><\/span><\/span><\/h2>\n<h2><span style=\"color: #555555;\"><span style=\"font-family: Arial, sans-serif;\"><span><b>Bench\u00e9 questo studio fosse interessato principalmente ai ricorsi intentati da alcune comunit\u00e0 contro i loro critici per ridurli al silenzio, l\u2019indagine ha anche esaminato altri motivi per cui molte persone hanno la sensazione di essere intralciati \u00a0nella loro libert\u00e0 di espressione.<\/b><\/span><\/span><\/span><\/h2>\n<h2><span style=\"color: #555555;\"><span style=\"font-family: Arial, sans-serif;\"><span><b>Una e-mail \u00e8 stata quindi inviata a 3.580 destinatari della mailing list dell\u2019 ICSA per invitarli a rispondere a un \u201csondaggio sulla libert\u00e0 di espressione.\u201d 109 persone hanno risposto al sondaggio tra il 2 e il 22 agosto 2014. In grande maggioranza (80%) erano ex membri di gruppi settari.<\/b><\/span><\/span><\/span><\/h2>\n<h2><span style=\"color: #555555;\"><span style=\"font-family: Arial, sans-serif;\"><span><b>Dal momento che solo una piccola percentuale di persone che appartengono alla rete di ICSA sono attivisti, (vale a dire persone che gestiscono siti web o si esprimono apertamente su qualsiasi gruppo), il nostro campione \u00e8 senza dubbio rappresentativo della popolazione affiliata alla nostra associazione, ma non ne siamo sicuri. In ogni caso, il numero delle persone che hanno risposto e la velocit\u00e0 della loro risposta suggerisce che la questione della libert\u00e0 di espressione \u00e8 un problema che colpisce molti membri della rete ICSA.<\/b><\/span><\/span><\/span><\/h2>\n<h2><span style=\"color: #555555;\"><span style=\"font-family: Arial, sans-serif;\"><span><b>Dopo aver raccolto alcune informazioni di tipo demografico, l\u2019indagine ha proponeva 13 domande a risposta multipla. Le risposte a queste domande sono rivelate qui di seguito:<\/b><\/span><\/span><\/span><\/h2>\n<h2><strong><span style=\"color: #555555;\">\u00a0<\/span><\/strong><\/h2>\n<h2><strong><span style=\"color: #555555;\"><span style=\"font-family: Arial, sans-serif;\"><span>Domande a risposta multipla:<\/span><\/span><\/span><\/strong><\/h2>\n<h2><strong><span style=\"color: #555555;\">\u00a0<\/span><\/strong><\/h2>\n<h2><span style=\"color: #555555;\"><span style=\"font-family: Arial, sans-serif;\"><span><b>Sei stato citato in giudizio per aver esercitato la tua libert\u00e0 di parola?<\/b><\/span><\/span><\/span><\/h2>\n<ul>\n<li>\n<h2><span style=\"color: #555555;\"><span style=\"font-family: Arial, sans-serif;\"><span><b>S\u00ec: 14<\/b><\/span><\/span><\/span><\/h2>\n<\/li>\n<li>\n<h2><span style=\"color: #555555;\"><span style=\"font-family: Arial, sans-serif;\"><span><b>No: 95<\/b><\/span><\/span><\/span><\/h2>\n<\/li>\n<\/ul>\n<h2><span style=\"color: #555555;\">\u00a0<\/span><\/h2>\n<h2><span style=\"color: #555555;\"><span style=\"font-family: Arial, sans-serif;\"><span><b>Se sei stato citato in giudizio, hai documenti legali in tuo possesso che saresti disposto a condividere?<\/b><\/span><\/span><\/span><\/h2>\n<ul>\n<li>\n<h2><span style=\"color: #555555;\"><span style=\"font-family: Arial, sans-serif;\"><span><b>S\u00ec: 11<\/b><\/span><\/span><\/span><\/h2>\n<\/li>\n<\/ul>\n<h2><span style=\"color: #555555;\">\u00a0<\/span><\/h2>\n<h2><span style=\"color: #555555;\"><span style=\"font-family: Arial, sans-serif;\"><span><b>Avete ricevuto messaggi con una implicita minaccia di azioni legali?<\/b><\/span><\/span><\/span><\/h2>\n<ul>\n<li>\n<h2><span style=\"color: #555555;\"><span style=\"font-family: Arial, sans-serif;\"><span><b>S\u00ec: 29<\/b><\/span><\/span><\/span><\/h2>\n<\/li>\n<li>\n<h2><span style=\"color: #555555;\"><span style=\"font-family: Arial, sans-serif;\"><span><b>No: 77<\/b><\/span><\/span><\/span><\/h2>\n<\/li>\n<li>\n<h2><span style=\"color: #555555;\"><span style=\"font-family: Arial, sans-serif;\"><span><b>Non hanno risposto alla domanda: 3<\/b><\/span><\/span><\/span><\/h2>\n<\/li>\n<\/ul>\n<h2><span style=\"color: #555555;\">\u00a0<\/span><\/h2>\n<h2><span style=\"color: #555555;\"><span style=\"font-family: Arial, sans-serif;\"><span><b>Avete ricevuto messaggi di carattere legale di protesta contro le vostre critiche, senza tuttavia minacciarti di azioni legali?<\/b><\/span><\/span><\/span><\/h2>\n<ul>\n<li>\n<h2><span style=\"color: #555555;\"><span style=\"font-family: Arial, sans-serif;\"><span><b>S\u00ec: 24<\/b><\/span><\/span><\/span><\/h2>\n<\/li>\n<li>\n<h2><span style=\"color: #555555;\"><span style=\"font-family: Arial, sans-serif;\"><span><b>No: 84<\/b><\/span><\/span><\/span><\/h2>\n<\/li>\n<li>\n<h2><span style=\"color: #555555;\"><span style=\"font-family: Arial, sans-serif;\"><span><b>Non hanno risposto alla domanda: 1<\/b><\/span><\/span><\/span><\/h2>\n<\/li>\n<\/ul>\n<h2><span style=\"color: #555555;\">\u00a0<\/span><\/h2>\n<h2><span style=\"color: #555555;\"><span style=\"font-family: Arial, sans-serif;\"><span><b>Avete ricevuto minacce verbali o intimidazioni a causa della vostra critica?<\/b><\/span><\/span><\/span><\/h2>\n<ul>\n<li>\n<h2><span style=\"color: #555555;\"><span style=\"font-family: Arial, sans-serif;\"><span><b>S\u00ec: 56<\/b><\/span><\/span><\/span><\/h2>\n<\/li>\n<li>\n<h2><span style=\"color: #555555;\"><span style=\"font-family: Arial, sans-serif;\"><span><b>No: 52<\/b><\/span><\/span><\/span><\/h2>\n<\/li>\n<li>\n<h2><span style=\"color: #555555;\"><span style=\"font-family: Arial, sans-serif;\"><span><b>Non hanno risposto alla domanda: 1<\/b><\/span><\/span><\/span><\/h2>\n<\/li>\n<\/ul>\n<h2><span style=\"color: #555555;\">\u00a0<\/span><\/h2>\n<h2><span style=\"color: #555555;\"><span style=\"font-family: Arial, sans-serif;\"><span><b>Avete ricevuto uno o pi\u00f9 telefonate malevole a causa della vostra critica?<\/b><\/span><\/span><\/span><\/h2>\n<ul>\n<li>\n<h2><span style=\"color: #555555;\"><span style=\"font-family: Arial, sans-serif;\"><span><b>S\u00ec: 51<\/b><\/span><\/span><\/span><\/h2>\n<\/li>\n<li>\n<h2><span style=\"color: #555555;\"><span style=\"font-family: Arial, sans-serif;\"><span><b>No: 57<\/b><\/span><\/span><\/span><\/h2>\n<\/li>\n<li>\n<h2><span style=\"color: #555555;\"><span style=\"font-family: Arial, sans-serif;\"><span><b>Non hanno risposto alla domanda: 1<\/b><\/span><\/span><\/span><\/h2>\n<\/li>\n<\/ul>\n<h2><span style=\"color: #555555;\">\u00a0<\/span><\/h2>\n<h2><span style=\"color: #555555;\"><span style=\"font-family: Arial, sans-serif;\"><span><b>Il vostro sito web \u00e8 lo stato violato?<\/b><\/span><\/span><\/span><\/h2>\n<ul>\n<li>\n<h2><span style=\"color: #555555;\"><span style=\"font-family: Arial, sans-serif;\"><span><b>S\u00ec: 14<\/b><\/span><\/span><\/span><\/h2>\n<\/li>\n<li>\n<h2><span style=\"color: #555555;\"><span style=\"font-family: Arial, sans-serif;\"><span><b>Non ne sono sicuro: 24<\/b><\/span><\/span><\/span><\/h2>\n<\/li>\n<li>\n<h2><span style=\"color: #555555;\"><span style=\"font-family: Arial, sans-serif;\"><span><b>No: 72<\/b><\/span><\/span><\/span><\/h2>\n<\/li>\n<\/ul>\n<h2><span style=\"color: #555555;\">\u00a0<\/span><\/h2>\n<h2><span style=\"color: #555555;\"><span style=\"font-family: Arial, sans-serif;\"><span><b>Alcune persone hanno cercato far chiudere il vostro sito web?<\/b><\/span><\/span><\/span><\/h2>\n<ul>\n<li>\n<h2><span style=\"color: #555555;\"><span style=\"font-family: Arial, sans-serif;\"><span><b>S\u00ec: 15<\/b><\/span><\/span><\/span><\/h2>\n<\/li>\n<li>\n<h2><span style=\"color: #555555;\"><span style=\"font-family: Arial, sans-serif;\"><span><b>Non sono sicuro: 16<\/b><\/span><\/span><\/span><\/h2>\n<\/li>\n<li>\n<h2><span style=\"color: #555555;\"><span style=\"font-family: Arial, sans-serif;\"><span><b>No: 74<\/b><\/span><\/span><\/span><\/h2>\n<\/li>\n<li>\n<h2><span style=\"color: #555555;\"><span style=\"font-family: Arial, sans-serif;\"><span><b>Non hanno risposto alla domanda: 5<\/b><\/span><\/span><\/span><\/h2>\n<\/li>\n<\/ul>\n<h2><span style=\"color: #555555;\">\u00a0<\/span><\/h2>\n<h2><span style=\"color: #555555;\"><span style=\"font-family: Arial, sans-serif;\"><span><b>La vostra credibilit\u00e0 e la vostra integrit\u00e0 morale sono state attaccate a causa delle vostre posizioni critiche?<\/b><\/span><\/span><\/span><\/h2>\n<ul>\n<li>\n<h2><span style=\"color: #555555;\"><span style=\"font-family: Arial, sans-serif;\"><span><b>S\u00ec: 87<\/b><\/span><\/span><\/span><\/h2>\n<\/li>\n<li>\n<h2><span style=\"color: #555555;\"><span style=\"font-family: Arial, sans-serif;\"><span><b>No: 21<\/b><\/span><\/span><\/span><\/h2>\n<\/li>\n<li>\n<h2><span style=\"color: #555555;\"><span style=\"font-family: Arial, sans-serif;\"><span><b>Non hanno risposto alla domanda: 5<\/b><\/span><\/span><\/span><\/h2>\n<\/li>\n<\/ul>\n<h2><span style=\"color: #555555;\">\u00a0<\/span><\/h2>\n<h2><span style=\"color: #555555;\"><span style=\"font-family: Arial, sans-serif;\"><span><b>In che misura il vostro lavoro di prevenzione \u00e8 stata ostacolato a causa delle minacce o della intimidazione che avete subito ?<\/b><\/span><\/span><\/span><\/h2>\n<ul>\n<li>\n<h2><span style=\"color: #555555;\"><span style=\"font-family: Arial, sans-serif;\"><span><b>ho ridotto un po\u2019il mio lavoro : 24<\/b><\/span><\/span><\/span><\/h2>\n<\/li>\n<li>\n<h2><span style=\"color: #555555;\"><span style=\"font-family: Arial, sans-serif;\"><span><b>L\u2019ho ridotto molto: 18<\/b><\/span><\/span><\/span><\/h2>\n<\/li>\n<li>\n<h2><span style=\"color: #555555;\"><span style=\"font-family: Arial, sans-serif;\"><span><b>Ho smesso del tutto: 8<\/b><\/span><\/span><\/span><\/h2>\n<\/li>\n<li>\n<h2><span style=\"color: #555555;\"><span style=\"font-family: Arial, sans-serif;\"><span><b>Non mi preoccupa affatto: 29<\/b><\/span><\/span><\/span><\/h2>\n<\/li>\n<li>\n<h2><span style=\"color: #555555;\"><span style=\"font-family: Arial, sans-serif;\"><span><b>Io non sono stato interessato da questo problema: 18<\/b><\/span><\/span><\/span><\/h2>\n<\/li>\n<\/ul>\n<h2><span style=\"color: #555555;\">\u00a0<\/span><\/h2>\n<h2><span style=\"color: #555555;\"><span style=\"font-family: Arial, sans-serif;\"><span><b>A proposito del vostro coinvolgimento in un gruppo settario, si prega di indicare le voci che si adattano alla vostra situazione:<\/b><\/span><\/span><\/span><\/h2>\n<ul>\n<li>\n<h2><span style=\"color: #555555;\"><span style=\"font-family: Arial, sans-serif;\"><span><b>Sono un ex membro di 86 (40 hanno segnato questo casella)<\/b><\/span><\/span><\/span><\/h2>\n<\/li>\n<li>\n<h2><span style=\"color: #555555;\"><span style=\"font-family: Arial, sans-serif;\"><span><b>uno o pi\u00f9 membri della mia famiglia sono \/ sono stati coinvolti: 50 (10 hanno segnato questa casella)<\/b><\/span><\/span><\/span><\/h2>\n<\/li>\n<li>\n<h2><span style=\"color: #555555;\"><span style=\"font-family: Arial, sans-serif;\"><span><b>sono cresciuto e sono stato cresciuto in un gruppo settario: 28 (3 hanno segnato questa casella)<\/b><\/span><\/span><\/span><\/h2>\n<\/li>\n<li>\n<h2><span style=\"color: #555555;\"><span style=\"font-family: Arial, sans-serif;\"><span><b>Non hanno risposto alla domanda: 15<\/b><\/span><\/span><\/span><\/h2>\n<\/li>\n<\/ul>\n<h2><span style=\"color: #555555;\">\u00a0<\/span><\/h2>\n<h2><span style=\"color: #555555;\"><span style=\"font-family: Arial, sans-serif;\"><span><b>Da notare \u00a0che tra gli ex membri:<\/b><\/span><\/span><\/span><\/h2>\n<ul>\n<li>\n<h2><span style=\"color: #555555;\"><span style=\"font-family: Arial, sans-serif;\"><span><b>15 dicono di avere, o che hanno avuto loro familiari coinvolti<\/b><\/span><\/span><\/span><\/h2>\n<\/li>\n<li>\n<h2><span style=\"color: #555555;\"><span style=\"font-family: Arial, sans-serif;\"><span><b>3 dicono di essere cresciuti in un gruppo settario<\/b><\/span><\/span><\/span><\/h2>\n<\/li>\n<li>\n<h2><span style=\"color: #555555;\"><span style=\"font-family: Arial, sans-serif;\"><span><b>22 dicono di averli entrambi (cio\u00e8 membri della famiglia coinvolti + essere cresciuti in un gruppo settario)<\/b><\/span><\/span><\/span><\/h2>\n<\/li>\n<\/ul>\n<h2><span style=\"color: #555555;\">\u00a0<\/span><\/h2>\n<h2><span style=\"color: #555555;\"><span style=\"font-family: Arial, sans-serif;\"><span><b>Sareste interessati a una formazione su questioni giuridiche relative alla libert\u00e0 di espressione?<\/b><\/span><\/span><\/span><\/h2>\n<ul>\n<li>\n<h2><span style=\"color: #555555;\"><span style=\"font-family: Arial, sans-serif;\"><span><b>S\u00ec: 42<\/b><\/span><\/span><\/span><\/h2>\n<\/li>\n<li>\n<h2><span style=\"color: #555555;\"><span style=\"font-family: Arial, sans-serif;\"><span><b>No: 22<\/b><\/span><\/span><\/span><\/h2>\n<\/li>\n<li>\n<h2><span style=\"color: #555555;\"><span style=\"font-family: Arial, sans-serif;\"><span><b>Forse: 31<\/b><\/span><\/span><\/span><\/h2>\n<\/li>\n<li>\n<h2><span style=\"color: #555555;\"><span style=\"font-family: Arial, sans-serif;\"><span><b>Non rispondono alla domanda: 16<\/b><\/span><\/span><\/span><\/h2>\n<\/li>\n<\/ul>\n<h2><span style=\"color: #555555;\">\u00a0<\/span><\/h2>\n<h2><span style=\"color: #555555;\"><span style=\"font-family: Arial, sans-serif;\"><span><b>Ti piacerebbe avere una relazione sui risultati di questa indagine?<\/b><\/span><\/span><\/span><\/h2>\n<ul>\n<li>\n<h2><span style=\"color: #555555;\"><span style=\"font-family: Arial, sans-serif;\"><span><b>S\u00ec: 96<\/b><\/span><\/span><\/span><\/h2>\n<\/li>\n<li>\n<h2><span style=\"color: #555555;\"><span style=\"font-family: Arial, sans-serif;\"><span><b>No: 12<\/b><\/span><\/span><\/span><\/h2>\n<\/li>\n<li>\n<h2><span style=\"color: #555555;\"><span style=\"font-family: Arial, sans-serif;\"><span><b>Non rispondono alla domanda: 0<\/b><\/span><\/span><\/span><\/h2>\n<\/li>\n<\/ul>\n<h2><span style=\"color: #555555;\">\u00a0<\/span><\/h2>\n<h2><strong><span style=\"color: #555555;\"><span style=\"font-family: Arial, sans-serif;\"><span>Analisi dei Commenti<\/span><\/span><\/span><\/strong><\/h2>\n<h2><span style=\"color: #555555;\"><span style=\"font-family: Arial, sans-serif;\"><span><b>L\u2019ultima domanda del sondaggio diceva: \u201cNella casella sottostante, si prega descrivere come \u00e8 stata minacciata la tua libert\u00e0 di parola. \u201c<\/b><\/span><\/span><\/span><\/h2>\n<h2><span style=\"color: #555555;\"><span style=\"font-family: Arial, sans-serif;\"><span><b>Anche se la relazione non contiene nomi o dati demografici specifici, ho preferito non pubblicare quelle risposte, perch\u00e9 troppi di loro rivelano implicitamente, e qualche volta in modo esplicito, l\u2019identit\u00e0 degli intervistati. Inoltre, alcuni commenti sono di circa 10.000 parole.<\/b><\/span><\/span><\/span><\/h2>\n<h2><span style=\"color: #555555;\"><span style=\"font-family: Arial, sans-serif;\"><span><b>Tuttavia, cercher\u00f2 di dare ai lettori un\u2019idea del tipo di osservazioni fatte dalle persone che hanno risposto al questionario.<\/b><\/span><\/span><\/span><\/h2>\n<h2><span style=\"color: #555555;\"><span style=\"font-family: Arial, sans-serif;\"><span><b>Per cominciare, si deve rilevare che la sensazione di essere privato della propria libert\u00e0 di espressione non deve necessariamente portare ad azioni legali, reali o sotto forma di minacce. Gli intervistati hanno detto che si sentivano impediti nella loro libert\u00e0 di espressione per:<\/b><\/span><\/span><\/span><\/h2>\n<ul>\n<li>\n<h2><span style=\"color: #555555;\"><span style=\"font-family: Arial, sans-serif;\"><span><b>intimidazioni da parte di membri delle loro famiglie<\/b><\/span><\/span><\/span><\/h2>\n<\/li>\n<li>\n<h2><span style=\"color: #555555;\"><span style=\"font-family: Arial, sans-serif;\"><span><b>minacce di dannazione eterna, di esclusione o di scomunica<\/b><\/span><\/span><\/span><\/h2>\n<\/li>\n<li>\n<h2><span style=\"color: #555555;\"><span style=\"font-family: Arial, sans-serif;\"><span><b>paura di vedere rivelata loro identit\u00e0 su alcuni forum internet privati \u200b\u200bo che informazioni confidate in segreto, (come\u201dconfessioni\u201d, ad esempio), siano rese pubbliche<\/b><\/span><\/span><\/span><\/h2>\n<\/li>\n<li>\n<h2><span style=\"color: #555555;\"><span style=\"font-family: Arial, sans-serif;\"><span><b>telefonate che esigono che la persona cessi di criticare il gruppo<\/b><\/span><\/span><\/span><\/h2>\n<\/li>\n<li>\n<h2><span style=\"color: #555555;\"><span style=\"font-family: Arial, sans-serif;\"><span><b>paura di vedersi arrivare all\u2019improvviso membri del gruppo<\/b><\/span><\/span><\/span><\/h2>\n<\/li>\n<li>\n<h2><span style=\"color: #555555;\"><span style=\"font-family: Arial, sans-serif;\"><span><b>timore che criticando si perda il contatto con i familiari che sono ancora nel gruppo<\/b><\/span><\/span><\/span><\/h2>\n<\/li>\n<li>\n<h2><span style=\"color: #555555;\"><span style=\"font-family: Arial, sans-serif;\"><span><b>denunce presentate ad autorit\u00e0 universitarie, da associazioni professionali o da organismi che rilasciano i titoli<\/b><\/span><\/span><\/span><\/h2>\n<\/li>\n<li>\n<h2><span style=\"color: #555555;\"><span style=\"font-family: Arial, sans-serif;\"><span><b>paura di ferire le persone che sono ancora nel gruppo<\/b><\/span><\/span><\/span><\/h2>\n<\/li>\n<li>\n<h2><span style=\"color: #555555;\"><span style=\"font-family: Arial, sans-serif;\"><span><b>una residua forma di fedelt\u00e0 al gruppo<\/b><\/span><\/span><\/span><\/h2>\n<\/li>\n<li>\n<h2><span style=\"color: #555555;\"><span style=\"font-family: Arial, sans-serif;\"><span><b>attacchi sui social network<\/b><\/span><\/span><\/span><\/h2>\n<\/li>\n<li>\n<h2><span style=\"color: #555555;\"><span style=\"font-family: Arial, sans-serif;\"><span><b>paura che le critiche pubbliche conducano ad azioni legali<\/b><\/span><\/span><\/span><\/h2>\n<\/li>\n<li>\n<h2><span style=\"color: #555555;\"><span style=\"font-family: Arial, sans-serif;\"><span><b>paura di dover subire lo stesso tipo di molestie subite da altre persone, pi\u00f9 coinvolte nella critica<\/b><\/span><\/span><\/span><\/h2>\n<\/li>\n<li>\n<h2><span style=\"color: #555555;\"><span style=\"font-family: Arial, sans-serif;\"><span><b>tentativi per impedire loro di testimoniare in un processo<\/b><\/span><\/span><\/span><\/h2>\n<\/li>\n<li>\n<h2><span style=\"color: #555555;\"><span style=\"font-family: Arial, sans-serif;\"><span><b>paura di essere dichiarato pazzo<\/b><\/span><\/span><\/span><\/h2>\n<\/li>\n<li>\n<h2><span style=\"color: #555555;\"><span style=\"font-family: Arial, sans-serif;\"><span><b>minacce fisiche<\/b><\/span><\/span><\/span><\/h2>\n<\/li>\n<\/ul>\n<h2><span style=\"color: #555555;\"><span style=\"font-family: Arial, sans-serif;\"><span><b>Anche se questi fenomeni di inibizione della parola caratterizzano la maggior parte delle persone che hanno risposto al sondaggio, oltre il 10% di essi, (14 su 109), sono stati effettivamente perseguiti, e quasi la met\u00e0 sono stati minacciati di azioni giudiziarie o hanno ricevuto lettere di intimidazione legale.<\/b><\/span><\/span><\/span><\/h2>\n<h2><span style=\"color: #555555;\"><span style=\"font-family: Arial, sans-serif;\"><span><b>Delle 79 persone che hanno risposto alla richiesta di valutare l\u2019impatto sul loro coinvolgimento personale nella prevenzione anti-sette, otto hanno detto di essersi fermati, 18 hanno detto di aver ridotto in modo significativo il loro lavoro e 24 hanno dichiarato di aver ridotto il loro lavoro. \u00a029 hanno affermato che non erano stati colpiti da minacce alla loro libert\u00e0 di espressione, anche se l\u2019indagine non ha specificato quanti di loro non sono stati vittima di molestie n\u00e9 quanti molti di loro hanno continuato il loro lavoro di prevenzione nonostante le molestie.<\/b><\/span><\/span><\/span><\/h2>\n<h2><span style=\"color: #555555;\"><span style=\"font-family: Arial, sans-serif;\"><span><b>In alcuni casi, le persone critiche \u00a0verso le sette sono state a volte fermate con tecniche di intimidazione giudiziarie: \u00a0non perch\u00e9 avevano sbagliato, ma perch\u00e9 non avevano i mezzi per difendersi. In altri casi, i critici non sono riusciti a misurarsi nelle loro dichiarazioni, anche se critiche articolate in modo irresponsabile possono alla fine rivelarsi \u00a0valide.<\/b><\/span><\/span><\/span><\/h2>\n<h2><span style=\"color: #555555;\"><span style=\"font-family: Arial, sans-serif;\"><span><b>Questa breve relazione non svilupper\u00e0 la questione della intimidazione legale, perch\u00e9 per fare questo \u00a0occorreranno informazioni dettagliate su casi specifici che l\u2019indagine non fornisce. Un ulteriore studio potrebbe analizzare questo aspetto.<\/b><\/span><\/span><\/span><\/h2>\n<h2><span style=\"color: #555555;\"><span style=\"font-family: Arial, sans-serif;\"><span><b>Va notato che pi\u00f9 di un terzo di coloro che hanno risposto al sondaggio erano davvero desiderosi di ricevere una formazione giuridica \u00a0sulll\u2019esercizio della libert\u00e0 di espressione, e pi\u00f9 della met\u00e0 ha dichiarato di essere disponibile alla formazione stessa.<\/b><\/span><\/span><\/span><\/h2>\n<h2><span style=\"color: #555555;\"><span style=\"font-family: Arial, sans-serif;\"><span><b>Coloro che denunciano l\u2019uso del sistema giuridico come arma per mettere a tacere gli avversari possono incoraggiare le persone che criticano gruppi settari:<\/b><\/span><\/span><\/span><\/h2>\n<h2><span style=\"color: #555555;\"><span style=\"font-family: Arial, sans-serif;\"><b>a sostenere o contribuire allo sviluppo delle risorse per rendere le critiche e i denuncianti \u00a0pi\u00f9 prudenti ed efficaci nelle loro testimonianze\u00a0<\/b><\/span><\/span><span style=\"color: #555555;\"><span style=\"font-family: Arial, sans-serif;\"><b>e a fornire assistenza legale, pro bono o mediante sussidi, ai soggetti critici verso le \u00a0sette le cui risorse economiche sono assai pi\u00f9 piccole di quelle dei gruppi che criticano.<\/b><\/span><\/span><\/h2>\n<h2><span style=\"color: #0000ff;\"><span style=\"font-family: Arial, sans-serif;\"><b><a href=\"http:\/\/favisonlus.wordpress.com\/2014\/10\/25\/i-risultati-del-sondaggio-sulla-liberta-di-espressione-e-di-critica-degli-ex-membri-di-gruppi-settari-condotto-dallassociazione-internazionale-di-studi-sui-culti-icsa\/\"><span style=\"color: #0000ff;\">http:\/\/favisonlus.wordpress.com\/2014\/10\/25\/i-risultati-del-sondaggio-sulla-liberta-di-espressione-e-di-critica-degli-ex-membri-di-gruppi-settari-condotto-dallassociazione-internazionale-di-studi-sui-culti-icsa\/<\/span><\/a><\/b><\/span><\/span><\/h2>\n<p><a href=\"http:\/\/www.roccopoliti.it\/wp-content\/uploads\/2014\/09\/Q-QUO-VADIS-FB21.jpg\"><img loading=\"lazy\" decoding=\"async\" alt=\"Q-QUO-VADIS-FB21\" src=\"http:\/\/www.roccopoliti.it\/wp-content\/uploads\/2014\/09\/Q-QUO-VADIS-FB21.jpg\" width=\"1000\" height=\"379\" \/><\/a><\/p>\n<h2 style=\"text-align: center;\"><span style=\"color: #0000ff;\">\u00a0www.facebook.com\/quovadisaps<\/span><\/h2>\n<h2 style=\"text-align: center;\" align=\"CENTER\"><span style=\"color: #0000ff;\"><a name=\"_GoBack\"><\/a>\u00a0\u00a0www.quovadisaps.org<\/span><\/h2>\n<h2 style=\"text-align: center;\" align=\"CENTER\"><span style=\"color: #0000ff;\">\u00a0quovadis.aps@gmail.com<\/span><\/h2>\n<h2 style=\"text-align: center;\" align=\"CENTER\"><span style=\"color: #0000ff;\">telefono \u00a0392 1539014<\/span><\/h2>\n<p>&nbsp;<\/p>\n","protected":false},"excerpt":{"rendered":"<p>Risultato dell\u2019inchiesta ICSA relativa alla libert\u00e0 di espressione degli ex seguaci di sette. Una delle cose pi\u00f9 inquietanti nel timore del fenomeno settario \u00e8 la ragione del silenzio degli ex seguaci. L\u2019ICSA ha condotto un sondaggio tra gli ex membri per meglio comprendere i meccanismi di questo fenomeno complesso e di una terribile perversit\u00e0. \u00a0 [&hellip;]<\/p>\n","protected":false},"author":1,"featured_media":8587,"comment_status":"closed","ping_status":"open","sticky":false,"template":"","format":"standard","meta":{"footnotes":""},"categories":[232],"tags":[],"class_list":["post-8568","post","type-post","status-publish","format-standard","has-post-thumbnail","hentry","category-inchiesta"],"views":2393,"_links":{"self":[{"href":"http:\/\/www.roccopoliti.it\/index.php?rest_route=\/wp\/v2\/posts\/8568","targetHints":{"allow":["GET"]}}],"collection":[{"href":"http:\/\/www.roccopoliti.it\/index.php?rest_route=\/wp\/v2\/posts"}],"about":[{"href":"http:\/\/www.roccopoliti.it\/index.php?rest_route=\/wp\/v2\/types\/post"}],"author":[{"embeddable":true,"href":"http:\/\/www.roccopoliti.it\/index.php?rest_route=\/wp\/v2\/users\/1"}],"replies":[{"embeddable":true,"href":"http:\/\/www.roccopoliti.it\/index.php?rest_route=%2Fwp%2Fv2%2Fcomments&post=8568"}],"version-history":[{"count":13,"href":"http:\/\/www.roccopoliti.it\/index.php?rest_route=\/wp\/v2\/posts\/8568\/revisions"}],"predecessor-version":[{"id":8589,"href":"http:\/\/www.roccopoliti.it\/index.php?rest_route=\/wp\/v2\/posts\/8568\/revisions\/8589"}],"wp:featuredmedia":[{"embeddable":true,"href":"http:\/\/www.roccopoliti.it\/index.php?rest_route=\/wp\/v2\/media\/8587"}],"wp:attachment":[{"href":"http:\/\/www.roccopoliti.it\/index.php?rest_route=%2Fwp%2Fv2%2Fmedia&parent=8568"}],"wp:term":[{"taxonomy":"category","embeddable":true,"href":"http:\/\/www.roccopoliti.it\/index.php?rest_route=%2Fwp%2Fv2%2Fcategories&post=8568"},{"taxonomy":"post_tag","embeddable":true,"href":"http:\/\/www.roccopoliti.it\/index.php?rest_route=%2Fwp%2Fv2%2Ftags&post=8568"}],"curies":[{"name":"wp","href":"https:\/\/api.w.org\/{rel}","templated":true}]}}