{"id":8750,"date":"2014-11-07T22:05:31","date_gmt":"2014-11-07T21:05:31","guid":{"rendered":"http:\/\/www.roccopoliti.it\/?p=8750"},"modified":"2014-11-08T03:17:18","modified_gmt":"2014-11-08T02:17:18","slug":"testimoni-di-geova-i-gruppi-di-lingua-creano-divisione-un-africano-racconta-7112014","status":"publish","type":"post","link":"http:\/\/www.roccopoliti.it\/?p=8750","title":{"rendered":"Testimoni di Geova&#8230;.I gruppi di lingua creano divisione..un africano racconta. 7\/11\/2014"},"content":{"rendered":"<p style=\"text-align: center;\"><a href=\"http:\/\/www.roccopoliti.it\/wp-content\/uploads\/2014\/11\/art519_wppnvkmhyklvdmlci.jpg\"><img loading=\"lazy\" decoding=\"async\" class=\"alignnone size-full wp-image-8754\" alt=\"art519_wppnvkmhyklvdmlci\" src=\"http:\/\/www.roccopoliti.it\/wp-content\/uploads\/2014\/11\/art519_wppnvkmhyklvdmlci.jpg\" width=\"500\" height=\"333\" srcset=\"http:\/\/www.roccopoliti.it\/wp-content\/uploads\/2014\/11\/art519_wppnvkmhyklvdmlci.jpg 500w, http:\/\/www.roccopoliti.it\/wp-content\/uploads\/2014\/11\/art519_wppnvkmhyklvdmlci-300x199.jpg 300w, http:\/\/www.roccopoliti.it\/wp-content\/uploads\/2014\/11\/art519_wppnvkmhyklvdmlci-120x80.jpg 120w\" sizes=\"auto, (max-width: 500px) 100vw, 500px\" \/><\/a><\/p>\n<p style=\"text-align: center;\">(foto da Google immagini)<\/p>\n<h1 style=\"text-align: center;\"><span style=\"color: #ff0000;\"><strong><span style=\"font-family: 'Times New Roman', serif;\">Testimoni di Geova <\/span><\/strong><\/span><\/h1>\n<h1 style=\"text-align: center;\"><span style=\"color: #ff0000;\"><strong><span style=\"font-family: 'Times New Roman', serif;\">I gruppi di lingua <\/span><\/strong><\/span><\/h1>\n<h1 style=\"text-align: center;\"><span style=\"color: #ff0000;\"><strong><span style=\"font-family: 'Times New Roman', serif;\">creano divisione&#8230;..<\/span><\/strong><\/span><\/h1>\n<h1 style=\"text-align: center;\"><span style=\"color: #ff0000;\"><strong><span style=\"font-family: 'Times New Roman', serif;\">un africano racconta.\u00a0<\/span><\/strong><\/span><\/h1>\n<p>&nbsp;<\/p>\n<h2><span style=\"color: #222222;\"><span style=\"font-family: 'Times New Roman', serif;\"><span>Salve a tutti<\/span><\/span><\/span><span style=\"font-family: 'Times New Roman', serif;\"><span><br \/>\n<\/span><\/span><span style=\"color: #222222;\"><span style=\"font-family: 'Times New Roman', serif;\"><span>mi chiamo Azy Jaques e ho frequentato molto la questa ex vostra religione. Prima di tutto vorrei fare una premessa&#8230; <\/span><\/span><\/span><\/h2>\n<h2><span style=\"color: #222222;\"><span style=\"font-family: 'Times New Roman', serif;\"><span>L&#8217;Africa non \u00e8 come la credono gli Europei. <\/span><\/span><\/span><\/h2>\n<h2><span style=\"color: #222222;\"><span style=\"font-family: 'Times New Roman', serif;\"><span>Abbiamo foreste, tanta acqua e tanto cibo&#8230; \u00e8 la televisione che vuole farvi credere delle cose diverse&#8230; certo, ci sono molte guerre (pagate dall&#8217;occidente) con armi da fuoco (vendute dall&#8217;occidente) e certo, ci sono i deserti, lo sfruttamento del lavoro e molti gruppi che voi potreste definire mafiosi (anch&#8217;essi mi spiace dirlo ma vanno molto d&#8217;accordo con certi occidentali potenti). <\/span><\/span><\/span><\/h2>\n<h2><span style=\"color: #222222;\"><span style=\"font-family: 'Times New Roman', serif;\"><span>In ogni caso, anche qui in Europa ci sono guerriglie, sfruttamento e poche risorse. <\/span><\/span><\/span><\/h2>\n<h2><span style=\"color: #222222;\"><span style=\"font-family: 'Times New Roman', serif;\"><span>Ad esempio dovete buttare via il cibo se ne producete troppo per poter vendere le cose che arrivano dagli altri paesi, come Germania, Spagna e Marocco. <\/span><\/span><\/span><\/h2>\n<h2><span style=\"color: #222222;\"><span style=\"font-family: 'Times New Roman', serif;\"><span>Poi avete tanti campi incolti che non potete usare che potrebbero aiutare molta gente povera, senza pensione o con i bambini. <\/span><\/span><\/span><\/h2>\n<h2><span style=\"color: #222222;\"><span style=\"font-family: 'Times New Roman', serif;\"><span>Forse siete meno liberi della gente che compatite, ma questo \u00e8 un discorso politico e potete arrivarci da soli.<\/span><\/span><\/span><span style=\"font-family: 'Times New Roman', serif;\"><span><br \/>\n<\/span><\/span><span style=\"color: #222222;\"><span style=\"font-family: 'Times New Roman', serif;\"><span>Un ultima cosa da dire \u00e8 che il continente africano \u00e8 molto grande, ci sono molte razze, lingue a abitudini diverse. <\/span><\/span><\/span><\/h2>\n<h2><span style=\"color: #222222;\"><span style=\"font-family: 'Times New Roman', serif;\"><span>Non dovete vederci come un unica cosa.. <\/span><\/span><\/span><\/h2>\n<h2><span style=\"color: #222222;\"><span style=\"font-family: 'Times New Roman', serif;\"><span>Cosi come voi siciliani siete tanto diversi dai Milanesi oppure ancora tanto tanto diversi dagli Svedesi. <\/span><\/span><\/span><\/h2>\n<h2><span style=\"color: #222222;\"><span style=\"font-family: 'Times New Roman', serif;\"><span>Eppure c&#8217;\u00e8 molta meno distanza tra un italiano e uno scandinavo che tra un sudafricano e uno ivoiriano. <\/span><\/span><\/span><\/h2>\n<h2><span style=\"color: #222222;\"><span style=\"font-family: 'Times New Roman', serif;\"><span>Fino a 15 anni ho vissuto con la mia famiglia, mio nonno materno era europeo, francese. <\/span><\/span><\/span><\/h2>\n<h2><span style=\"color: #222222;\"><span style=\"font-family: 'Times New Roman', serif;\"><span>Ho frequentato le elementari cattoliche e le scuole superiori protestanti. <\/span><\/span><\/span><\/h2>\n<h2><span style=\"color: #222222;\"><span style=\"font-family: 'Times New Roman', serif;\"><span>Da noi le scuole &#8220;buone&#8221; sono gestite da ex europei che con la scusa della religione hanno cercato di colonizzare il mondo.(forse sapete la storia in modo diverso, ma io l&#8217;ho vissuta sulla mia pelle questa storia)\u00a0 <\/span><\/span><\/span><\/h2>\n<h2><span style=\"color: #222222;\"><span style=\"font-family: 'Times New Roman', serif;\"><span>Comunque gli europei hanno fatto anche delle cose buone (pur avendo interrotto le reti sociali ed economiche che c&#8217;erano prima&#8230;) <\/span><\/span><\/span><\/h2>\n<h2><span style=\"color: #222222;\"><span style=\"font-family: 'Times New Roman', serif;\"><span>In genere da noi si parla molto pi\u00f9 di Dio, abbiamo bisogno di spiritualit\u00e0. Andiamo a tante funzioni religiose, di diverse religioni, L&#8217;importante per noi \u00e8 parlare di Dio. <\/span><\/span><\/span><\/h2>\n<h2><span style=\"color: #222222;\"><span style=\"font-family: 'Times New Roman', serif;\"><span>Cosi oltre che alla sala del regno andavo in una chiesa battista e cantavo in un gruppo evangelico. <\/span><\/span><\/span><\/h2>\n<h2><span style=\"color: #222222;\"><span style=\"font-family: 'Times New Roman', serif;\"><span>Ogni giorno era per Dio, ma non era come da voi. <\/span><\/span><\/span><\/h2>\n<h2><span style=\"color: #222222;\"><span style=\"font-family: 'Times New Roman', serif;\"><span>Le cose venivano da sole e c&#8217;era gioia. <\/span><\/span><\/span><\/h2>\n<h2><span style=\"color: #222222;\"><span style=\"font-family: 'Times New Roman', serif;\"><span>I testimoni di Jeova sono molto diversi da qui. <\/span><\/span><\/span><\/h2>\n<h2><span style=\"color: #222222;\"><span style=\"font-family: 'Times New Roman', serif;\"><span>Si canta, si balla, si fa festa e non c&#8217;\u00e8 differenza tra cominciare un adunanza e finirla e chiaccherare. <\/span><\/span><\/span><\/h2>\n<h2><span style=\"color: #222222;\"><span style=\"font-family: 'Times New Roman', serif;\"><span>Possiamo dire la nostra ridere, c&#8217;\u00e8 tanto tempo davanti a noi. <\/span><\/span><\/span><\/h2>\n<h2><span style=\"color: #222222;\"><span style=\"font-family: 'Times New Roman', serif;\"><span>La prima volta che sono andato qui in sala ero in Lombardia. <\/span><\/span><\/span><\/h2>\n<h2><span style=\"color: #222222;\"><span style=\"font-family: 'Times New Roman', serif;\"><span>Ho vinto una borsa di studio di un progetto e sono andato in Italia per l&#8217;universit\u00e0. <\/span><\/span><\/span><\/h2>\n<h2><span style=\"color: #222222;\"><span style=\"font-family: 'Times New Roman', serif;\"><span>Parlo francese, tedesco e italiano, oltre a un po&#8217; olandese..e alcune lingue ivoriane che voi chiamate dialetti. <\/span><\/span><\/span><\/h2>\n<h2><span style=\"color: #222222;\"><span style=\"font-family: 'Times New Roman', serif;\"><span>Ebbene nella sala tutti erano rigidi e seduti e non sorridevano. <\/span><\/span><\/span><\/h2>\n<h2><span style=\"color: #222222;\"><span style=\"font-family: 'Times New Roman', serif;\"><span>Non avevo la cravatta, ma una farfallina, perch\u00e8 le cravatte che mi ero portato dietro avevano il simbolo della scuola e in aeroporto un testimone mi aveva chiesto come mai avevo una croce sulla cravatta se ero testimone anche io&#8230; era un uomo gentile e mi ha detto &#8220;qui fa attenzione, queste cose le guardano!&#8221; comunque sono entrato in ritardo, cantavano il cantico in un modo che non ho riconosciuto subito dalla melodia. <\/span><\/span><\/span><\/h2>\n<h2><span style=\"color: #222222;\"><span style=\"font-family: 'Times New Roman', serif;\"><span>Anche il canto per voi sembra un obbligo&#8230; sembravano tutti tristi. <\/span><\/span><\/span><\/h2>\n<h2><span style=\"color: #222222;\"><span style=\"font-family: 'Times New Roman', serif;\"><span>Finita l&#8217;adunanza io sorridevo ero in imbarazzo! <\/span><\/span><\/span><\/h2>\n<h2><span style=\"color: #222222;\"><span style=\"font-family: 'Times New Roman', serif;\"><span>Si avvicina un anziano e mi chiede se parlo italiano. <\/span><\/span><\/span><\/h2>\n<h2><span style=\"color: #222222;\"><span style=\"font-family: 'Times New Roman', serif;\"><span>Io dico di si, che lo stavo studiando da molto, per il nostro progetto scolastico. (Ho avuto la fortuna di conoscere un professore di facolt\u00e0 di etnologia di napoli e mi ha indirizzato nei posti giusti, per studiare e vedere l&#8217;Europa). <\/span><\/span><\/span><\/h2>\n<h2><span style=\"color: #222222;\"><span style=\"font-family: 'Times New Roman', serif;\"><span>Comunque questo anziano mi ha chiesto da dove venivo, e io gli ho detto dalla Costa d&#8217;avorio, ma che ero anche un po&#8217; Ghanese per via della famiglia di mamma, dato che gli stati sono solo una facciata della cultura, noi non guardiamo lo stato ma l&#8217;etnia o la famiglia primaria. <\/span><\/span><\/span><\/h2>\n<h2><span style=\"color: #222222;\"><span style=\"font-family: 'Times New Roman', serif;\"><span>Mi ha detto che c&#8217;era un gruppo africano che si riuniva nella citt\u00e0 vicina e che per me era meglio che andassi li. <\/span><\/span><\/span><\/h2>\n<h2><span style=\"color: #222222;\"><span style=\"font-family: 'Times New Roman', serif;\"><span>Questa sua superficialit\u00e0 mi ha fatto riflettere. <\/span><\/span><\/span><\/h2>\n<h2><span style=\"color: #222222;\"><span style=\"font-family: 'Times New Roman', serif;\"><span>Altri si sono avvicinati e mi compativano &#8220;poverino c&#8217;\u00e8 la guerra li? hai bisogno di qualcosa?&#8221; <\/span><\/span><\/span><\/h2>\n<h2><span style=\"color: #222222;\"><span style=\"font-family: 'Times New Roman', serif;\"><span>Nel frattempo ho cercato un gruppo di congregazione come mi era stato consigliato. <\/span><\/span><\/span><\/h2>\n<h2><span style=\"color: #222222;\"><span style=\"font-family: 'Times New Roman', serif;\"><span>Molti erano Senegalesi e sarebbe come dire per voi non so..i Polacchi? Sono anche loro Euroei,\u00a0 ma mangiano cose diverse, parlano una lingua diversa e anche se hanno la pelle chiara non vi sentite a vostro agio in mezzo a tanti polacchi, quando siete da soli. <\/span><\/span><\/span><\/h2>\n<h2><span style=\"color: #222222;\"><span style=\"font-family: 'Times New Roman', serif;\"><span>Se parlate spagnolo preferite gli spagnoli, e anche la loro cultura no? <\/span><\/span><\/span><\/h2>\n<h2><span style=\"color: #222222;\"><span style=\"font-family: 'Times New Roman', serif;\"><span>Ecco quando potevo andavo in sala e insistevano molto perch\u00e8 andassi in un gruppo di lingue. <\/span><\/span><\/span><\/h2>\n<h2><span style=\"color: #222222;\"><span style=\"font-family: 'Times New Roman', serif;\"><span>Credo di saper l&#8217;italiano molto bene per essere Ivoriano, anche se a scrivere mi sta aiutando la mia ragazza. Ho frequentato altre chiese e mi trovo pi\u00f9 rilassato. <\/span><\/span><\/span><\/h2>\n<h2><span style=\"color: #222222;\"><span style=\"font-family: 'Times New Roman', serif;\"><span>C&#8217;\u00e8 un gruppo gospel che ricorda un po&#8217; le vecchie abitudini, anche se per cantare hanno molta pi\u00f9 tecnica e si dimenticano il perch\u00e8 cantano. <\/span><\/span><\/span><\/h2>\n<h2><span style=\"color: #222222;\"><span style=\"font-family: 'Times New Roman', serif;\"><span>Ho poi parlato con uno spagnolo testimone che mi ha detto le stesse cose, se parlo italiano perch\u00e8 mi vuoi mettere in un gruppetto? <\/span><\/span><\/span><\/h2>\n<h2><span style=\"color: #222222;\"><span style=\"font-family: 'Times New Roman', serif;\"><span>A cosa serve&#8230; se mi voglio integrare? <\/span><\/span><\/span><\/h2>\n<h2><span style=\"color: #222222;\"><span style=\"font-family: 'Times New Roman', serif;\"><span>Vedere sempre le stesse persone non \u00e8 bello. <\/span><\/span><\/span><\/h2>\n<h2><span style=\"color: #222222;\"><span style=\"font-family: 'Times New Roman', serif;\"><span>Vedo che si pubblicano le riviste in lingue parlate da pochissime persone&#8230; molte di queste sono una bandiera di distinzione.. fondare dei gruppi simili serve solo a creare nella mente un&#8217;altra divisione. <\/span><\/span><\/span><\/h2>\n<h2><span style=\"color: #222222;\"><span style=\"font-family: 'Times New Roman', serif;\"><span>Tutti parlano la lingua principale a scuola o nei luoghi pubblici. <\/span><\/span><\/span><\/h2>\n<h2><span style=\"color: #222222;\"><span style=\"font-family: 'Times New Roman', serif;\"><span>Ogni lingua rappresenta una cultura e se parlate in dialetto ladino in italia a quelli che vogliono dividersi dall&#8217;Italia cosa pensate che succeda nella testa di queste persone? e come pensate che gli altri lombardi e veneti o liguri li vedano? <\/span><\/span><\/span><\/h2>\n<h2><span style=\"color: #222222;\"><span style=\"font-family: 'Times New Roman', serif;\"><span>La lingua di Dio \u00e8 una sola e io penso che tutti dovrebbero andare oltre a queste cose. <\/span><\/span><\/span><\/h2>\n<h2><span style=\"color: #222222;\"><span style=\"font-family: 'Times New Roman', serif;\"><span>I gruppi nascono per distrarre non per aiutare. <\/span><\/span><\/span><\/h2>\n<h2><span style=\"color: #222222;\"><span style=\"font-family: 'Times New Roman', serif;\"><span>Mi dispiace che qui ci siano tanti disassociati arrabbiati. <\/span><\/span><\/span><\/h2>\n<h2><span style=\"color: #222222;\"><span style=\"font-family: 'Times New Roman', serif;\"><span>Parlare di Dio e di Ges\u00f9 dovrebbe cambiare in meglio la vita delle persone&#8230; <\/span><\/span><\/span><\/h2>\n<h2><span style=\"color: #222222;\"><span style=\"font-family: 'Times New Roman', serif;\"><span>Era tutto tutto diverso&#8230;mi spiace anche che molta gente sia arrabbiata con Dio o non ci crede pi\u00f9. <\/span><\/span><\/span><\/h2>\n<h2><span style=\"color: #222222;\"><span style=\"font-family: 'Times New Roman', serif;\"><span>Ma questo \u00e8 successo perch\u00e8 avete conosciuto solo una cosa e le altre per voi erano religioni diaboliche. <\/span><\/span><\/span><\/h2>\n<h2><span style=\"color: #222222;\"><span style=\"font-family: 'Times New Roman', serif;\"><span>Ognuno di voi dovrebbe smettere secondo me di etichettare gli altri. Questa volta sono i testimoni ma pi\u00f9 avanti sar\u00e0 un partito, un lavoro o qualcos&#8217;altro. <\/span><\/span><\/span><\/h2>\n<h2><span style=\"color: #222222;\"><span style=\"font-family: 'Times New Roman', serif;\"><span>Io non avevo mai visto i testimoni come un imbroglio prima di venire qui. Forse vi manca qualcosa di quello che avete lasciato dietro ma avete tante altre vite da fare. <\/span><\/span><\/span><\/h2>\n<h2><span style=\"color: #222222;\"><span style=\"font-family: 'Times New Roman', serif;\"><span>Le cose brutte finiscono e comunque per favore, sorridete io non immagino Dio severo e arrabbiato. <\/span><\/span><\/span><\/h2>\n<h2><span style=\"color: #222222;\"><span style=\"font-family: 'Times New Roman', serif;\"><span>Non c&#8217;entra nulla Dio con chi vi tratta male. <\/span><\/span><\/span><\/h2>\n<h2><span style=\"color: #222222;\"><span style=\"font-family: 'Times New Roman', serif;\"><span>I parenti a volte deludono ma poi ritornano sui loro passi&#8230;fate il possibile voi per primi. <\/span><\/span><\/span><\/h2>\n<h2><span style=\"color: #222222;\"><span style=\"font-family: 'Times New Roman', serif;\"><span>Asciugate le lacrime e fate un giro, avete delle belle montagne con la neve. Tutto \u00e8 bello se sapete cosa guardare.<\/span><\/span><\/span><\/h2>\n<p><a href=\"http:\/\/www.roccopoliti.it\/wp-content\/uploads\/2014\/09\/Q-QUO-VADIS-FB21.jpg\"><img loading=\"lazy\" decoding=\"async\" alt=\"Q-QUO-VADIS-FB21\" src=\"http:\/\/www.roccopoliti.it\/wp-content\/uploads\/2014\/09\/Q-QUO-VADIS-FB21.jpg\" width=\"1000\" height=\"379\" \/><\/a><\/p>\n<h2 style=\"text-align: center;\"><span style=\"color: #0000ff;\">\u00a0www.facebook.com\/quovadisaps<\/span><\/h2>\n<h2 style=\"text-align: center;\" align=\"CENTER\"><span style=\"color: #0000ff;\"><a name=\"_GoBack\"><\/a>\u00a0\u00a0www.quovadisaps.org<\/span><\/h2>\n<h2 style=\"text-align: center;\" align=\"CENTER\"><span style=\"color: #0000ff;\">\u00a0quovadis.aps@gmail.com<\/span><\/h2>\n<h2 style=\"text-align: center;\" align=\"CENTER\"><span style=\"color: #0000ff;\">telefono \u00a0392 1539014<\/span><\/h2>\n","protected":false},"excerpt":{"rendered":"<p>(foto da Google immagini) Testimoni di Geova I gruppi di lingua creano divisione&#8230;.. un africano racconta.\u00a0 &nbsp; Salve a tutti mi chiamo Azy Jaques e ho frequentato molto la questa ex vostra religione. Prima di tutto vorrei fare una premessa&#8230; L&#8217;Africa non \u00e8 come la credono gli Europei. Abbiamo foreste, tanta acqua e tanto cibo&#8230; [&hellip;]<\/p>\n","protected":false},"author":1,"featured_media":0,"comment_status":"closed","ping_status":"open","sticky":false,"template":"","format":"standard","meta":{"footnotes":""},"categories":[150,238],"tags":[],"class_list":["post-8750","post","type-post","status-publish","format-standard","hentry","category-e-s-p-e-r-i-e-n-z-a","category-testimone-di-geova"],"views":2922,"_links":{"self":[{"href":"http:\/\/www.roccopoliti.it\/index.php?rest_route=\/wp\/v2\/posts\/8750","targetHints":{"allow":["GET"]}}],"collection":[{"href":"http:\/\/www.roccopoliti.it\/index.php?rest_route=\/wp\/v2\/posts"}],"about":[{"href":"http:\/\/www.roccopoliti.it\/index.php?rest_route=\/wp\/v2\/types\/post"}],"author":[{"embeddable":true,"href":"http:\/\/www.roccopoliti.it\/index.php?rest_route=\/wp\/v2\/users\/1"}],"replies":[{"embeddable":true,"href":"http:\/\/www.roccopoliti.it\/index.php?rest_route=%2Fwp%2Fv2%2Fcomments&post=8750"}],"version-history":[{"count":23,"href":"http:\/\/www.roccopoliti.it\/index.php?rest_route=\/wp\/v2\/posts\/8750\/revisions"}],"predecessor-version":[{"id":8796,"href":"http:\/\/www.roccopoliti.it\/index.php?rest_route=\/wp\/v2\/posts\/8750\/revisions\/8796"}],"wp:attachment":[{"href":"http:\/\/www.roccopoliti.it\/index.php?rest_route=%2Fwp%2Fv2%2Fmedia&parent=8750"}],"wp:term":[{"taxonomy":"category","embeddable":true,"href":"http:\/\/www.roccopoliti.it\/index.php?rest_route=%2Fwp%2Fv2%2Fcategories&post=8750"},{"taxonomy":"post_tag","embeddable":true,"href":"http:\/\/www.roccopoliti.it\/index.php?rest_route=%2Fwp%2Fv2%2Ftags&post=8750"}],"curies":[{"name":"wp","href":"https:\/\/api.w.org\/{rel}","templated":true}]}}