{"id":9066,"date":"2014-12-06T14:04:09","date_gmt":"2014-12-06T13:04:09","guid":{"rendered":"http:\/\/www.roccopoliti.it\/?p=9066"},"modified":"2014-12-06T14:40:33","modified_gmt":"2014-12-06T13:40:33","slug":"funerale-e-proselitismo-6122014","status":"publish","type":"post","link":"http:\/\/www.roccopoliti.it\/?p=9066","title":{"rendered":"FUNERALE  E  PROSELITISMO. DA UNA LETTRICE. IMPORTANTE. 6\/12\/2014"},"content":{"rendered":"<pre><a href=\"http:\/\/www.roccopoliti.it\/wp-content\/uploads\/2014\/12\/tolmezzo1.jpg\"><img loading=\"lazy\" decoding=\"async\" class=\"size-full wp-image-9073 aligncenter\" src=\"http:\/\/www.roccopoliti.it\/wp-content\/uploads\/2014\/12\/tolmezzo1.jpg\" alt=\"tolmezzo1\" width=\"396\" height=\"294\" \/><\/a>\r\n<\/pre>\n<p style=\"text-align: center;\" align=\"CENTER\"><span style=\"color: #ff0000;\"><span style=\"font-family: Arial, sans-serif;\"><span style=\"font-size: x-large;\"><b>FUNERALE <\/b><\/span><\/span><\/span><\/p>\n<p style=\"text-align: center;\" align=\"CENTER\"><span style=\"color: #ff0000;\"><span style=\"font-family: Arial, sans-serif;\"><span style=\"font-size: x-large;\"><b>E <\/b><\/span><\/span><\/span><\/p>\n<p style=\"text-align: center;\" align=\"CENTER\"><span style=\"color: #ff0000;\"><span style=\"font-family: Arial, sans-serif;\"><span style=\"font-size: x-large;\"><b>PROSELITISMO <\/b><\/span><\/span><\/span><\/p>\n<p style=\"text-align: center;\" align=\"CENTER\"><span style=\"color: #ff0000;\"><span style=\"font-family: Arial, sans-serif;\"><span style=\"font-size: x-large;\"><b>DA <\/b><\/span><\/span><\/span><\/p>\n<p style=\"text-align: center;\" align=\"CENTER\"><span style=\"color: #ff0000;\"><span style=\"font-family: Arial, sans-serif;\"><span style=\"font-size: x-large;\"><b>UNA LETTRICE.<\/b><\/span><\/span><\/span><\/p>\n<p style=\"text-align: center;\" align=\"CENTER\"><span style=\"color: #ff0000;\"><span style=\"font-family: Arial, sans-serif;\"><span style=\"font-size: x-large;\"><b> IMPORTANTE<\/b><\/span><\/span><\/span><\/p>\n<p><span style=\"color: #222222;\"><span style=\"font-family: Arial, sans-serif;\"><span style=\"font-size: medium;\">Buon giorno mi chiamo Rita e sono in pensione da poco. <\/span><\/span><\/span><\/p>\n<p><span style=\"color: #222222;\"><span style=\"font-family: Arial, sans-serif;\"><span style=\"font-size: medium;\">Volevo scrivere il mio pensiero su quanto accaduto in un paese alle porte di Torino, Collegno circa un anno e mezzo fa, quando ho presenziato al funerale di un amico di mio marito, il quale aveva aderito alla religione dei testimoni di Geova qualche tempo prima, ultimo di tutta la sua famiglia. (figli, nuore e moglie tutti testimoni)<\/span><\/span><\/span><\/p>\n<p><span style=\"color: #222222;\"><span style=\"font-family: Arial, sans-serif;\"><span style=\"font-size: medium;\">Sono stata a funerali di ogni tipo, laici, militari e religiosi. <\/span><\/span><\/span><\/p>\n<p><span style=\"color: #222222;\"><span style=\"font-family: Arial, sans-serif;\"><span style=\"font-size: medium;\">Mi definisco una cristiana &#8220;aperta&#8221; alle credenze altrui, perch\u00e8 avere una speranza nella malattia e nella sofferenza serve a superare le paure. <\/span><\/span><\/span><\/p>\n<p><span style=\"color: #222222;\"><span style=\"font-family: Arial, sans-serif;\"><span style=\"font-size: medium;\">Non penso che Dio sia Musulmano, Ebreo o Pentecostale. <\/span><\/span><\/span><\/p>\n<p><span style=\"color: #222222;\"><span style=\"font-family: Arial, sans-serif;\"><span style=\"font-size: medium;\">Dio \u00e8 amore e non ci sono bandiere o affiliazioni che possano nasconderci o darci un posto favorito quando saremo davanti a lui in un futuro prossimo. <\/span><\/span><\/span><\/p>\n<p><span style=\"color: #222222;\"><span style=\"font-family: Arial, sans-serif;\"><span style=\"font-size: medium;\">Il motivo per cui scrivo a che fare con la brutta impressione che sia io che mio marito Carlo abbiamo avuto circa questo funerale. <\/span><\/span><\/span><\/p>\n<p><span style=\"color: #222222;\"><span style=\"font-family: Arial, sans-serif;\"><span style=\"font-size: medium;\">Non voglio offendere le credenze di nessuno ma a mio parere un funerale serve a congedare un&#8217;anima, una vita terrena o semplicemente una persona da questo mondo. Potete anche credere nella risurrezione, dunque potete anche pensare che ora questo defunto stia semplicemente dormendo. <\/span><\/span><\/span><\/p>\n<p><span style=\"color: #222222;\"><span style=\"font-family: Arial, sans-serif;\"><span style=\"font-size: medium;\">Ma un funerale non deve essere uno strumento di propaganda religiosa o di proselitismo. Non si \u00e8 detto nulla di lui come persona. <\/span><\/span><\/span><\/p>\n<p><span style=\"color: #222222;\"><span style=\"font-family: Arial, sans-serif;\"><span style=\"font-size: medium;\">Ho per\u00f2 spesso sentito la frase &#8220;C. aveva compreso la verit\u00e0 biblica sulla risurrezione, C. sapeva che i morti non sono coscienti di nulla, il fratello. <\/span><\/span><\/span><\/p>\n<p><span style=\"color: #222222;\"><span style=\"font-family: Arial, sans-serif;\"><span style=\"font-size: medium;\">Sapeva che quando una persona muore non esiste pi\u00f9 e via dicendo&#8221;&#8230;in ogni caso io potrei citare molti versetti dei vangeli che testimoniano il contrario, ma non voglio farlo, perch\u00e8 basta sfogliare il nuovo testamento, per comprendere la rivoluzione e la cesura che c&#8217;\u00e8 stata tra Prima di Cristo e Dopo. <\/span><\/span><\/span><\/p>\n<p><span style=\"color: #222222;\"><span style=\"font-family: Arial, sans-serif;\"><span style=\"font-size: medium;\">Comunque anche il vecchio testamento contiene molti riferimenti a una vita spirituale cosi come i commenti del nuovo testamento sui protagonisti del vecchio. (Ad es Ebrei)<\/span><\/span><\/span><\/p>\n<p><span style=\"color: #222222;\"><span style=\"font-family: Arial, sans-serif;\"><span style=\"font-size: medium;\">A prescindere dall&#8217;interpretazione per\u00f2, quello che ho davvero trovato sgradevole \u00e8 stato proprio l&#8217;approccio che abbiamo percepito noi &#8220;ALTRI CRISTIANI&#8221; dunque i suoi ex colleghi e la parte della famiglia che non professava questa religione. <\/span><\/span><\/span><\/p>\n<p><span style=\"color: #222222;\"><span style=\"font-family: Arial, sans-serif;\"><span style=\"font-size: medium;\">Altra cosa non piacevole \u00e8 stata quella d trovare fuori dal salone un banco pieno di giornalini della suddetta religione, di libretti in brossura e di mini-bibbie. <\/span><\/span><\/span><\/p>\n<p><span style=\"color: #222222;\"><span style=\"font-family: Arial, sans-serif;\"><span style=\"font-size: medium;\">Mi \u00e8 sembrato disdicevole che un ragazzo fosse davanti all&#8217;uscio a dare il benvenuto e a indicare dove dovessi sedermi, come fosse un teatro. <\/span><\/span><\/span><\/p>\n<p><span style=\"color: #222222;\"><span style=\"font-family: Arial, sans-serif;\"><span style=\"font-size: medium;\">Ancor pi\u00f9 brutto \u00e8 stato il proforma successivo in cui si diceva che se qualcuno voleva saperne di pi\u00f9 sulle credenze del caro estinto poteva chiedere informazioni al bancone. Hanno detto che molto presto Dio interverr\u00e0 per portare un nuovo mondo ma che prima tutti quelli che non accettano le verit\u00e0 bibliche verranno suggellati come malvagi, dunque usando una minaccia infantile e a dir poco medievale, soprattutto in un occasione sbagliata dove nessuno pu\u00f2 replicare. <\/span><\/span><\/span><\/p>\n<p><span style=\"color: #222222;\"><span style=\"font-family: Arial, sans-serif;\"><span style=\"font-size: medium;\">N\u00e8 i figli n\u00e8 nessun altro hanno fatto una lettura o qualcosa che lo celebrasse. <\/span><\/span><\/span><\/p>\n<p><span style=\"color: #222222;\"><span style=\"font-family: Arial, sans-serif;\"><span style=\"font-size: medium;\">C&#8217;\u00e8 stata una preghiera nella quale si \u00e8 ribadito pi\u00f9 volte il nome di Dio (e anche su questo avrei da ridire) e sul fatto che questa persona fosse davvero morta, che l&#8217;eterno si ricordasse di lui nel Nuovo Mondo durante i giorni della risurrezione. <\/span><\/span><\/span><\/p>\n<p><span style=\"color: #222222;\"><span style=\"font-family: Arial, sans-serif;\"><span style=\"font-size: medium;\">Oltre alla sensazione di freddezza e commercialit\u00e0 di questo funerale mi \u00e8 rimasto un senso di nausea e tristezza. <\/span><\/span><\/span><\/p>\n<p><span style=\"color: #222222;\"><span style=\"font-family: Arial, sans-serif;\"><span style=\"font-size: medium;\">Non doveva essere celebrato cos\u00ec&#8230;<\/span><\/span><\/span><\/p>\n<p><span style=\"color: #222222;\"><span style=\"font-family: Arial, sans-serif;\"><span style=\"font-size: medium;\">C. era una persona gentile, volenterosa, ingegnosa&#8230; persino noi avremmo potuto fare un funerale migliore, che non eravamo della sua famiglia.<\/span><\/span><\/span><\/p>\n<p><span style=\"color: #222222;\"><span style=\"font-family: Arial, sans-serif;\"><span style=\"font-size: medium;\">Mi sono da poco trovata a parlare con una donna che ha avuto un&#8217;esperienza simile e ne ha ricavato le stesse emozioni. <\/span><\/span><\/span><\/p>\n<p><span style=\"color: #222222;\"><span style=\"font-family: Arial, sans-serif;\"><span style=\"font-size: medium;\">Dunque penso che questi funerali siano standard, perch\u00e8 lei era in Liguria, lontana da noi torinesi. <\/span><\/span><\/span><\/p>\n<p><span style=\"color: #222222;\"><span style=\"font-family: Arial, sans-serif;\"><span style=\"font-size: medium;\">Quello che \u00e8 certo \u00e8 che non mi sentir\u00f2 mai attratta da un credo simile, perch\u00e8 sembrava di essere alla presentazione di un nuovo catalogo informatico. <\/span><\/span><\/span><\/p>\n<p><span style=\"color: #222222;\"><span style=\"font-family: Arial, sans-serif;\"><span style=\"font-size: medium;\">I morti meritano rispetto. <\/span><\/span><\/span><\/p>\n<p><span style=\"color: #222222;\"><span style=\"font-family: Arial, sans-serif;\"><span style=\"font-size: medium;\">Che sia lass\u00f9 o riposi in pace sottoterra sta a Dio svelarlo. <\/span><\/span><\/span><\/p>\n<p><span style=\"color: #222222;\"><span style=\"font-family: Arial, sans-serif;\"><span style=\"font-size: medium;\">E per cortesia prima di ogni cosa dev&#8217;esserci dignit\u00e0. <\/span><\/span><\/span><\/p>\n<p><span style=\"color: #222222;\"><span style=\"font-family: Arial, sans-serif;\"><span style=\"font-size: medium;\">Che Dio curi le vostre scelte e il vostro cammino.<\/span><\/span><\/span><\/p>\n<p><span style=\"color: #222222;\"><span style=\"font-family: Arial, sans-serif;\"><span style=\"font-size: medium;\">Rita M.O. Torino.<\/span><\/span><\/span><\/p>\n<h1 style=\"text-align: center;\"><span style=\"color: #800000;\"><strong>&lt;&lt;&lt;&lt;&lt; \u00a0 \u00a0 &gt;&gt;&gt;&gt;&gt;<\/strong><\/span><\/h1>\n<p><span style=\"color: #0000ff;\"><span style=\"font-family: Arial, sans-serif;\"><span style=\"font-size: medium;\">Quo Vadis a.p.s. invita tutti coloro che hanno assistito a un funerale in una sala del regno a inviare questa lettera o una copia simile che vi rispecchia nella congregazione di riferimento. <\/span><\/span><\/span><\/p>\n<p><span style=\"color: #0000ff;\"><span style=\"font-family: Arial, sans-serif;\"><span style=\"font-size: medium;\">Sono molti i testimoni di Geova che scrivono e sono scontenti dei trattamenti ricevuti ai funerali, siano essi dissociati o ancora associati. <\/span><\/span><\/span><\/p>\n<p><span style=\"color: #0000ff;\"><span style=\"font-family: Arial, sans-serif;\"><span style=\"font-size: medium;\">Ogni lettera viene archiviata e dunque conservata.<\/span><\/span><\/span><\/p>\n<p><span style=\"color: #0000ff;\"><span style=\"font-family: Arial, sans-serif;\"><span style=\"font-size: medium;\">Potete scrivere a nome della congregazione direttamente al&#8217;ufficio Betel di Roma o ovunque voi siate. <\/span><\/span><\/span><\/p>\n<p><span style=\"color: #0000ff;\"><span style=\"font-family: Arial, sans-serif;\"><span style=\"font-size: medium;\">Per gli Italiani all&#8217;esterno stiamo prendendo nuovi contatti oltre a quelli di cui gi\u00e0 ci avvaliamo. <\/span><\/span><\/span><\/p>\n<p><span style=\"color: #0000ff;\"><span style=\"font-family: Arial, sans-serif;\"><span style=\"font-size: medium;\">Anche in questo caso la risposta e copia della prima lettera vengono conservate in congregazione.<\/span><\/span><\/span><\/p>\n<p><span style=\"color: #0000ff;\"><span style=\"font-family: Arial, sans-serif;\"><span style=\"font-size: medium;\">Ci sono molti anziani che rifiutano lo schema proposto dalla societ\u00e0 per i funerali, lo trovano irrispettoso e indelicato, commerciale e inappropriato alla circostanza. <\/span><\/span><\/span><\/p>\n<p><span style=\"color: #0000ff;\"><span style=\"font-family: Arial, sans-serif;\"><span style=\"font-size: medium;\">Date loro il via per prendere coraggio. <\/span><\/span><\/span><\/p>\n<p><span style=\"color: #0000ff;\"><span style=\"font-family: Arial, sans-serif;\"><span style=\"font-size: medium;\">Vi possiamo garantire che c&#8217;\u00e8 grande fermento interno, sta per accadere qualcosa di grande. <\/span><\/span><\/span><\/p>\n<p><span style=\"color: #0000ff;\"><span style=\"font-family: Arial, sans-serif;\"><span style=\"font-size: medium;\">Abbiamo scelto la lettera di una &#8220;persona del mondo&#8221; perch\u00e8 riteniamo che sia priva di condizionamenti e gerghi settati sottintesi, dunque sia pi\u00f9 comprensibile per i non membri. <\/span><\/span><\/span><\/p>\n<p><span style=\"color: #0000ff;\"><span style=\"font-family: Arial, sans-serif;\"><span style=\"font-size: medium;\">Ma ribadiamo che abbiamo rispetto e affetto per tutti, <strong><span style=\"text-decoration: underline;\"><em>scusate se siamo indietro con le pubblicazioni delle esperienze.<\/em><\/span><\/strong><\/span><\/span><\/span><\/p>\n<h2 style=\"text-align: center;\"><a href=\"http:\/\/www.roccopoliti.it\/wp-content\/uploads\/2014\/09\/Q-QUO-VADIS-FB21.jpg\"><img loading=\"lazy\" decoding=\"async\" src=\"http:\/\/www.roccopoliti.it\/wp-content\/uploads\/2014\/09\/Q-QUO-VADIS-FB21.jpg\" alt=\"Q-QUO-VADIS-FB21\" width=\"1000\" height=\"379\" \/><\/a><\/h2>\n<h2 style=\"text-align: center;\"><span style=\"color: #0000ff;\">\u00a0www.facebook.com\/quovadisaps<\/span><\/h2>\n<h2 style=\"text-align: center;\" align=\"CENTER\"><span style=\"color: #0000ff;\"><a name=\"_GoBack\"><\/a>\u00a0\u00a0www.quovadisaps.org<\/span><\/h2>\n<h2 style=\"text-align: center;\" align=\"CENTER\"><span style=\"color: #0000ff;\">\u00a0quovadis.aps@gmail.com<\/span><\/h2>\n<h2 style=\"text-align: center;\" align=\"CENTER\"><span style=\"color: #0000ff;\">telefono \u00a0392 1539014<\/span><\/h2>\n","protected":false},"excerpt":{"rendered":"<p>FUNERALE E PROSELITISMO DA UNA LETTRICE. IMPORTANTE Buon giorno mi chiamo Rita e sono in pensione da poco. Volevo scrivere il mio pensiero su quanto accaduto in un paese alle porte di Torino, Collegno circa un anno e mezzo fa, quando ho presenziato al funerale di un amico di mio marito, il quale aveva aderito [&hellip;]<\/p>\n","protected":false},"author":1,"featured_media":9073,"comment_status":"closed","ping_status":"open","sticky":false,"template":"","format":"standard","meta":{"footnotes":""},"categories":[250,238],"tags":[],"class_list":["post-9066","post","type-post","status-publish","format-standard","has-post-thumbnail","hentry","category-funerale","category-testimone-di-geova"],"views":3923,"_links":{"self":[{"href":"http:\/\/www.roccopoliti.it\/index.php?rest_route=\/wp\/v2\/posts\/9066","targetHints":{"allow":["GET"]}}],"collection":[{"href":"http:\/\/www.roccopoliti.it\/index.php?rest_route=\/wp\/v2\/posts"}],"about":[{"href":"http:\/\/www.roccopoliti.it\/index.php?rest_route=\/wp\/v2\/types\/post"}],"author":[{"embeddable":true,"href":"http:\/\/www.roccopoliti.it\/index.php?rest_route=\/wp\/v2\/users\/1"}],"replies":[{"embeddable":true,"href":"http:\/\/www.roccopoliti.it\/index.php?rest_route=%2Fwp%2Fv2%2Fcomments&post=9066"}],"version-history":[{"count":12,"href":"http:\/\/www.roccopoliti.it\/index.php?rest_route=\/wp\/v2\/posts\/9066\/revisions"}],"predecessor-version":[{"id":9081,"href":"http:\/\/www.roccopoliti.it\/index.php?rest_route=\/wp\/v2\/posts\/9066\/revisions\/9081"}],"wp:featuredmedia":[{"embeddable":true,"href":"http:\/\/www.roccopoliti.it\/index.php?rest_route=\/wp\/v2\/media\/9073"}],"wp:attachment":[{"href":"http:\/\/www.roccopoliti.it\/index.php?rest_route=%2Fwp%2Fv2%2Fmedia&parent=9066"}],"wp:term":[{"taxonomy":"category","embeddable":true,"href":"http:\/\/www.roccopoliti.it\/index.php?rest_route=%2Fwp%2Fv2%2Fcategories&post=9066"},{"taxonomy":"post_tag","embeddable":true,"href":"http:\/\/www.roccopoliti.it\/index.php?rest_route=%2Fwp%2Fv2%2Ftags&post=9066"}],"curies":[{"name":"wp","href":"https:\/\/api.w.org\/{rel}","templated":true}]}}