{"id":9184,"date":"2014-12-15T21:18:58","date_gmt":"2014-12-15T20:18:58","guid":{"rendered":"http:\/\/www.roccopoliti.it\/?p=9184"},"modified":"2014-12-15T21:25:03","modified_gmt":"2014-12-15T20:25:03","slug":"pecorelle-di-natale-15122014","status":"publish","type":"post","link":"http:\/\/www.roccopoliti.it\/?p=9184","title":{"rendered":"PECORELLE DI NATALE. 15\/12\/2014"},"content":{"rendered":"<p style=\"text-align: center;\"><a href=\"http:\/\/www.roccopoliti.it\/wp-content\/uploads\/2014\/12\/DSCF8930.jpg\"><img loading=\"lazy\" decoding=\"async\" class=\"alignnone size-full wp-image-9187\" src=\"http:\/\/www.roccopoliti.it\/wp-content\/uploads\/2014\/12\/DSCF8930.jpg\" alt=\"DSCF8930\" width=\"1600\" height=\"1200\" \/><\/a><\/p>\n<p style=\"text-align: center;\"><span style=\"color: #ff0000;\"><span style=\"font-family: Arial, sans-serif;\"><span style=\"font-size: x-large;\"><b>PECORELLE <\/b><\/span><\/span><\/span><\/p>\n<p style=\"text-align: center;\"><span style=\"color: #ff0000;\"><span style=\"font-family: Arial, sans-serif;\"><span style=\"font-size: x-large;\"><b>DI NATALE <\/b><\/span><\/span><\/span><\/p>\n<p><span style=\"color: #222222;\"><span style=\"font-family: Arial, sans-serif;\"><span style=\"font-size: medium;\">Buon giorno a tutti,<\/span><\/span><\/span><\/p>\n<p><span style=\"color: #222222;\"><span style=\"font-family: Arial, sans-serif;\"><span style=\"font-size: medium;\">\u00e8 una bella mattina di dicembre, fuori ci sono 3 gradi e io sono davanti al camino. <\/span><\/span><\/span><\/p>\n<p><span style=\"color: #222222;\"><span style=\"font-family: Arial, sans-serif;\"><span style=\"font-size: medium;\">Ho cambiato un sacco di cose negli ultimi mesi, casa, religione e idee. Volevo scrivervi una cosa da nulla, un piccolo pensiero che forse a qualcuno sembrer\u00e0 un po&#8217; troppo ovvio. <\/span><\/span><\/span><\/p>\n<p><span style=\"color: #222222;\"><span style=\"font-family: Arial, sans-serif;\"><span style=\"font-size: medium;\">Ho fatto una riflessione e volevo rendervene partecipi. <\/span><\/span><\/span><\/p>\n<p><span style=\"color: #222222;\"><span style=\"font-family: Arial, sans-serif;\"><span style=\"font-size: medium;\">Quando andavo in sala sotto le feste i testimoni di Geova distribuivano letteratura &#8220;anti-natalizia&#8221;. <\/span><\/span><\/span><\/p>\n<p><span style=\"color: #222222;\"><span style=\"font-family: Arial, sans-serif;\"><span style=\"font-size: medium;\">Uno degli argomenti che anche da bambina dovevo adottare con le maestre era pressapoco questo: &#8220;Non pu\u00f2 essere nato a dicembre perch\u00e8 le pecore passavano la notte fuori&#8221; e in quel periodo nevica a Betlemme. <\/span><\/span><\/span><\/p>\n<p><span style=\"color: #222222;\"><span style=\"font-family: Arial, sans-serif;\"><span style=\"font-size: medium;\">Questo \u00e8 il primo inverno che passo nella casa nuova, in mezza montagna (o collina per i montanari&#8230; a 700 metri slm). <\/span><\/span><\/span><\/p>\n<p><span style=\"color: #222222;\"><span style=\"font-family: Arial, sans-serif;\"><span style=\"font-size: medium;\">Per la precisione col mio ragazzo siamo andati via dalla civilt\u00e0 e abbiamo cercato uno stile di vita pi\u00f9 naturale e tranquillo e anche ecologico vicino a Sondrio. <\/span><\/span><\/span><\/p>\n<p><span style=\"color: #222222;\"><span style=\"font-family: Arial, sans-serif;\"><span style=\"font-size: medium;\">Ritornando al discorso di prima stanotte c&#8217;era la luna quasi piena e fuori c&#8217;erano le bestie. <\/span><\/span><\/span><\/p>\n<p><span style=\"color: #222222;\"><span style=\"font-family: Arial, sans-serif;\"><span style=\"font-size: medium;\">Fuori capite? <\/span><\/span><\/span><\/p>\n<p><span style=\"color: #222222;\"><span style=\"font-family: Arial, sans-serif;\"><span style=\"font-size: medium;\">Perci\u00f2 se ci sono delle mucche e delle pecore sulle alpi la notte dei primi di dicembre significa che a Betleem non \u00e8 da escludere che si facesse altrettanto. <\/span><\/span><\/span><\/p>\n<p><span style=\"color: #222222;\"><span style=\"font-family: Arial, sans-serif;\"><span style=\"font-size: medium;\">Sono stata una cittadina per buona parte della vita e questa cosa cos\u00ec normale mi ha scioccato. <\/span><\/span><\/span><\/p>\n<p><span style=\"color: #222222;\"><span style=\"font-family: Arial, sans-serif;\"><span style=\"font-size: medium;\">In questo periodo qui di solito nevica, siamo in ritardo e le previsioni dicono che la prossima settimana il tempo cambier\u00e0 e finalmente arriver\u00e0 la neve. Ecco questo piccolo particolare mi ha fatto fare un saltino in pi\u00f9: &#8220;Anche su questo ci hanno intortato?&#8221; <\/span><\/span><\/span><\/p>\n<p><span style=\"color: #222222;\"><span style=\"font-family: Arial, sans-serif;\"><span style=\"font-size: medium;\">I testimoni in genere sono abituati a pensieri palindromi e preconfezionati. Questo \u00e8 un periodo di opposizione, di rifiuto alla condivisione e di non gioia. <\/span><\/span><\/span><\/p>\n<p><span style=\"color: #222222;\"><span style=\"font-family: Arial, sans-serif;\"><span style=\"font-size: medium;\">Anche se \u00e8 molto probabile che Ges\u00f9 non sia nato a dicembre come in qualsiasi altro mese specifico quello che conta \u00e8 la rivoluzione che ha portato. <\/span><\/span><\/span><\/p>\n<p><span style=\"color: #222222;\"><span style=\"font-family: Arial, sans-serif;\"><span style=\"font-size: medium;\">E gli angeli cantarono e il cielo esplose di gioia. <\/span><\/span><\/span><\/p>\n<p><span style=\"color: #222222;\"><span style=\"font-family: Arial, sans-serif;\"><span style=\"font-size: medium;\">Qualcosa di grande successe. <\/span><\/span><\/span><\/p>\n<p><span style=\"color: #222222;\"><span style=\"font-family: Arial, sans-serif;\"><span style=\"font-size: medium;\">Forse ci sono stati molti profeti, &gt;&gt;&gt;&gt;&gt;&gt;&gt;&gt;&gt;&gt;budda, mitra e tutti quelli che hanno cambiato la mentalit\u00e0 delle persone in un modo o nell&#8217;altro. <\/span><\/span><\/span><\/p>\n<p><span style=\"color: #222222;\"><span style=\"font-family: Arial, sans-serif;\"><span style=\"font-size: medium;\">Ma il trionfo della luce sulle tenebre va celebrato&#8230;. quando il buio cede il posto al sole, vero significato del solstizio in tutte le religioni, \u00e8 qualcosa di bello, significa che d&#8217;ora in poi l&#8217;oscurit\u00e0 durer\u00e0 di meno. <\/span><\/span><\/span><\/p>\n<p><span style=\"color: #222222;\"><span style=\"font-family: Arial, sans-serif;\"><span style=\"font-size: medium;\">In una parola: SPERANZA. <\/span><\/span><\/span><\/p>\n<p><span style=\"color: #222222;\"><span style=\"font-family: Arial, sans-serif;\"><span style=\"font-size: medium;\">E prego il Dio universale che dia ai testimoni di Geova un po&#8217; pi\u00f9 di luce nel loro cuore&#8230; perch\u00e8 \u00e8 dalle cose quotidiane e semplici che s&#8217;impara a ragionare, ma anche grazie all&#8217;esercizio e alla filosofia in senso lato. <\/span><\/span><\/span><\/p>\n<p><span style=\"color: #222222;\"><span style=\"font-family: Arial, sans-serif;\"><span style=\"font-size: medium;\">Prego anche che le nuove leve approfondiscano e studino tutto cio&#8217; che possa incuriosirli. <\/span><\/span><\/span><\/p>\n<p><span style=\"color: #222222;\"><span style=\"font-family: Arial, sans-serif;\"><span style=\"font-size: medium;\">Perch\u00e8 so che la societ\u00e0 scoraggia lo studio di un certo tipo. <\/span><\/span><\/span><\/p>\n<p><span style=\"color: #222222;\"><span style=\"font-family: Arial, sans-serif;\"><span style=\"font-size: medium;\">Ci sono passata e ora mi mangio le mani per le scelte iper-condizionate di quell&#8217;ambientaccio. <\/span><\/span><\/span><\/p>\n<p><span style=\"color: #222222;\"><span style=\"font-family: Arial, sans-serif;\"><span style=\"font-size: medium;\">A 14 anni ho scelto una scuola professionale, e ho trascurato il mio vero Io. Nonostante i professori mi avessero pregato di fare il liceo. <\/span><\/span><\/span><\/p>\n<p><span style=\"color: #222222;\"><span style=\"font-family: Arial, sans-serif;\"><span style=\"font-size: medium;\">Hanno pure parlato coi miei. <\/span><\/span><\/span><\/p>\n<p><span style=\"color: #222222;\"><span style=\"font-family: Arial, sans-serif;\"><span style=\"font-size: medium;\">Dovevo ascoltarli perch\u00e8 \u00e8 proprio quel tipo di studio che ti da gli strumenti giusti&#8230;\u00e8 un po&#8217; come se esercitare la parte pi\u00f9 artistica del nostro cervello servisse a renderci pi\u00f9 autentici e empatici. <\/span><\/span><\/span><\/p>\n<p><span style=\"color: #222222;\"><span style=\"font-family: Arial, sans-serif;\"><span style=\"font-size: medium;\">Ho pochi contatti con la mia famiglia che tuttora vive in citt\u00e0, tutti super tdg. Ho 31 anni ma mi sento una ragazzina perch\u00e8 da poco ho scoperto cos&#8217;\u00e8 una vita normale.<\/span><\/span><\/span><\/p>\n<p><span style=\"color: #222222;\"><span style=\"font-family: Arial, sans-serif;\"><span style=\"font-size: medium;\">Grazie.<\/span><\/span><\/span><\/p>\n<p><span style=\"color: #222222;\"><span style=\"font-family: Arial, sans-serif;\"><span style=\"font-size: medium;\">Daniela S.<\/span><\/span><\/span><\/p>\n<p><span style=\"color: #222222;\"><span style=\"font-family: Arial, sans-serif;\"><span style=\"font-size: medium;\">(Grazie Francy per avermi aperto gli occhi, quando hai piantato i semini del dubbio nel mio cuore&#8230; ora quella fuori sono io e tu sei obbligata dalle situazioni famigliari a rimanere li dentro. <\/span><\/span><\/span><\/p>\n<p><span style=\"color: #222222;\"><span style=\"font-family: Arial, sans-serif;\"><span style=\"font-size: medium;\">Quello che si fa per amore dei figli \u00e8 sempre al di la del bene e del male. <\/span><\/span><\/span><\/p>\n<p><span style=\"color: #222222;\"><span style=\"font-family: Arial, sans-serif;\"><span style=\"font-size: medium;\">Se mi leggi, anzi so che leggi il blog di Rocco, sappi che ti penso e non smetter\u00f2 mai di esserti grata&#8230; <\/span><\/span><\/span><\/p>\n<p><span style=\"color: #222222;\"><span style=\"font-family: Arial, sans-serif;\"><span style=\"font-size: medium;\">La tua ex pionirina di fiducia)<\/span><\/span><\/span><\/p>\n<p><span style=\"color: #222222;\"><span style=\"font-family: Arial, sans-serif;\"><span style=\"font-size: medium;\">PS: BUON NATALE, FELICE ANNUKKA, BUONA FESTA DI GIOIA A TUTTI QUALUNQUE COSA CREDIATE<\/span><\/span><\/span><\/p>\n<h2 style=\"text-align: center;\"><a href=\"http:\/\/www.roccopoliti.it\/wp-content\/uploads\/2014\/09\/Q-QUO-VADIS-FB21.jpg\"><img loading=\"lazy\" decoding=\"async\" src=\"http:\/\/www.roccopoliti.it\/wp-content\/uploads\/2014\/09\/Q-QUO-VADIS-FB21.jpg\" alt=\"Q-QUO-VADIS-FB21\" width=\"1000\" height=\"379\" \/><\/a><\/h2>\n<h2 style=\"text-align: center;\"><span style=\"color: #0000ff;\">\u00a0www.facebook.com\/quovadisaps<\/span><\/h2>\n<h2 style=\"text-align: center;\" align=\"CENTER\"><span style=\"color: #0000ff;\"><a name=\"_GoBack\"><\/a>\u00a0\u00a0www.quovadisaps.org<\/span><\/h2>\n<h2 style=\"text-align: center;\" align=\"CENTER\"><span style=\"color: #0000ff;\">\u00a0quovadis.aps@gmail.com<\/span><\/h2>\n<h2 style=\"text-align: center;\" align=\"CENTER\"><span style=\"color: #0000ff;\">telefono \u00a0392 1539014<\/span><\/h2>\n","protected":false},"excerpt":{"rendered":"<p>PECORELLE DI NATALE Buon giorno a tutti, \u00e8 una bella mattina di dicembre, fuori ci sono 3 gradi e io sono davanti al camino. Ho cambiato un sacco di cose negli ultimi mesi, casa, religione e idee. Volevo scrivervi una cosa da nulla, un piccolo pensiero che forse a qualcuno sembrer\u00e0 un po&#8217; troppo ovvio. [&hellip;]<\/p>\n","protected":false},"author":1,"featured_media":9191,"comment_status":"closed","ping_status":"open","sticky":false,"template":"","format":"standard","meta":{"footnotes":""},"categories":[102],"tags":[],"class_list":["post-9184","post","type-post","status-publish","format-standard","has-post-thumbnail","hentry","category-n-a-t-a-l-e"],"views":2583,"_links":{"self":[{"href":"http:\/\/www.roccopoliti.it\/index.php?rest_route=\/wp\/v2\/posts\/9184","targetHints":{"allow":["GET"]}}],"collection":[{"href":"http:\/\/www.roccopoliti.it\/index.php?rest_route=\/wp\/v2\/posts"}],"about":[{"href":"http:\/\/www.roccopoliti.it\/index.php?rest_route=\/wp\/v2\/types\/post"}],"author":[{"embeddable":true,"href":"http:\/\/www.roccopoliti.it\/index.php?rest_route=\/wp\/v2\/users\/1"}],"replies":[{"embeddable":true,"href":"http:\/\/www.roccopoliti.it\/index.php?rest_route=%2Fwp%2Fv2%2Fcomments&post=9184"}],"version-history":[{"count":4,"href":"http:\/\/www.roccopoliti.it\/index.php?rest_route=\/wp\/v2\/posts\/9184\/revisions"}],"predecessor-version":[{"id":9189,"href":"http:\/\/www.roccopoliti.it\/index.php?rest_route=\/wp\/v2\/posts\/9184\/revisions\/9189"}],"wp:featuredmedia":[{"embeddable":true,"href":"http:\/\/www.roccopoliti.it\/index.php?rest_route=\/wp\/v2\/media\/9191"}],"wp:attachment":[{"href":"http:\/\/www.roccopoliti.it\/index.php?rest_route=%2Fwp%2Fv2%2Fmedia&parent=9184"}],"wp:term":[{"taxonomy":"category","embeddable":true,"href":"http:\/\/www.roccopoliti.it\/index.php?rest_route=%2Fwp%2Fv2%2Fcategories&post=9184"},{"taxonomy":"post_tag","embeddable":true,"href":"http:\/\/www.roccopoliti.it\/index.php?rest_route=%2Fwp%2Fv2%2Ftags&post=9184"}],"curies":[{"name":"wp","href":"https:\/\/api.w.org\/{rel}","templated":true}]}}