{"id":9225,"date":"2014-12-18T16:04:35","date_gmt":"2014-12-18T15:04:35","guid":{"rendered":"http:\/\/www.roccopoliti.it\/?p=9225"},"modified":"2014-12-18T16:07:35","modified_gmt":"2014-12-18T15:07:35","slug":"firenze-scuola-trasforma-natale-nella-festa-di-topolino-turba-i-testimoni-di-geova-18122014","status":"publish","type":"post","link":"http:\/\/www.roccopoliti.it\/?p=9225","title":{"rendered":"Firenze, scuola trasforma Natale nella festa di Topolino: \u201cTurba i testimoni di Geova\u201d. 18\/12\/2014"},"content":{"rendered":"<p style=\"text-align: center;\" align=\"LEFT\"><a href=\"http:\/\/www.roccopoliti.it\/wp-content\/uploads\/2014\/12\/Topolino1-300x225.jpg\"><img loading=\"lazy\" decoding=\"async\" class=\"alignnone size-full wp-image-9227\" src=\"http:\/\/www.roccopoliti.it\/wp-content\/uploads\/2014\/12\/Topolino1-300x225.jpg\" alt=\"Topolino1-300x225\" width=\"300\" height=\"225\" \/><\/a><\/p>\n<p style=\"text-align: center;\" align=\"LEFT\"><span style=\"font-family: Arial, sans-serif; color: #ff0000;\"><span style=\"font-size: x-large;\"><b>Firenze, <\/b><\/span><\/span><\/p>\n<p style=\"text-align: center;\" align=\"LEFT\"><span style=\"font-family: Arial, sans-serif; color: #ff0000;\"><span style=\"font-size: x-large;\"><b>scuola trasforma Natale <\/b><\/span><\/span><\/p>\n<p style=\"text-align: center;\" align=\"LEFT\"><span style=\"font-family: Arial, sans-serif; color: #ff0000;\"><span style=\"font-size: x-large;\"><b>nella festa di Topolino:<\/b><\/span><\/span><\/p>\n<p style=\"text-align: center;\" align=\"LEFT\"><span style=\"font-family: Arial, sans-serif; color: #ff0000;\"><span style=\"font-size: x-large;\"><b> \u201cTurba i <\/b><\/span><\/span><\/p>\n<p style=\"text-align: center;\" align=\"LEFT\"><span style=\"font-family: Arial, sans-serif; color: #ff0000;\"><span style=\"font-size: x-large;\"><b>testimoni di Geova\u201d.<\/b><\/span><\/span><\/p>\n<p align=\"LEFT\"><span style=\"color: #000000;\"><span style=\"font-family: Arial, sans-serif;\"><span style=\"font-size: medium;\">La coordinatrice pedagogica di una scuola fiorentina decide di &#8220;non enfatizzare&#8221; il significato religioso del Natale per non turbare bambini appartenenti a famiglie non cristiane: al posto di Ges\u00f9 Bambino si celebrer\u00e0, cos\u00ec, la festa dei personaggi Disney.<\/span><\/span><\/span><\/p>\n<p><strong><span style=\"color: #333333;\"><span style=\"font-family: Arial, sans-serif;\"><span style=\"font-size: medium;\">Quest\u2019anno sar\u00e0 Topolino, non Ges\u00f9 o tantomeno Babbo Natale, a portare i doni ai bambini di una scuola di Firenze.<\/span><\/span><\/span><\/strong><span style=\"color: #333333;\"><span style=\"font-family: Arial, sans-serif;\"><span style=\"font-size: medium;\">\u00a0<\/span><\/span><\/span><\/p>\n<p><span style=\"color: #333333;\"><span style=\"font-family: Arial, sans-serif;\"><span style=\"font-size: medium;\">Anzi, presso la scuola dell\u2019infanzia Cadorna del capoluogo toscano, Natale, pi\u00f9 che la festa della nascita del Dio dei cristiani, sar\u00e0 presentato come la festa dei personaggi Disney, per decisione della coordinatrice pedagogica del plesso. Il tutto\u00a0<\/span><\/span><\/span><em><span style=\"color: #333333;\"><span style=\"font-family: Arial, sans-serif;\"><span style=\"font-size: medium;\">\u201cper non enfatizzare il Natale e non turbare la sensibilit\u00e0 di quei bambini che provengono, ad esempio, a famiglie appartenenti ai Testimoni di Geova\u201d<\/span><\/span><\/span><\/em><span style=\"color: #333333;\"><span style=\"font-family: Arial, sans-serif;\"><span style=\"font-size: medium;\">\u00a0come si sono sentite dire, tra lo sconcerto generale, alcune madri che avevano chiesto spiegazioni per l\u2019assenza all\u2019interno dei locali scolastico di qualsiasi riferimento alla festa pi\u00f9 amata dai pi\u00f9 piccoli. Nessuna protesta, dunque, da atei o musulmani, come talvolta accade in questi casi: semplicemente, una solerte funzionaria ha deciso autonomamente che cancellare ogni significato religioso dalle celebrazioni del Natale fosse la cosa pi\u00f9 giusta da fare.<\/span><\/span><\/span><\/p>\n<p align=\"LEFT\"><strong><span style=\"color: #333333;\"><span style=\"font-family: Arial, sans-serif;\"><span style=\"font-size: medium;\">Niente presepe, niente luci, niente canti tradizionali natalizi ed addirittura niente recita.<\/span><\/span><\/span><\/strong><span style=\"color: #333333;\"><span style=\"font-family: Arial, sans-serif;\"><span style=\"font-size: medium;\">\u00a0Anzi, una recita ci sar\u00e0: alcuni genitori saranno protagonisti sul palco, mentre i bambini faranno da spettatori. Tutti gli adulti che non saranno tra i protagonisti, non potranno neppure accedere alla insolita rappresentazione. \u201c<\/span><\/span><\/span><em><span style=\"color: #333333;\"><span style=\"font-family: Arial, sans-serif;\"><span style=\"font-size: medium;\">I bambini festeggeranno con Topolino.<\/span><\/span><\/span><\/em><span style=\"color: #333333;\"><span style=\"font-family: Arial, sans-serif;\"><span style=\"font-size: medium;\">\u00a0\u2013 spiega una madre, delusa ma non rassegnata \u2013\u00a0<\/span><\/span><\/span><em><span style=\"color: #333333;\"><span style=\"font-family: Arial, sans-serif;\"><span style=\"font-size: medium;\">Nei prossimi giorni, un animatore vestito dal personaggio disneyano si recher\u00e0 a scuola per consegnare dei regali ai nostri figli. Cos\u00ec facendo, per\u00f2, viene meno l\u2019intero senso della festa. Abbiamo trovato un muro di gomma da parte della coordinatrice pedagogica e solo dopo molte insistenze dei genitori \u00e8 stato collocato nella scuola un abete vero, ovviamente senza che vi abbiano messo nulla che rimandi a quella che per tanti, tantissimi di noi, \u00e8 la festa pi\u00f9 importante dell\u2019anno.\u201d<\/span><\/span><\/span><\/em><\/p>\n<p align=\"LEFT\"><strong><span style=\"color: #333333;\"><span style=\"font-family: Arial, sans-serif;\"><span style=\"font-size: medium;\">La situazione \u00e8 assolutamente paradossale.<\/span><\/span><\/span><\/strong><span style=\"color: #333333;\"><span style=\"font-family: Arial, sans-serif;\"><span style=\"font-size: medium;\">\u00a0Silvia Baldaccini, dirigente scolastica dell\u2019istituto comprensivo Guicciardini, di cui fa parte il plesso Cadorna, spiega di avere le mani legate:\u00a0<\/span><\/span><\/span><em><span style=\"color: #333333;\"><span style=\"font-family: Arial, sans-serif;\"><span style=\"font-size: medium;\">\u201cPer una particolarit\u00e0 tutta fiorentina<\/span><\/span><\/span><\/em><span style=\"color: #333333;\"><span style=\"font-family: Arial, sans-serif;\"><span style=\"font-size: medium;\">\u00a0\u2013 spiega \u2013\u00a0<\/span><\/span><\/span><em><span style=\"color: #333333;\"><span style=\"font-family: Arial, sans-serif;\"><span style=\"font-size: medium;\">la scuola dell\u2019infanzia non rientra nella mia diretta responsabilit\u00e0, perch\u00e9 fa direttamente capo al Comune, dal punto di vista didattico, amministrativo, organizzativo. Ho ricevuto anche io segnalazioni sull\u2019accaduto, ma non posso farci nulla.\u201d\u00a0<\/span><\/span><\/span><\/em><span style=\"color: #333333;\"><span style=\"font-family: Arial, sans-serif;\"><span style=\"font-size: medium;\">Insorge il capogruppo di Fratelli d\u2019Italia nel Consiglio Regionale della Toscana, Giovanni Donzelli:\u00a0<\/span><\/span><\/span><em><span style=\"color: #333333;\"><span style=\"font-family: Arial, sans-serif;\"><span style=\"font-size: medium;\">\u201cIn quella scuola hanno tolto i simboli religiosi e promosso il Natale usando personaggi che non hanno alcun riferimento con la religione, come se Natale fosse una festa pagana. Ho gi\u00e0 interessato l\u2019Ufficio Scolastica Regionale, la direttrice mi ha garantito che indagher\u00e0 sulla vicenda.\u201d<\/span><\/span><\/span><\/em><\/p>\n<p align=\"LEFT\"><span style=\"color: #000000;\"><span style=\"font-family: Arial, sans-serif;\"><span style=\"font-size: medium;\"><br \/>\n<span style=\"color: #3366ff;\"><strong><a style=\"color: #3366ff;\" href=\"http:\/\/www.fanpage.it\/una-scuola-di-firenze-trasforma-natale-nella-festa-di-topolino\/#ixzz3M6Yju6II\">http:\/\/www.fanpage.it\/una-scuola-di-firenze-trasforma-natale-nella-festa-di-topolino\/#ixzz3M6Yju6II<\/a><\/strong><\/span><\/span><\/span><\/span><\/p>\n<h2 style=\"text-align: center;\"><a href=\"http:\/\/www.roccopoliti.it\/wp-content\/uploads\/2014\/09\/Q-QUO-VADIS-FB21.jpg\"><img loading=\"lazy\" decoding=\"async\" src=\"http:\/\/www.roccopoliti.it\/wp-content\/uploads\/2014\/09\/Q-QUO-VADIS-FB21.jpg\" alt=\"Q-QUO-VADIS-FB21\" width=\"1000\" height=\"379\" \/><\/a><\/h2>\n<h2 style=\"text-align: center;\"><span style=\"color: #0000ff;\">\u00a0www.facebook.com\/quovadisaps<\/span><\/h2>\n<h2 style=\"text-align: center;\" align=\"CENTER\"><span style=\"color: #0000ff;\"><a name=\"_GoBack\"><\/a>\u00a0\u00a0www.quovadisaps.org<\/span><\/h2>\n<h2 style=\"text-align: center;\" align=\"CENTER\"><span style=\"color: #0000ff;\">\u00a0quovadis.aps@gmail.com<\/span><\/h2>\n<h2 style=\"text-align: center;\" align=\"CENTER\"><span style=\"color: #0000ff;\">telefono \u00a0392 1539014<\/span><\/h2>\n<p align=\"LEFT\"><span style=\"color: #000000;\"><span style=\"font-family: Arial, Helvetica, sans-serif;\"><span style=\"font-size: large;\"><br \/>\n<\/span><\/span><\/span><\/p>\n<p align=\"LEFT\">\n","protected":false},"excerpt":{"rendered":"<p>Firenze, scuola trasforma Natale nella festa di Topolino: \u201cTurba i testimoni di Geova\u201d. La coordinatrice pedagogica di una scuola fiorentina decide di &#8220;non enfatizzare&#8221; il significato religioso del Natale per non turbare bambini appartenenti a famiglie non cristiane: al posto di Ges\u00f9 Bambino si celebrer\u00e0, cos\u00ec, la festa dei personaggi Disney. Quest\u2019anno sar\u00e0 Topolino, non [&hellip;]<\/p>\n","protected":false},"author":1,"featured_media":0,"comment_status":"closed","ping_status":"open","sticky":false,"template":"","format":"standard","meta":{"footnotes":""},"categories":[102],"tags":[],"class_list":["post-9225","post","type-post","status-publish","format-standard","hentry","category-n-a-t-a-l-e"],"views":2224,"_links":{"self":[{"href":"http:\/\/www.roccopoliti.it\/index.php?rest_route=\/wp\/v2\/posts\/9225","targetHints":{"allow":["GET"]}}],"collection":[{"href":"http:\/\/www.roccopoliti.it\/index.php?rest_route=\/wp\/v2\/posts"}],"about":[{"href":"http:\/\/www.roccopoliti.it\/index.php?rest_route=\/wp\/v2\/types\/post"}],"author":[{"embeddable":true,"href":"http:\/\/www.roccopoliti.it\/index.php?rest_route=\/wp\/v2\/users\/1"}],"replies":[{"embeddable":true,"href":"http:\/\/www.roccopoliti.it\/index.php?rest_route=%2Fwp%2Fv2%2Fcomments&post=9225"}],"version-history":[{"count":5,"href":"http:\/\/www.roccopoliti.it\/index.php?rest_route=\/wp\/v2\/posts\/9225\/revisions"}],"predecessor-version":[{"id":9231,"href":"http:\/\/www.roccopoliti.it\/index.php?rest_route=\/wp\/v2\/posts\/9225\/revisions\/9231"}],"wp:attachment":[{"href":"http:\/\/www.roccopoliti.it\/index.php?rest_route=%2Fwp%2Fv2%2Fmedia&parent=9225"}],"wp:term":[{"taxonomy":"category","embeddable":true,"href":"http:\/\/www.roccopoliti.it\/index.php?rest_route=%2Fwp%2Fv2%2Fcategories&post=9225"},{"taxonomy":"post_tag","embeddable":true,"href":"http:\/\/www.roccopoliti.it\/index.php?rest_route=%2Fwp%2Fv2%2Ftags&post=9225"}],"curies":[{"name":"wp","href":"https:\/\/api.w.org\/{rel}","templated":true}]}}