{"id":11054,"date":"2015-05-19T14:33:26","date_gmt":"2015-05-19T12:33:26","guid":{"rendered":"http:\/\/www.roccopoliti.it\/?p=11054"},"modified":"2015-05-19T14:37:29","modified_gmt":"2015-05-19T12:37:29","slug":"beni-camion-sospetto-di-trasportare-machete-1952015","status":"publish","type":"post","link":"https:\/\/www.roccopoliti.it\/?p=11054","title":{"rendered":"Beni: camion sospetto di trasportare machete. 19\/5\/2015"},"content":{"rendered":"<h2 class=\"western\" style=\"text-align: center;\"><a href=\"http:\/\/www.roccopoliti.it\/wp-content\/uploads\/2015\/05\/IMG_2294.jpg\"><img loading=\"lazy\" decoding=\"async\" class=\"alignnone size-full wp-image-11055\" src=\"http:\/\/www.roccopoliti.it\/wp-content\/uploads\/2015\/05\/IMG_2294.jpg\" alt=\"IMG_2294\" width=\"320\" height=\"239\" \/><\/a><\/h2>\n<h2 class=\"western\" style=\"text-align: center;\"><span style=\"color: #ff0000;\"><span style=\"font-family: Arial, sans-serif;\"><span style=\"font-size: x-large;\"><b>Beni: camion sospetto<\/b><\/span><\/span><\/span><\/h2>\n<h2 class=\"western\" style=\"text-align: center;\"><span style=\"color: #ff0000;\"><span style=\"font-family: Arial, sans-serif;\"><span style=\"font-size: x-large;\"><b> di trasportare machete<\/b><\/span><\/span><\/span><\/h2>\n<p>&nbsp;<\/p>\n<p><a name=\"more-209282\"><\/a> <span style=\"color: #222222;\"><span style=\"font-family: Arial, sans-serif;\"><span style=\"font-size: medium;\">Una grande tensione regnava Domenica 17 maggio in serata al quartiere Kasabinyole della citt\u00e0 Mulekera, nel centro di Beni (Nord Kivu).\u00a0Secondo fonti locali, i giovani dicono di aver intercettato nella motivazione della Sala del Regno dei Testimoni di Geova un veicolo che trasportava machete e gli assi che sono stati utilizzati, secondo loro, chiedere crimine.\u00a0Le fonti della sicurezza non hanno confermato questa versione, ma piuttosto parlare di vari oggetti appartenenti alla ONG Oxfam e Testimoni di Geova.<\/span><\/span><\/span><\/p>\n<p align=\"LEFT\"><span style=\"color: #222222;\"><span style=\"font-family: Arial, sans-serif;\"><span style=\"font-size: medium;\">Domenica circa 17 am ora locale, un veicolo di marca &#8220;Fuso&#8221; di Goma scarico attrezzature nel recinto della Sala del Regno dei Testimoni di Geova di Kasabinyole quando i giovani del quartiere circondato il veicolo.\u00a0Senza formalmente identificare il loro informatore, ci hanno detto che hanno imparato che il camion conteneva machete e asce per un&#8217;impresa criminale.\u00a0Tensione acuta segu\u00ec tra i giovani e coloro che sono stati scaricando il veicolo.<\/span><\/span><\/span><\/p>\n<p align=\"LEFT\"><span style=\"font-family: Arial, sans-serif;\"><span style=\"font-size: medium;\"><span style=\"color: #222222;\">Il FARDC e la polizia \u00e8 dovuta intervenire per evitare che i giovani dando fuoco alla Sala del Regno dei Testimoni di Geova.\u00a0<\/span><span style=\"color: #222222;\"><br \/>\n<\/span><span style=\"color: #222222;\">A sua volta, fonti di sicurezza parlano piuttosto di un veicolo che trasportava diversi oggetti appartenenti ai Testimoni di Geova e ONG internazionale OXFAM.Secondo le stesse fonti, questo veicolo a partire da Domenica sera \u00e8 il motivo FARDC banco informazioni per le indagini.<\/span><\/span><\/span><\/p>\n<p align=\"LEFT\"><span style=\"color: #222222;\"><span style=\"font-family: Arial, sans-serif;\"><span style=\"font-size: medium;\">Secondo Kyangu Jacques, capo dei testimoni di Geova a Beni, il veicolo in questione \u00e8 stato caricato con Bibbie, libri e opuscoli per l&#8217;evangelizzazione biblica.\u00a0Cedar Kanani, direttore della ONG Oxfam \/ Beni dice che questo camion conteneva anche impianti idraulici per la realizzazione di opere idriche, igienico-sanitarie della citt\u00e0.<\/span><\/span><\/span><\/p>\n<p align=\"LEFT\"><span style=\"color: #222222;\"><span style=\"font-family: Arial, sans-serif;\"><span style=\"font-size: medium;\">Pi\u00f9 di 300 persone sono state uccise negli ultimi sei territorio di Beni, spesso a colpi di machete, secondo un rapporto preparato dalle autorit\u00e0 provinciali.Questi massacri ripetuti sono spesso attribuiti ai ribelli ugandesi ADF attivi in \u200b\u200bquesta regione.<\/span><\/span><\/span><\/p>\n<p align=\"LEFT\"><span style=\"color: #222222;\"><span style=\"font-family: Arial, sans-serif;\"><span style=\"font-size: medium;\">La scorsa settimana, i residenti di diverse localit\u00e0 Beni seguito la serie &#8220;citt\u00e0 morte&#8221;, lanciato dalla societ\u00e0 civile per protestare contro l&#8217;azione delle autorit\u00e0 contro l&#8217;insicurezza che ritiene inefficiente.<\/span><\/span><\/span><\/p>\n<p align=\"LEFT\"><span style=\"color: #000080;\"><span lang=\"zxx\"><span style=\"text-decoration: underline;\"><span style=\"color: #222222; text-decoration: underline;\"><span style=\"font-family: Arial, sans-serif;\"><span style=\"font-size: medium;\"><span style=\"color: #0000ff;\"><strong><a style=\"color: #0000ff; text-decoration: underline;\" href=\"http:\/\/radiookapi.net\/actualite\/2015\/05\/18\/beni-des-jeunes-interceptent-camion-suspecte-de-transporter-des-machettes\/\">http:\/\/radiookapi.net\/actualite\/2015\/05\/18\/beni-des-jeunes-interceptent-camion-suspecte-de-transporter-des-machettes\/<\/a><\/strong><\/span> (traduzione automatica google)<\/span><\/span><\/span><\/span><\/span><\/span><\/p>\n<p style=\"text-align: center;\"><a href=\"http:\/\/www.roccopoliti.it\/wp-content\/uploads\/2015\/04\/LOGO2.jpg\"><img loading=\"lazy\" decoding=\"async\" class=\"alignnone size-full wp-image-10617\" src=\"http:\/\/www.roccopoliti.it\/wp-content\/uploads\/2015\/04\/LOGO2.jpg\" alt=\"LOGO2\" width=\"1920\" height=\"321\" \/><\/a><\/p>\n<h2 align=\"LEFT\"><span style=\"color: #ff0000;\"><strong><span style=\"font-family: Arial, sans-serif;\"><span style=\"font-size: large;\"><span style=\"font-family: Arial, sans-serif;\"><span style=\"font-size: medium;\">Quo Vadis a.p.s. di Modena sta ricevendo molte vostre segnalazioni di notizie, link e esperienze personali.<\/span><\/span><\/span><\/span><\/strong><\/span><\/h2>\n<h2 style=\"text-align: center;\" align=\"LEFT\"><span style=\"color: #0000ff;\"><strong><span style=\"font-family: Arial, sans-serif;\"><span style=\"font-size: large;\"><span style=\"font-family: Arial, sans-serif;\"><span style=\"font-size: medium;\">VI RINGRAZIAMO<\/span><\/span><\/span><\/span><\/strong><\/span><\/h2>\n<h2 style=\"text-align: center;\" align=\"LEFT\"><span style=\"color: #0000ff;\"><strong><span style=\"font-family: Arial, sans-serif;\"><span style=\"font-size: large;\"><span style=\"font-family: Arial, sans-serif;\"><span style=\"font-size: medium;\">PER IL VOSTRO SOSTEGNO,<\/span><\/span><\/span><\/span><\/strong><\/span><\/h2>\n<h2 style=\"text-align: center;\" align=\"LEFT\"><span style=\"color: #0000ff;\"><strong><span style=\"font-family: Arial, sans-serif;\"><span style=\"font-size: large;\"><span style=\"font-family: Arial, sans-serif;\"><span style=\"font-size: medium;\">E LA VOSTRA FIDUCIA.<\/span><\/span><\/span><\/span><\/strong><\/span><\/h2>\n<h2><\/h2>\n<h2><span style=\"color: #000000;\"><span style=\"font-family: Arial, sans-serif;\"><span style=\"font-size: large;\">Potete scrivere a:\u00a0<\/span><\/span><\/span><strong><a href=\"mailto:quovadis.aps@gmail.com\"><span style=\"color: #0000ff;\"><span style=\"font-family: Arial, sans-serif;\"><span style=\"font-size: x-large;\"><span style=\"text-decoration: underline;\"><b>quovadis.aps@gmail.com<\/b><\/span><\/span><\/span><\/span><\/a><\/strong><span style=\"color: #000000;\"><span style=\"font-family: Arial, sans-serif;\"><span style=\"font-size: large;\">\u00a0oppure a:\u00a0<\/span><\/span><\/span><strong><a href=\"mailto:politi.rocco@gmail.com\"><span style=\"color: #0000ff;\"><span style=\"font-family: Arial, sans-serif;\"><span style=\"font-size: x-large;\"><span style=\"text-decoration: underline;\"><b>politi.rocco@gmail.com<\/b><\/span><\/span><\/span><\/span><\/a><\/strong><span style=\"color: #000000;\"><span style=\"font-family: Arial, sans-serif;\"><span style=\"font-size: large;\">\u00a0oppure scrivere per posta ordinaria a:\u00a0<\/span><\/span><\/span><\/h2>\n<h2><strong><span style=\"color: #0000ff;\"><span style=\"font-family: Arial, sans-serif;\"><span style=\"font-size: x-large;\"><b>Quo Vadis a.p.s. via Toniolo 110\/1 41122 Modena<\/b><\/span><\/span><\/span><\/strong><\/h2>\n<p style=\"text-align: center;\" align=\"LEFT\"><strong><span style=\"color: #ff0000;\"><span style=\"font-family: Arial, sans-serif;\"><span style=\"font-size: large;\"><b>GRAZIE A TUTTI PER LA COLLABORAZIONE.<\/b><\/span><\/span><\/span><\/strong><\/p>\n<p><a href=\"http:\/\/www.roccopoliti.it\/wp-content\/uploads\/2014\/09\/Q-QUO-VADIS-FB21.jpg\"><img loading=\"lazy\" decoding=\"async\" src=\"http:\/\/www.roccopoliti.it\/wp-content\/uploads\/2014\/09\/Q-QUO-VADIS-FB21.jpg\" alt=\"Q-QUO-VADIS-FB21\" width=\"1000\" height=\"379\" \/><\/a><\/p>\n<h2 style=\"text-align: center;\" align=\"LEFT\"><span style=\"color: #ff0000;\"><strong>Sostenete la pagina di QUO Vadis a.p.s.<\/strong><\/span><\/h2>\n<h2 style=\"text-align: center;\" align=\"LEFT\"><span style=\"color: #ff0000;\"><strong>cliccate mi piace su<\/strong><\/span><\/h2>\n<h2 style=\"text-align: center;\" align=\"LEFT\"><span style=\"color: #0000ff;\"><strong>&gt;&gt;\u00a0<a style=\"color: #0000ff;\" href=\"https:\/\/www.facebook.com\/quovadisaps\">https:\/\/www.facebook.com\/quovadisaps<\/a>\u00a0&lt;&lt;<\/strong><\/span><\/h2>\n<h2 style=\"text-align: center;\" align=\"LEFT\"><span style=\"color: #0000ff;\"><strong><span style=\"color: #ff0000;\">&lt;&lt;&lt;&lt;&lt; \u00a0 &gt;&gt;&gt;&gt;&gt;<\/span><\/strong><\/span><\/h2>\n<h2 style=\"text-align: center;\" align=\"CENTER\"><span style=\"color: #0000ff;\">\u00a0quovadis.aps@gmail.com<\/span><\/h2>\n<h2 style=\"text-align: center;\" align=\"CENTER\"><span style=\"color: #0000ff;\">telefono \u00a0392 1539014<\/span><\/h2>\n<p style=\"text-align: left;\" align=\"LEFT\"><span style=\"text-decoration: underline;\"><span style=\"color: #993300;\"><strong><em><span style=\"font-family: Arial, sans-serif;\"><span style=\"font-size: medium;\">Avviso: Ci scusiamo per eventuali errori. La traduzione non \u00e8 stata realizzata da traduttori professionisti.<\/span><\/span><\/em><\/strong><\/span><\/span><\/p>\n<p style=\"text-align: left;\" align=\"LEFT\"><span style=\"text-decoration: underline;\"><strong><span style=\"color: #993300;\"><em><span style=\"font-family: Verdana, Arial, Helvetica, sans-serif;\"><span style=\"font-size: medium;\">Gli articoli apparsi su questo blog possono essere riprodotti liberamente, sia in formato elettronico che su carta, a condizione che non si cambi nulla e che si specifichi la fonte.<\/span><\/span><\/em><\/span><\/strong><\/span><\/p>\n","protected":false},"excerpt":{"rendered":"<p>Beni: camion sospetto di trasportare machete &nbsp; Una grande tensione regnava Domenica 17 maggio in serata al quartiere Kasabinyole della citt\u00e0 Mulekera, nel centro di Beni (Nord Kivu).\u00a0Secondo fonti locali, i giovani dicono di aver intercettato nella motivazione della Sala del Regno dei Testimoni di Geova un veicolo che trasportava machete e gli assi che [&hellip;]<\/p>\n","protected":false},"author":1,"featured_media":0,"comment_status":"closed","ping_status":"open","sticky":false,"template":"","format":"standard","meta":{"footnotes":""},"categories":[270],"tags":[],"class_list":["post-11054","post","type-post","status-publish","format-standard","hentry","category-notizia"],"views":2841,"_links":{"self":[{"href":"https:\/\/www.roccopoliti.it\/index.php?rest_route=\/wp\/v2\/posts\/11054","targetHints":{"allow":["GET"]}}],"collection":[{"href":"https:\/\/www.roccopoliti.it\/index.php?rest_route=\/wp\/v2\/posts"}],"about":[{"href":"https:\/\/www.roccopoliti.it\/index.php?rest_route=\/wp\/v2\/types\/post"}],"author":[{"embeddable":true,"href":"https:\/\/www.roccopoliti.it\/index.php?rest_route=\/wp\/v2\/users\/1"}],"replies":[{"embeddable":true,"href":"https:\/\/www.roccopoliti.it\/index.php?rest_route=%2Fwp%2Fv2%2Fcomments&post=11054"}],"version-history":[{"count":4,"href":"https:\/\/www.roccopoliti.it\/index.php?rest_route=\/wp\/v2\/posts\/11054\/revisions"}],"predecessor-version":[{"id":11059,"href":"https:\/\/www.roccopoliti.it\/index.php?rest_route=\/wp\/v2\/posts\/11054\/revisions\/11059"}],"wp:attachment":[{"href":"https:\/\/www.roccopoliti.it\/index.php?rest_route=%2Fwp%2Fv2%2Fmedia&parent=11054"}],"wp:term":[{"taxonomy":"category","embeddable":true,"href":"https:\/\/www.roccopoliti.it\/index.php?rest_route=%2Fwp%2Fv2%2Fcategories&post=11054"},{"taxonomy":"post_tag","embeddable":true,"href":"https:\/\/www.roccopoliti.it\/index.php?rest_route=%2Fwp%2Fv2%2Ftags&post=11054"}],"curies":[{"name":"wp","href":"https:\/\/api.w.org\/{rel}","templated":true}]}}