{"id":2208,"date":"2013-08-21T21:31:09","date_gmt":"2013-08-21T19:31:09","guid":{"rendered":"http:\/\/www.roccopoliti.it\/?p=2208"},"modified":"2013-08-26T00:49:40","modified_gmt":"2013-08-25T22:49:40","slug":"quo-vadis-a-p-s-modena-partecipera-allintervista-di-presentazione-del-convegno-di-arte-terapia-in-francia","status":"publish","type":"post","link":"https:\/\/www.roccopoliti.it\/?p=2208","title":{"rendered":"Quo Vadis  A.P.S.  Modena parteciper\u00e0 all&#8217;intervista di presentazione del convegno di arte terapia in Francia."},"content":{"rendered":"<h1 style=\"text-align: center;\"><a href=\"http:\/\/www.roccopoliti.it\/wp-content\/uploads\/2013\/08\/603323_374714245985336_194342599_a.png\"><img loading=\"lazy\" decoding=\"async\" class=\"alignnone size-full wp-image-2063\" alt=\"603323_374714245985336_194342599_a\" src=\"http:\/\/www.roccopoliti.it\/wp-content\/uploads\/2013\/08\/603323_374714245985336_194342599_a.png\" width=\"160\" height=\"160\" \/><\/a><\/h1>\n<h1 style=\"text-align: center;\"><\/h1>\n<p align=\"JUSTIFY\">\u201c<b>Quo Vadis associazione di promozione sociale<\/b><\/p>\n<p align=\"JUSTIFY\"><b>Associazione per l&#8217;aiuto alle vittime dell&#8217;ostracismo dei movimenti religiosi alternativi devianti&#8221;<\/b><\/p>\n<p align=\"JUSTIFY\">L\u2019Associazione ha per scopo l\u2019elaborazione, promozione, realizzazione di progetti di solidariet\u00e0 sociale, tra cui l\u2019attuazione di iniziative socio-educative e culturali e la protezione dei diritti fondamentali della persona, quali la libert\u00e0 religiosa e la capacit\u00e0 di autodeterminazione.<\/p>\n<p align=\"JUSTIFY\">A tal fine assiste le persone colpite da violenze psicofisiche cagionate da ogni forma di plagio, manipolazione, in particolare se operate da organizzazioni pseudoreligiose, devianti o strutturate sotto forma di setta.<\/p>\n<p align=\"JUSTIFY\">L&#8217;associazione \u00e8 aconfessionale e apartitica.<\/p>\n<p align=\"JUSTIFY\">In nessun modo l\u2019adesione ad un cammino di fede o a un movimento politico pu\u00f2 essere inteso come requisito per la partecipazione all\u2019attivit\u00e0 sociale; tuttavia l\u2019associazione ritiene preziosi interlocutori le comunit\u00e0 cristiane del territorio.<\/p>\n<p align=\"JUSTIFY\">Infatti lo spirito e la prassi dell\u2019associazione trovano origine nel rispetto dei principi cristiani che hanno ispirato l\u2019associazione stessa e si fondano sul pieno rispetto della dimensione umana, culturale, spirituale della persona, nella convinzione che gli esseri umani debbano essere immuni dalla coercizione da parte dei singoli individui, di gruppi sociali e di qualsivoglia potere, cos\u00ec che in materia religiosa nessuno sia forzato ad agire contro la sua coscienza n\u00e9 sia impedito, entro debiti limiti, di agire in conformit\u00e0 ad essa.<\/p>\n<h3 style=\"text-align: center;\"><strong><span style=\"color: #0000ff;\">email: \u00a0 \u00a0\u00a0<\/span><span style=\"text-decoration: underline;\"><span style=\"color: #0000ff; text-decoration: underline;\">quovadis.aps@gmail.com<\/span><\/span><\/strong><\/h3>\n<h3 style=\"text-align: center;\"><span style=\"text-decoration: underline;\"><span style=\"color: #0000ff; text-decoration: underline;\">\u00a0<a href=\"http:\/\/www.quovadisaps.org\/\"><span style=\"color: #0000ff; text-decoration: underline;\">www.quovadisaps.org<\/span><\/a><\/span><\/span><\/h3>\n<h3 style=\"text-align: center;\" align=\"LEFT\"><span style=\"text-decoration: underline;\"><span style=\"color: #0000ff; text-decoration: underline;\">\u00a0<a href=\"https:\/\/www.facebook.com\/quovadisaps\"><span style=\"color: #0000ff; text-decoration: underline;\">https:\/\/www.facebook.com\/quovadisaps<\/span><\/a><\/span><\/span><\/h3>\n<h1 style=\"text-align: center;\"><span style=\"text-decoration: underline; color: #ff0000;\"><strong><span><span style=\"font-family: Arial, sans-serif;\"><span style=\"font-size: x-large;\">Quo Vadis A.P.S. Modena\u00a0<\/span><\/span><\/span><\/strong><\/span><\/h1>\n<h1 style=\"text-align: center;\"><span style=\"text-decoration: underline; color: #ff0000;\"><strong><span style=\"text-decoration: underline;\"><span style=\"font-family: Arial, sans-serif;\"><span style=\"font-size: x-large;\">parteciper\u00e0 all&#8217;intervista di presentazione\u00a0<\/span><\/span><\/span><\/strong><\/span><\/h1>\n<h1 style=\"text-align: center;\"><span style=\"text-decoration: underline; color: #ff0000;\"><strong><span style=\"text-decoration: underline;\"><span style=\"font-family: Arial, sans-serif;\"><span style=\"font-size: x-large;\">del convegno\u00a0<\/span><\/span><\/span><\/strong><\/span><\/h1>\n<h1 style=\"text-align: center;\"><span style=\"text-decoration: underline; color: #ff0000;\"><strong><span style=\"text-decoration: underline;\"><span style=\"font-family: Arial, sans-serif;\"><span style=\"font-size: x-large;\">di arte terapia\u00a0<\/span><\/span><\/span><\/strong><\/span><\/h1>\n<h1 style=\"text-align: center;\"><span style=\"text-decoration: underline; color: #ff0000;\"><strong><span style=\"text-decoration: underline;\"><span style=\"font-family: Arial, sans-serif;\"><span style=\"font-size: x-large;\">in Francia. <\/span><\/span><\/span><\/strong><\/span><\/h1>\n<p style=\"text-align: center;\">\u00a0<a href=\"http:\/\/www.roccopoliti.it\/wp-content\/uploads\/2013\/08\/logo320.gif\"><img loading=\"lazy\" decoding=\"async\" class=\"alignnone size-full wp-image-2209\" alt=\"logo320\" src=\"http:\/\/www.roccopoliti.it\/wp-content\/uploads\/2013\/08\/logo320.gif\" width=\"320\" height=\"280\" \/><\/a><\/p>\n<h1 style=\"text-align: center;\"><span style=\"text-decoration: underline;\"><strong><span style=\"color: #0000ff; text-decoration: underline;\">\u00a0INVITO<\/span><\/strong><\/span><\/h1>\n<p>&nbsp;<\/p>\n<p><span style=\"color: #222222;\"><span style=\"font-family: Arial, sans-serif;\"><span style=\"font-size: medium;\">Buongiorno Rocco Politi ,<\/span><\/span><\/span><\/p>\n<p><span style=\"color: #222222;\"><span style=\"font-family: Arial, sans-serif;\"><span style=\"font-size: medium;\">Presidente della Associazione QUO VADIS<\/span><\/span><\/span><\/p>\n<p><span style=\"color: #222222;\"><span style=\"font-family: Arial, sans-serif;\"><span style=\"font-size: medium;\">quale presidente della associazione di Arte Terapia \u00a0Arts-Corps-Ame\u00a0di Cluny Ville in Borgogna<\/span><\/span><\/span><\/p>\n<p><span style=\"color: #222222;\"><span style=\"font-family: Arial, sans-serif;\"><span style=\"font-size: medium;\">sono lieta di invitarLa a partecipare alla\u00a0Intervista con il giornale francese<\/span><\/span><\/span><\/p>\n<p><span style=\"color: #222222;\"><span style=\"font-family: Arial, sans-serif;\"><span style=\"font-size: medium;\">JOURNAL SA\u00d6NE et\u00a0LOIRE<br \/>\navendo da Lei ricevuto la interrogazione Parlamentare del Senato Italiano sulle politiche preventive ad ispirazione del Modello Francese\u00a0per i danni sociali alle persone ed ai gruppi da parte di organismi devianti .<\/span><\/span><\/span><\/p>\n<p><span style=\"color: #222222;\"><span style=\"font-family: Arial, sans-serif;\"><span style=\"font-size: medium;\">Le chiedo di inviarmi il suo statuto in lingua italiana con l&#8217;oggetto dell&#8217;attivit\u00e0 della sua associazione per meglio collaborare e le indico alcuni punti di cui si parler\u00e0 :<\/span><\/span><\/span><\/p>\n<p><span style=\"color: #222222;\"><span style=\"font-family: Arial, sans-serif;\"><span style=\"font-size: medium;\">1) Quante persone si rivolgono a Lei e con quali mezzi , internet o telefonicalmente ;<\/span><\/span><\/span><\/p>\n<p><span style=\"color: #222222;\"><span style=\"font-family: Arial, sans-serif;\"><span style=\"font-size: medium;\">2) In vuoto legislativo ed assistenziale in Italia<\/span><\/span><\/span><\/p>\n<p><span style=\"color: #222222;\"><span style=\"font-family: Arial, sans-serif;\"><span style=\"font-size: medium;\">3) I costi in Italia<\/span><\/span><\/span><\/p>\n<p><span style=\"color: #222222;\"><span style=\"font-family: Arial, sans-serif;\"><span style=\"font-size: medium;\">4) Gli effetti a livello familiare \u00a0sociale e psicologico che attualmente ci sono come conseguenza del vuoto normativo<br \/>\n<\/span><\/span><\/span><\/p>\n<p><span style=\"color: #222222;\"><span style=\"font-family: Arial, sans-serif;\"><span style=\"font-size: medium;\">5) Quale \u00e9 la vostra richiesta\u00a0 di aiuto a livello associativo e di richiesta din collaborazione europea .<\/span><\/span><\/span><\/p>\n<h3><strong>Sotto trover\u00e0 il comunicato stampa con i relatori del convegno di Ottobre e con possibile workshop per i partecipanti .<\/strong><\/h3>\n<p>&nbsp;<\/p>\n<p><span style=\"color: #222222;\"><span style=\"font-family: Arial, sans-serif;\"><span style=\"font-size: medium;\">Cordiali Saluti<\/span><\/span><\/span><\/p>\n<p><span style=\"color: #222222;\"><span style=\"font-family: Arial, sans-serif;\"><span style=\"font-size: medium;\">Anna Rita Bortolamasi<\/span><\/span><\/span><\/p>\n<p><span style=\"color: #222222;\"><span style=\"font-family: Arial, sans-serif;\"><span style=\"font-size: medium;\">Art-Th\u00e9rapeute francese<\/span><\/span><\/span><\/p>\n<p><span style=\"color: #222222;\"><span style=\"font-family: Arial, sans-serif;\"><span style=\"font-size: medium;\">Arte terapeta italiana\u00a0<\/span><\/span><\/span><\/p>\n<p><span style=\"color: #222222;\"><span style=\"font-family: Arial, sans-serif;\"><span style=\"font-size: medium;\">presidente arts-corps-ame association<br \/>\n<\/span><\/span><\/span><\/p>\n<p><span style=\"color: #222222;\"><span style=\"font-family: Arial, sans-serif;\"><span style=\"font-size: medium;\">\u00a0<\/span><\/span><\/span><\/p>\n<hr \/>\n<p><span style=\"color: #222222;\"><span style=\"font-family: Arial, sans-serif;\"><span style=\"font-size: medium;\"><br \/>\nComunicato stampa :<\/span><\/span><\/span><\/p>\n<blockquote><p><span style=\"color: #222222;\"><span style=\"font-family: Arial, sans-serif;\"><span style=\"font-size: medium;\"><br \/>\nQuota di partecipazione\u00a0si chiede l&#8217;iscrizione alla associazione e di inviare mail;\u00a0<\/span><\/span><\/span><\/p><\/blockquote>\n<blockquote><p><span style=\"color: #222222;\">\u00a0<span style=\"font-family: Arial, sans-serif;\"><span style=\"font-size: medium;\">La organizzazione della conferenza di Arte terapia\u00a0 dal Titolo<\/span><\/span><\/span><\/p><\/blockquote>\n<blockquote><p><span style=\"color: #222222;\"><span style=\"font-family: Arial, sans-serif;\"><span style=\"font-size: medium;\"><span style=\"color: #0000ff;\">&#8221; L&#8217;ARTE\u00a0E \u00a0L&#8217;UOMO &#8211; CREAZIONE UNICA &#8220;<\/span>\u00a0a cura dalla Associazione:<\/span><\/span><\/span><\/p><\/blockquote>\n<blockquote><p><span style=\"color: #222222;\"><span style=\"font-family: Arial, sans-serif;\"><span style=\"font-size: medium;\">Arts-Corps-Ame di Cluny presso LA MAISON DES ECHEVINS\u00a0<\/span><\/span><\/span><a href=\"http:\/\/www.clunycheminsdeurope.org\/\" target=\"_blank\"><span style=\"color: #1155cc;\"><span style=\"font-family: Arial, sans-serif;\"><span style=\"font-size: medium;\">http:\/\/www.clunycheminsdeurope.org\/<\/span><\/span><\/span><\/a><\/p><\/blockquote>\n<blockquote><p><a href=\"http:\/\/marechal-senegal.net\/cluny-71\/\" target=\"_blank\"><span style=\"color: #1155cc;\"><span style=\"font-family: Arial, sans-serif;\"><span style=\"font-size: medium;\">http:\/\/marechal-senegal.net\/cluny-71\/<\/span><\/span><\/span><\/a><\/p><\/blockquote>\n<blockquote><p><span style=\"color: #222222;\"><span style=\"font-family: Arial, sans-serif;\"><span style=\"font-size: medium;\">per la data del 20 Ottobre 2013 orario pomeridiano da definire dopo il<\/span><\/span><\/span><\/p><\/blockquote>\n<blockquote><p><span style=\"color: #222222;\"><span style=\"font-family: Arial, sans-serif;\"><span style=\"font-size: medium;\">27 Agosto data del mio rientro\u00a0 In Italia prevede :<\/span><\/span><\/span><\/p><\/blockquote>\n<blockquote><p><span style=\"color: #222222;\">\u00a0<\/span><\/p><\/blockquote>\n<blockquote><p><span style=\"color: #0000ff;\"><span style=\"font-family: Arial, sans-serif;\"><span style=\"font-size: medium;\">Introduzione<\/span><\/span><\/span><\/p><\/blockquote>\n<blockquote><p><span style=\"color: #0000ff;\"><span style=\"font-family: Arial, sans-serif;\"><span style=\"font-size: medium;\">N\u00a04 RELATORI ::\u00a0<\/span><\/span><\/span><\/p><\/blockquote>\n<blockquote><p><span style=\"color: #0000ff;\"><span style=\"font-family: Arial, sans-serif;\"><span style=\"font-size: medium;\">ERIC GIMBERT in Videoconferenza durata max 20 MINUTI presenta le scuole di\u00a0arte terapia in tutta la area Francofona ;<\/span><\/span><\/span><\/p><\/blockquote>\n<blockquote><p><span style=\"color: #0000ff;\"><span style=\"font-family: Arial, sans-serif;\"><span style=\"font-size: medium;\">Prof. STEFANO MAZZACURATI\u00a0 psichiatra\u00a0 interviene con<\/span><\/span><\/span><\/p><\/blockquote>\n<blockquote><p><span style=\"color: #222222;\"><span style=\"font-family: Arial, sans-serif;\"><span style=\"font-size: medium;\"><span style=\"color: #0000ff;\">&#8221; L&#8217;ARTE NELLA RELAZIONE DELLA\u00a0CURA &#8221;\u00a0 con casi clinici e la relazione con l&#8217;arte antica e la letterztua durata max. 45 minuti ;<\/span><\/span><\/span><\/span><\/p><\/blockquote>\n<blockquote><p><span style=\"color: #0000ff;\"><span style=\"font-family: Arial, sans-serif;\"><span style=\"font-size: medium;\">JACQUES CHAPEAUX psicanalista presenta : la Sublimazione \u00a0con l&#8217;\u00a0Arte e casi clinici &#8211; durata max.&#8217;40 minuti<\/span><\/span><\/span><\/p><\/blockquote>\n<blockquote><p><span style=\"color: #0000ff;\"><span style=\"font-family: Arial, sans-serif;\"><span style=\"font-size: medium;\">Dott.ssa ANNA RITA BORTOLAMASI arte terapeuta e presidente della associazione presenta VIDEO ARTE :<\/span><\/span><\/span><\/p><\/blockquote>\n<blockquote><p><span style=\"color: #0000ff;\"><span style=\"font-family: Arial, sans-serif;\"><span style=\"font-size: medium;\">I LEGAMI INVISIBILI &#8211; DREAMLY- la ricerca della luce e delle ombre nella materia ;durata max 20 minuti<\/span><\/span><\/span><\/p><\/blockquote>\n<blockquote><p><span style=\"color: #222222;\"><span style=\"font-family: Arial, sans-serif;\"><span style=\"font-size: medium;\"><span style=\"color: #0000ff;\">Al termine domande e risposte del pubblico <\/span>.<\/span><\/span><\/span><\/p><\/blockquote>\n<blockquote><p><span style=\"color: #222222;\">\u00a0<\/span><\/p><\/blockquote>\n<blockquote><p><span style=\"color: #222222;\"><span style=\"font-family: Arial, sans-serif;\"><span style=\"font-size: medium;\">Cordiali saluti<\/span><\/span><\/span><\/p><\/blockquote>\n<blockquote><p><span style=\"color: #222222;\"><span style=\"font-family: Arial, sans-serif;\"><span style=\"font-size: medium;\">Anna Rita Bortolamasi<\/span><\/span><\/span><\/p><\/blockquote>\n<blockquote><p><span style=\"color: #222222;\"><span style=\"font-family: Arial, sans-serif;\"><span style=\"font-size: medium;\">392.56.52.936<\/span><\/span><\/span><\/p><\/blockquote>\n<blockquote><p><span style=\"color: #222222;\"><span style=\"font-family: Arial, sans-serif;\"><span style=\"font-size: medium;\">presidente association arts-corps-ame<\/span><\/span><\/span><\/p><\/blockquote>\n<p>&nbsp;<\/p>\n","protected":false},"excerpt":{"rendered":"<p>\u201cQuo Vadis associazione di promozione sociale Associazione per l&#8217;aiuto alle vittime dell&#8217;ostracismo dei movimenti religiosi alternativi devianti&#8221; L\u2019Associazione ha per scopo l\u2019elaborazione, promozione, realizzazione di progetti di solidariet\u00e0 sociale, tra cui l\u2019attuazione di iniziative socio-educative e culturali e la protezione dei diritti fondamentali della persona, quali la libert\u00e0 religiosa e la capacit\u00e0 di autodeterminazione. A [&hellip;]<\/p>\n","protected":false},"author":1,"featured_media":2063,"comment_status":"closed","ping_status":"open","sticky":false,"template":"","format":"standard","meta":{"footnotes":""},"categories":[73,2,36],"tags":[],"class_list":["post-2208","post","type-post","status-publish","format-standard","has-post-thumbnail","hentry","category-convegni-internazionali","category-interviste","category-rocco-politi"],"views":5313,"_links":{"self":[{"href":"https:\/\/www.roccopoliti.it\/index.php?rest_route=\/wp\/v2\/posts\/2208","targetHints":{"allow":["GET"]}}],"collection":[{"href":"https:\/\/www.roccopoliti.it\/index.php?rest_route=\/wp\/v2\/posts"}],"about":[{"href":"https:\/\/www.roccopoliti.it\/index.php?rest_route=\/wp\/v2\/types\/post"}],"author":[{"embeddable":true,"href":"https:\/\/www.roccopoliti.it\/index.php?rest_route=\/wp\/v2\/users\/1"}],"replies":[{"embeddable":true,"href":"https:\/\/www.roccopoliti.it\/index.php?rest_route=%2Fwp%2Fv2%2Fcomments&post=2208"}],"version-history":[{"count":12,"href":"https:\/\/www.roccopoliti.it\/index.php?rest_route=\/wp\/v2\/posts\/2208\/revisions"}],"predecessor-version":[{"id":2292,"href":"https:\/\/www.roccopoliti.it\/index.php?rest_route=\/wp\/v2\/posts\/2208\/revisions\/2292"}],"wp:featuredmedia":[{"embeddable":true,"href":"https:\/\/www.roccopoliti.it\/index.php?rest_route=\/wp\/v2\/media\/2063"}],"wp:attachment":[{"href":"https:\/\/www.roccopoliti.it\/index.php?rest_route=%2Fwp%2Fv2%2Fmedia&parent=2208"}],"wp:term":[{"taxonomy":"category","embeddable":true,"href":"https:\/\/www.roccopoliti.it\/index.php?rest_route=%2Fwp%2Fv2%2Fcategories&post=2208"},{"taxonomy":"post_tag","embeddable":true,"href":"https:\/\/www.roccopoliti.it\/index.php?rest_route=%2Fwp%2Fv2%2Ftags&post=2208"}],"curies":[{"name":"wp","href":"https:\/\/api.w.org\/{rel}","templated":true}]}}